{"id":307820,"date":"2026-07-31T07:09:13","date_gmt":"2026-07-31T07:09:13","guid":{"rendered":"https:\/\/www.europesays.com\/no\/307820\/"},"modified":"2026-07-31T07:09:13","modified_gmt":"2026-07-31T07:09:13","slug":"brann-stanset-sorlandschips-produksjonen","status":"publish","type":"post","link":"https:\/\/www.europesays.com\/no\/307820\/","title":{"rendered":"Brann stanset S\u00f8rlandschips-produksjonen"},"content":{"rendered":"\n<p class=\"_lead_145nj_2 _lead_6fko5_53 layout-component text-serif-m layout-normal text-serif-l layout-component layout-wide layout-padded _wide_17hqh_1 layout-padded\">En brann i ventilasjonsanlegget f\u00f8rte til produksjonsstans fredag.<\/p>\n<p><img alt=\" Foto: Jan Petter Lynau \/ VG\" class=\"_image_jw3bv_65 layout-component layout-wide\" data-fullscreen- data-track-element-type=\"Article image fullscreen\" data-track-name=\"ImageFullscreen\" fetchpriority=\"high\" decoding=\"sync\" loading=\"eager\" height=\"2288\" itemprop=\"image\"  src=\"https:\/\/www.europesays.com\/no\/wp-content\/uploads\/2026\/07\/b55b0484-e253-3427-915d-301abbdd913a.jpeg\"  style=\"object-position:0% 0%\" width=\"3432\"\/> Foto: Jan Petter Lynau \/ VG<\/p>\n<ul aria-hidden=\"true\" class=\"_images_ntbth_112\">\n<li><a class=\"_link_ntbth_117\" href=\"https:\/\/www.vg.no\/forfatter\/ntb\" style=\"z-index:1\" title=\"NTB\" rel=\"nofollow noopener\" target=\"_blank\"><img alt=\"Bilde av NTB\" class=\"_image_ntbth_93\" fetchpriority=\"low\" loading=\"lazy\" decoding=\"async\" itemprop=\"image\"  src=\"https:\/\/www.europesays.com\/no\/wp-content\/uploads\/2026\/07\/1785481751_662_c33980b0-5d07-4027-84a1-813f90a7c8d6.jpeg\"  width=\"480\"\/><\/a><\/li>\n<\/ul>\n<p> Oppdatert fredag 31. juli kl. 08:40     <\/p>\n<p class=\"_paragraph_145nj_4 _paragraph_6fko5_10 layout-component text-serif-m layout-normal text-serif-m layout-padded\">\u2013 Ingen personer ble skadet, og produksjonsanlegget har heller ikke f\u00e5tt skader. Produksjonen blir stanset fredag for \u00e5 t\u00f8rke opp etter slukkearbeidet. Mandag skal produksjonen v\u00e6re i gang igjen, sier samfunns- og myndighetskontakt i <a href=\"https:\/\/www.vg.no\/tag\/soerlandschips?utm_source=vg-article&amp;utm_medium=auto-tagger&amp;utm_campaign=Gx6XdJ\" class=\"_link_145nj_39\" rel=\"nofollow noopener\" target=\"_blank\">S\u00f8rlandschips<\/a> Sofie Orhaug-Rygh til\u00a0<a href=\"https:\/\/www.fvn.no\/nyheter\/lokalt\/i\/vr9GPj\/brann-hos-soerlandschips-i-natt\" class=\"_link_145nj_39\" rel=\"nofollow noopener\" target=\"_blank\">F\u00e6drelandsvennen<\/a>.<\/p>\n<p class=\"_paragraph_145nj_4 _paragraph_6fko5_10 layout-component text-serif-m layout-normal text-serif-m layout-padded\">Rygh beskriver hendelsen som en mindre pipebrann som raskt ble slukket.<\/p>\n<p class=\"_paragraph_145nj_4 _paragraph_6fko5_10 layout-component text-serif-m layout-normal text-serif-m layout-padded\">To personer som muligens hadde f\u00e5tt i seg r\u00f8yk, ble unders\u00f8kt av helsepersonell p\u00e5 stedet.<\/p>\n<p class=\"_paragraph_145nj_4 _paragraph_6fko5_10 layout-component text-serif-m layout-normal text-serif-m layout-padded\">Politiet meldte om brannen ved anlegget i Kristiansand kommune klokken 3.13.<\/p>\n<p>    <img decoding=\"async\" alt=\"Tips oss illustrasjon\" src=\"https:\/\/www.europesays.com\/no\/wp-content\/uploads\/2026\/07\/1785481753_973_pssst-small.webp\"\/>    <\/p>\n<p class=\"title-serif-s\">Har du tips?<\/p>\n<p class=\"text-sans-m\">Send oss informasjon, bilder eller video.<\/p>\n<p>  <a href=\"https:\/\/www.vg.no\/tips-oss\" rel=\"nofollow noopener\" target=\"_blank\"> Tips oss <\/a>      <\/p>\n","protected":false},"excerpt":{"rendered":"En brann i ventilasjonsanlegget f\u00f8rte til produksjonsstans fredag. Foto: Jan Petter Lynau \/ VG Oppdatert fredag 31. juli&hellip;\n","protected":false},"author":2,"featured_media":307821,"comment_status":"","ping_status":"","sticky":false,"template":"","format":"standard","meta":{"footnotes":"","_share_on_mastodon":"0"},"categories":[10],"tags":[31,20,21,24,25,15,22,23,13,30,28,29,14,16,23271,26,27],"class_list":["post-307820","post","type-post","status-publish","format-standard","has-post-thumbnail","category-norge","tag-breaking","tag-breaking-news","tag-breakingnews","tag-featured-news","tag-featurednews","tag-headlines","tag-latest-news","tag-latestnews","tag-news","tag-no","tag-norge","tag-norway","tag-nyheter","tag-overskrifter","tag-sorlandschips","tag-top-stories","tag-topstories"],"share_on_mastodon":{"url":"https:\/\/pubeurope.com\/@no\/117013339706147871","error":""},"_links":{"self":[{"href":"https:\/\/www.europesays.com\/no\/wp-json\/wp\/v2\/posts\/307820","targetHints":{"allow":["GET"]}}],"collection":[{"href":"https:\/\/www.europesays.com\/no\/wp-json\/wp\/v2\/posts"}],"about":[{"href":"https:\/\/www.europesays.com\/no\/wp-json\/wp\/v2\/types\/post"}],"author":[{"embeddable":true,"href":"https:\/\/www.europesays.com\/no\/wp-json\/wp\/v2\/users\/2"}],"replies":[{"embeddable":true,"href":"https:\/\/www.europesays.com\/no\/wp-json\/wp\/v2\/comments?post=307820"}],"version-history":[{"count":0,"href":"https:\/\/www.europesays.com\/no\/wp-json\/wp\/v2\/posts\/307820\/revisions"}],"wp:featuredmedia":[{"embeddable":true,"href":"https:\/\/www.europesays.com\/no\/wp-json\/wp\/v2\/media\/307821"}],"wp:attachment":[{"href":"https:\/\/www.europesays.com\/no\/wp-json\/wp\/v2\/media?parent=307820"}],"wp:term":[{"taxonomy":"category","embeddable":true,"href":"https:\/\/www.europesays.com\/no\/wp-json\/wp\/v2\/categories?post=307820"},{"taxonomy":"post_tag","embeddable":true,"href":"https:\/\/www.europesays.com\/no\/wp-json\/wp\/v2\/tags?post=307820"}],"curies":[{"name":"wp","href":"https:\/\/api.w.org\/{rel}","templated":true}]}}