{"id":307964,"date":"2026-07-31T10:00:18","date_gmt":"2026-07-31T10:00:18","guid":{"rendered":"https:\/\/www.europesays.com\/no\/307964\/"},"modified":"2026-07-31T10:00:18","modified_gmt":"2026-07-31T10:00:18","slug":"tiktok-profilen-sade-ny-programleder-i-nrk-unormal-og-baksnakk","status":"publish","type":"post","link":"https:\/\/www.europesays.com\/no\/307964\/","title":{"rendered":"TikTok-profilen Sade ny programleder i NRK Unormal og Baksnakk"},"content":{"rendered":"\n<p class=\"_lead_145nj_2 _lead_6fko5_53 layout-component text-serif-m layout-normal text-serif-l layout-component layout-wide layout-padded _wide_17hqh_1 layout-padded\">NRK \u00ab\u00f8dela\u00bb eksamenslesingen med jobbtilbud rett f\u00f8r sommeren.<\/p>\n<p><img alt=\"TRIOEN: Som skal lede \u00abNRK Unormal\u00bb og podkasten \u00abBaksnakk\u00bb. Foto: Vegard T. Blakstad \/ NRK\" class=\"_image_jw3bv_65 layout-component layout-wide\" data-fullscreen- data-track-element-type=\"Article image fullscreen\" data-track-name=\"ImageFullscreen\" fetchpriority=\"high\" decoding=\"sync\" loading=\"eager\" height=\"4427\" itemprop=\"image\"  src=\"https:\/\/www.europesays.com\/no\/wp-content\/uploads\/2026\/07\/0e9a7363-97a2-3f88-9667-c1e6f0560357.jpeg\"  style=\"object-position:57.160066255082064% 55.31962954596792%\" width=\"6641\"\/>TRIOEN: Som skal lede \u00abNRK Unormal\u00bb og podkasten \u00abBaksnakk\u00bb. Foto: Vegard T. Blakstad \/ NRK<\/p>\n<ul aria-hidden=\"true\" class=\"_images_ntbth_112\">\n<li><a class=\"_link_ntbth_117\" href=\"https:\/\/www.vg.no\/forfatter\/ida-brun\" style=\"z-index:2\" title=\"Ida Brun\" rel=\"nofollow noopener\" target=\"_blank\"><img alt=\"Bilde av Ida Brun\" class=\"_image_ntbth_93\" fetchpriority=\"low\" loading=\"lazy\" decoding=\"async\" itemprop=\"image\"  src=\"https:\/\/www.europesays.com\/no\/wp-content\/uploads\/2026\/07\/1785492017_675_78bc21fe-8bc7-43e9-80ad-fe809ccc8aac.jpeg\"  width=\"480\"\/><\/a><\/li>\n<li><a class=\"_link_ntbth_117\" href=\"https:\/\/www.vg.no\/forfatter\/ntb\" style=\"z-index:1\" title=\"NTB\" rel=\"nofollow noopener\" target=\"_blank\"><img alt=\"Bilde av NTB\" class=\"_image_ntbth_93\" fetchpriority=\"low\" loading=\"lazy\" decoding=\"async\" itemprop=\"image\"  src=\"https:\/\/www.europesays.com\/no\/wp-content\/uploads\/2026\/07\/1785492017_805_c33980b0-5d07-4027-84a1-813f90a7c8d6.jpeg\"  width=\"480\"\/><\/a><\/li>\n<\/ul>\n<p> Oppdatert fredag 31. juli kl. 11:05    <\/p>\n<ul class=\"_list_145nj_3 _list_64s2r_85 _unordered_145nj_106 text-sans-m\">\n<li class=\"_item_145nj_30\">TikTok-stjernen Sade Karlsen (20) blir ny programleder for \u00abNRK Unormal\u00bb og podkasten \u00abBaksnakk\u00bb.<\/li>\n<li class=\"_item_145nj_30\">Karlsen fikk tilbudet midt under eksamenslesinga og gleder seg til \u00e5 starte.<\/li>\n<li class=\"_item_145nj_30\">Hun tar over for Zara Cecilie Leite, som har v\u00e6rt frontfigur i fem \u00e5r.<\/li>\n<li class=\"_item_145nj_30\">Podkasten \u00abBaksnakk\u00bb n\u00e5r over 50 000 lyttere ukentlig, med temaer som kropp, psykisk helse og identitet.<\/li>\n<\/ul>\n<p>Vis mer <\/p>\n<p class=\"_paragraph_145nj_4 _paragraph_6fko5_10 layout-component text-serif-m layout-normal text-serif-m layout-padded\">Sade Karlsen (20) er et kjent fjes p\u00e5 TikTok for mange unge, der hun deler morsomme og \u00e6rlige videoer til sine nesten 50 000 f\u00f8lgere. N\u00e5 blir hun det nye tilskuddet til \u00ab<a href=\"https:\/\/www.vg.no\/tag\/nrk?utm_source=vg-article&amp;utm_medium=auto-tagger&amp;utm_campaign=8pXLA2\" class=\"_link_145nj_39\" rel=\"nofollow noopener\" target=\"_blank\">NRK<\/a> Unormal\u00bb og podkasten \u00abBaksnakk\u00bb.<\/p>\n<p class=\"_paragraph_145nj_4 _paragraph_6fko5_10 layout-component text-serif-m layout-normal text-serif-m layout-padded\">\u2013 Jeg satt p\u00e5 skolen og pugget til eksamen da jeg fikk telefonen, og jeg klarte ikke \u00e5 fokusere s\u00e5 mye etter den beskjeden, sier Karlsen i en pressemelding. <\/p>\n<p class=\"_paragraph_145nj_4 _paragraph_6fko5_10 layout-component text-serif-m layout-normal text-serif-m layout-padded\">F\u00f8rste podkastepisode med Sade Karlsen kommer tirsdag 4. august.<\/p>\n<p><img alt=\"Sade Karlsen er for mange kjent fra TikTok, hvor hun deler morsomme og \u00e6rlige videoer.  Foto: Vegard Blakstad \/ NRK\" class=\"_image_jw3bv_65 layout-component layout-normal\" data-fullscreen- data-track-element-type=\"Article image fullscreen\" data-track-name=\"ImageFullscreen\" decoding=\"async\" loading=\"lazy\" height=\"864\" itemprop=\"image\"  src=\"https:\/\/www.europesays.com\/no\/wp-content\/uploads\/2026\/07\/0c68571b-21cf-3a64-83ca-0771138977c9.jpeg\"  style=\"object-position:57.638888888888886% 39.004629629629626%\" width=\"576\"\/>Sade Karlsen er for mange kjent fra TikTok, hvor hun deler morsomme og \u00e6rlige videoer.  Foto: Vegard Blakstad \/ NRK<\/p>\n<p class=\"_paragraph_145nj_4 _paragraph_6fko5_10 layout-component text-serif-m layout-normal text-serif-m layout-padded\">\u2013 Jeg gleder meg skikkelig mye til \u00e5 skape innhold med redaksjonen, og rett og slett til hverdagen i en jobb hvor jeg vet jeg kommer til \u00e5 stortrives, forteller Karlsen.<\/p>\n<p class=\"_paragraph_145nj_4 _paragraph_6fko5_10 layout-component text-serif-m layout-normal text-serif-m layout-padded\">20-\u00e5ringen fra Br\u00f8nn\u00f8ysund tar over for Zara Cecilie Leite (25), som forlater NRK etter fem \u00e5r som frontfigur for ungdomssuksessen.<\/p>\n<p class=\"_paragraph_145nj_4 _paragraph_6fko5_10 layout-component text-serif-m layout-normal text-serif-m layout-padded\">I midten av juli tok Leite farvel med publikum i sin siste episode av \u00abBaksnakk\u00bb.<\/p>\n<p class=\"_paragraph_145nj_4 _paragraph_6fko5_10 layout-component text-serif-m layout-normal text-serif-m layout-padded\">\u2013 Det f\u00f8les utrolig rart, men n\u00e5 starter jeg et nytt kapittel, sier Leite, som forteller at hun skal fortsette \u00e5 jobbe med innhold p\u00e5 sosiale medier.<\/p>\n<p class=\"_paragraph_145nj_4 _paragraph_6fko5_10 layout-component text-serif-m layout-normal text-serif-m layout-padded\">Milie Birkelund (23) fra Oslo og Sofie Eikeland (21) fra Kristiansand fortsetter som programledere for det popul\u00e6re ungdomsprosjektet.<\/p>\n<p class=\"_paragraph_145nj_4 _paragraph_6fko5_10 layout-component text-serif-m layout-normal text-serif-m layout-padded\">Remi Horgar, redaksjonssjef for podkast i NRK Tr\u00f8ndelag, er forn\u00f8yd med den nye trioen.<\/p>\n<p class=\"_paragraph_145nj_4 _paragraph_6fko5_10 layout-component text-serif-m layout-normal text-serif-m layout-padded\">\u2013 Sade er en frisk stemme som byr p\u00e5 seg selv. Det har hun vist b\u00e5de p\u00e5 sin egen TikTok-kanal og p\u00e5 audition. Hun er kjapp i replikken og har god kjemi med de andre programlederne, og det blir spennende \u00e5 se hva de finner p\u00e5 fremover.<\/p>\n<p class=\"_paragraph_145nj_4 _paragraph_6fko5_10 layout-component text-serif-m layout-normal text-serif-m layout-padded\">Podkasten Baksnakk har over 50 000 nedlastinger i uka og n\u00e5r hovedsakelig ten\u00e5ringer. Kanalen NRK Unormal har 3\u20134 millioner visninger i m\u00e5neden p\u00e5 TikTok. Kropp, psykisk helse og identitet er blant temaene som tas opp, og innholdet blir i stor grad formet av programledernes personlighet.<\/p>\n","protected":false},"excerpt":{"rendered":"NRK \u00ab\u00f8dela\u00bb eksamenslesingen med jobbtilbud rett f\u00f8r sommeren. TRIOEN: Som skal lede \u00abNRK Unormal\u00bb og podkasten \u00abBaksnakk\u00bb. Foto:&hellip;\n","protected":false},"author":2,"featured_media":307965,"comment_status":"","ping_status":"","sticky":false,"template":"","format":"standard","meta":{"footnotes":"","_share_on_mastodon":"0"},"categories":[10],"tags":[20,21,24,25,15,22,23,13,30,28,29,787,14,16,1270,2046,26,27],"class_list":["post-307964","post","type-post","status-publish","format-standard","has-post-thumbnail","category-norge","tag-breaking-news","tag-breakingnews","tag-featured-news","tag-featurednews","tag-headlines","tag-latest-news","tag-latestnews","tag-news","tag-no","tag-norge","tag-norway","tag-nrk","tag-nyheter","tag-overskrifter","tag-podkast","tag-tiktok","tag-top-stories","tag-topstories"],"share_on_mastodon":{"url":"https:\/\/pubeurope.com\/@no\/117014012580598246","error":""},"_links":{"self":[{"href":"https:\/\/www.europesays.com\/no\/wp-json\/wp\/v2\/posts\/307964","targetHints":{"allow":["GET"]}}],"collection":[{"href":"https:\/\/www.europesays.com\/no\/wp-json\/wp\/v2\/posts"}],"about":[{"href":"https:\/\/www.europesays.com\/no\/wp-json\/wp\/v2\/types\/post"}],"author":[{"embeddable":true,"href":"https:\/\/www.europesays.com\/no\/wp-json\/wp\/v2\/users\/2"}],"replies":[{"embeddable":true,"href":"https:\/\/www.europesays.com\/no\/wp-json\/wp\/v2\/comments?post=307964"}],"version-history":[{"count":0,"href":"https:\/\/www.europesays.com\/no\/wp-json\/wp\/v2\/posts\/307964\/revisions"}],"wp:featuredmedia":[{"embeddable":true,"href":"https:\/\/www.europesays.com\/no\/wp-json\/wp\/v2\/media\/307965"}],"wp:attachment":[{"href":"https:\/\/www.europesays.com\/no\/wp-json\/wp\/v2\/media?parent=307964"}],"wp:term":[{"taxonomy":"category","embeddable":true,"href":"https:\/\/www.europesays.com\/no\/wp-json\/wp\/v2\/categories?post=307964"},{"taxonomy":"post_tag","embeddable":true,"href":"https:\/\/www.europesays.com\/no\/wp-json\/wp\/v2\/tags?post=307964"}],"curies":[{"name":"wp","href":"https:\/\/api.w.org\/{rel}","templated":true}]}}