{"id":30814,"date":"2025-09-09T14:15:09","date_gmt":"2025-09-09T14:15:09","guid":{"rendered":"https:\/\/www.europesays.com\/no\/30814\/"},"modified":"2025-09-09T14:15:09","modified_gmt":"2025-09-09T14:15:09","slug":"house-of-the-dragon-stjerna-forandret-alt","status":"publish","type":"post","link":"https:\/\/www.europesays.com\/no\/30814\/","title":{"rendered":"\u00abHouse of the Dragon\u00bb-stjerna: \u2013 Forandret alt"},"content":{"rendered":"\n<p class=\"_lead_ew2ao_2 _lead_xtcu6_50 layout-component text-serif-m layout-normal text-serif-l layout-component layout-wide layout-padded _wide_17hqh_1 layout-padded\">Fabien Frankel (31) er aktuell i ny storsatsing fra skaperne av hitserie. <\/p>\n<p><img alt=\"Fabien Frankel p\u00e5 r\u00f8d l\u00f8per under et \u00abHouse of the Dragon\u00bb-arrangement i Los Angeles i 2023.  Foto: Willy Sanjuan \/ AP \/ NTB\" class=\"_image_qp4xg_65 layout-component layout-wide\" data-fullscreen- data-track-element-type=\"Article image fullscreen\" data-track-name=\"ImageFullscreen\" fetchpriority=\"high\" decoding=\"sync\" loading=\"eager\" height=\"4460\" itemprop=\"image\"  src=\"https:\/\/www.europesays.com\/no\/wp-content\/uploads\/2025\/09\/a35ac380-a7de-4987-98aa-f48c95aeebf8\"  style=\"object-position:0% 0%\" width=\"5741\"\/>Fabien Frankel p\u00e5 r\u00f8d l\u00f8per under et \u00abHouse of the Dragon\u00bb-arrangement i Los Angeles i 2023.  Foto: Willy Sanjuan \/ AP \/ NTB<\/p>\n<ul aria-hidden=\"true\" class=\"_images_1y6fe_106\">\n<li><a class=\"_link_1y6fe_111\" href=\"https:\/\/www.vg.no\/forfatter\/thor-benjamin-brekken\" style=\"z-index:1\" title=\"Benjamin Brekken\" rel=\"nofollow noopener\" target=\"_blank\"><img alt=\"Bilde av Benjamin Brekken\" class=\"_image_1y6fe_88\" fetchpriority=\"low\" loading=\"lazy\" decoding=\"async\" itemprop=\"image\"  src=\"https:\/\/www.europesays.com\/no\/wp-content\/uploads\/2025\/09\/1757427308_24_1729a004-83db-4715-83a1-201a2b6019bd\"  width=\"480\"\/><\/a><\/li>\n<\/ul>\n<p> Oppdatert tirsdag 9. september kl. 15:53     <\/p>\n<p class=\"_paragraph_ew2ao_4 _paragraph_xtcu6_10 layout-component text-serif-m layout-normal text-serif-m layout-padded\">\u2013 Det forandret egentlig alt, sier Fabien Frankel til VG. <\/p>\n<p class=\"_paragraph_ew2ao_4 _paragraph_xtcu6_10 layout-component text-serif-m layout-normal text-serif-m layout-padded\">Den britiske skuespilleren er aktuell i HBO Max-serien \u00abTask\u00bb, men folk flest kjenner ham sannsynligvis best som Ser Criston Cole i \u00abGame of Thrones\u00bb-spinoffen \u00abHouse of the Dragon\u00bb.<\/p>\n<p class=\"_paragraph_ew2ao_4 _paragraph_xtcu6_10 layout-component text-serif-m layout-normal text-serif-m layout-padded\">\u2013 Jeg vet ikke om jeg ville f\u00e5tt de samme mulighetene uten \u00abHouse of the Dragon\u00bb. Det er ikke sikkert jeg ville f\u00e5tt sjansen til \u00e5 v\u00e6re med i \u00abTask\u00bb uten den. Det forandret livet mitt og hele karrieren min. Jeg f\u00f8ler meg veldig takknemlig, forteller 31-\u00e5ringen. <\/p>\n<p class=\"_paragraph_ew2ao_4 _paragraph_xtcu6_10 layout-component text-serif-m layout-normal text-serif-m layout-padded\">F\u00f8r \u00abHouse of the Drago\u00bb var Frankel et relativt ubeskrevet blad, med mindre roller i noen f\u00e5 filmer og serier. <\/p>\n<p><img alt=\"RIDDER: Fabien Frankel som Ser Criston Cole i \u00abHouse of the Dragon\u00bb.  Foto: HBO Max\" class=\"_image_qp4xg_65 layout-component layout-normal\" data-fullscreen- data-track-element-type=\"Article image fullscreen\" data-track-name=\"ImageFullscreen\" decoding=\"async\" loading=\"lazy\" height=\"2156\" itemprop=\"image\"  src=\"https:\/\/www.europesays.com\/no\/wp-content\/uploads\/2025\/09\/d10e4fea-aeb0-4d70-a457-37d45ce11124\"  style=\"object-position:0% 0%\" width=\"2906\"\/>RIDDER: Fabien Frankel som Ser Criston Cole i \u00abHouse of the Dragon\u00bb.  Foto: HBO Max<\/p>\n<p class=\"_paragraph_ew2ao_4 _paragraph_xtcu6_10 layout-component text-serif-m layout-normal text-serif-m layout-padded\">\u00abTask\u00bb er den nye serien fra skaperne av det kritikerroste krimdramaet \u00abMare of Easttown\u00bb. VGs anmelder ga sistnevnte terningkast fem i sin tid og kalte det <a href=\"https:\/\/www.vg.no\/rampelys\/i\/wezneM\/tv-anmeldelse-mare-of-easttown-vaarens-mest-severdige-krim\" data-track-element-type=\"Link\" data-track-id=\"link:wezneM\" class=\"_link_ew2ao_39\" rel=\"nofollow noopener\" target=\"_blank\">v\u00e5rens mest severdige krim<\/a>. <\/p>\n<p class=\"_paragraph_ew2ao_4 _paragraph_xtcu6_10 layout-component text-serif-m layout-normal text-serif-m layout-padded\">I \u00abTask\u00bb spiller Frankel en FBI-agent i teamet til Hollywood-stjerna Mark Ruffalo. De skal finne de skyldige bak en rekke v\u00e6pnede ran mot narkohus i arbeiderklasseforstedene rundt Philadelphia.<\/p>\n<p class=\"_paragraph_ew2ao_4 _paragraph_xtcu6_10 layout-component text-serif-m layout-normal text-serif-m layout-padded\">P\u00e5 andre siden av dramaet st\u00e5r en tilsynelatende vanlig familiefar, hvor dystre hendelser i livet har g\u00e5tt utover hans moralske kompass. <\/p>\n<p><img alt=\"Mark Ruffalo og Fabien Frankel i \u00abTask\u00bb.  Foto: HBO Max \/ HBO Max\" class=\"_image_qp4xg_65 layout-component layout-normal\" data-fullscreen- data-track-element-type=\"Article image fullscreen\" data-track-name=\"ImageFullscreen\" decoding=\"async\" loading=\"lazy\" height=\"3979\" itemprop=\"image\"  src=\"https:\/\/www.europesays.com\/no\/wp-content\/uploads\/2025\/09\/1b959783-eb16-4c96-aa1d-7562329eac7c\"  style=\"object-position:0% 0%\" width=\"5376\"\/>Mark Ruffalo og Fabien Frankel i \u00abTask\u00bb.  Foto: HBO Max \/ HBO Max<\/p>\n<p class=\"_paragraph_ew2ao_4 _paragraph_xtcu6_10 layout-component text-serif-m layout-normal text-serif-m layout-padded\">Frankel forteller at det var mye l\u00f8ping i enkelte episoder, og at han m\u00e5tte ta grep for \u00e5 virke sliten foran kamera. Skal du starte en scene og vet at karakteren din har l\u00f8pt i ti minutter, kan du ikke virke helt uthvilt n\u00e5r du skal i aksjon. <\/p>\n<p class=\"_paragraph_ew2ao_4 _paragraph_xtcu6_10 layout-component text-serif-m layout-normal text-serif-m layout-padded\">\u2013 Det ble mye l\u00f8ping utenfor kamera, for \u00e5 si det s\u00e5nn. Jeg jogget rundt hele tiden. Jeg l\u00f8p rundt og rundt i en sirkel p\u00e5 en parkeringsplass, bare for \u00e5 bli andpusten nok, avsl\u00f8rer han. <\/p>\n<p> <img alt=\"Fabien Frankel i samtale med VG.   Foto: HBO Max \/ VG\" class=\"_image_qp4xg_65 layout-component layout-normal\" data-fullscreen- data-track-element-type=\"Article image fullscreen\" data-track-name=\"ImageFullscreen\" decoding=\"async\" loading=\"lazy\" height=\"1439\" itemprop=\"image\"  src=\"https:\/\/www.europesays.com\/no\/wp-content\/uploads\/2025\/09\/42e99b84-755b-4022-a000-28d797861eb4\"  style=\"object-position:0% 0%\" width=\"1424\"\/>Fabien Frankel i samtale med VG.   Foto: HBO Max \/ VG<\/p>\n<p class=\"_paragraph_ew2ao_4 _paragraph_xtcu6_10 layout-component text-serif-m layout-normal text-serif-m layout-padded\">\u00abTask\u00bb h\u00f8ster <a href=\"https:\/\/www.rottentomatoes.com\/tv\/task\/s01\/reviews\" class=\"_link_ew2ao_39\" rel=\"nofollow noopener\" target=\"_blank\">applaus fra internasjonale anmeldere<\/a>, og blir omtalt i rosende ordelag av blant andre The New York Times, Wall Street Journal, Time Magazine, Rolling Stone og Variety. <\/p>\n<p class=\"_paragraph_ew2ao_4 _paragraph_xtcu6_10 layout-component text-serif-m layout-normal text-serif-m layout-padded\">Konsensusen er at serien har psykologisk dybde, moralsk tvetydighet og godt utviklede karakterer, fortalt gjennom gode skuespillerprestasjoner. <\/p>\n<p class=\"_paragraph_ew2ao_4 _paragraph_xtcu6_10 layout-component text-serif-m layout-normal text-serif-m layout-padded\"><strong class=\"_strong_ew2ao_25\">Se flere saker fra film og serieverdenen:<\/strong><\/p>\n","protected":false},"excerpt":{"rendered":"Fabien Frankel (31) er aktuell i ny storsatsing fra skaperne av hitserie. Fabien Frankel p\u00e5 r\u00f8d l\u00f8per under&hellip;\n","protected":false},"author":2,"featured_media":30815,"comment_status":"","ping_status":"","sticky":false,"template":"","format":"standard","meta":{"footnotes":""},"categories":[58],"tags":[71,2740,4937,30,28,29,376,72],"class_list":{"0":"post-30814","1":"post","2":"type-post","3":"status-publish","4":"format-standard","5":"has-post-thumbnail","7":"category-underholdning","8":"tag-entertainment","9":"tag-hbo-max","10":"tag-house-of-the-dragon","11":"tag-no","12":"tag-norge","13":"tag-norway","14":"tag-tv-serier","15":"tag-underholdning"},"share_on_mastodon":{"url":"","error":""},"_links":{"self":[{"href":"https:\/\/www.europesays.com\/no\/wp-json\/wp\/v2\/posts\/30814","targetHints":{"allow":["GET"]}}],"collection":[{"href":"https:\/\/www.europesays.com\/no\/wp-json\/wp\/v2\/posts"}],"about":[{"href":"https:\/\/www.europesays.com\/no\/wp-json\/wp\/v2\/types\/post"}],"author":[{"embeddable":true,"href":"https:\/\/www.europesays.com\/no\/wp-json\/wp\/v2\/users\/2"}],"replies":[{"embeddable":true,"href":"https:\/\/www.europesays.com\/no\/wp-json\/wp\/v2\/comments?post=30814"}],"version-history":[{"count":0,"href":"https:\/\/www.europesays.com\/no\/wp-json\/wp\/v2\/posts\/30814\/revisions"}],"wp:featuredmedia":[{"embeddable":true,"href":"https:\/\/www.europesays.com\/no\/wp-json\/wp\/v2\/media\/30815"}],"wp:attachment":[{"href":"https:\/\/www.europesays.com\/no\/wp-json\/wp\/v2\/media?parent=30814"}],"wp:term":[{"taxonomy":"category","embeddable":true,"href":"https:\/\/www.europesays.com\/no\/wp-json\/wp\/v2\/categories?post=30814"},{"taxonomy":"post_tag","embeddable":true,"href":"https:\/\/www.europesays.com\/no\/wp-json\/wp\/v2\/tags?post=30814"}],"curies":[{"name":"wp","href":"https:\/\/api.w.org\/{rel}","templated":true}]}}