{"id":308412,"date":"2026-07-31T18:40:18","date_gmt":"2026-07-31T18:40:18","guid":{"rendered":"https:\/\/www.europesays.com\/no\/308412\/"},"modified":"2026-07-31T18:40:18","modified_gmt":"2026-07-31T18:40:18","slug":"begravelsesagent-domt-etter-skrekkfunn","status":"publish","type":"post","link":"https:\/\/www.europesays.com\/no\/308412\/","title":{"rendered":"Begravelsesagent d\u00f8mt etter skrekkfunn"},"content":{"rendered":"<p> Lederen for Ceuta, Juan Jes\u00fas Vivas,\u00a0opplyste fredag ettermiddag at anslagsvis 60 000 migranter tok seg inn i den den spanske eksklaven Ceuta i l\u00f8pet av det siste d\u00f8gnet.<\/p>\n<p>Minst 57 mennesker har mistet livet i kaoset, if\u00f8lge den spanske regjeringen, som ogs\u00e5 opplyser at mer enn 37 000 migranter allerede er returnert til Marokko.<\/p>\n<p>&#8211; Det som skjedde i Ceuta i g\u00e5r var et brudd p\u00e5 spansk territoriell suverenitet, sier den spanske statsministeren Pedro S\u00e1nchez fredag ettermiddag.<\/p>\n<p>        <img loading=\"lazy\" decoding=\"async\" src=\"https:\/\/www.europesays.com\/no\/wp-content\/uploads\/2026\/07\/1785523214_730_84962036.webp\" width=\"980\" height=\"559\" alt=\"\" class=\"\" style=\"--aspect-ratio-image: 1.75; \"\/><\/p>\n<p>\n        KAOSSCENER: Titusenvis av migranter har tatt seg inn i den spanske eksklaven Ceuta det siste d\u00f8gnet.\n    <\/p>\n<p class=\"font-weight-normal m-font-weight-normal\" data-lab-font_weight=\"font-weight-normal\">Flere av migrantene har tatt seg over grensa til fots, mens andre har sv\u00f8mt rundt moloen som markerer grensa mellom Marokko og Ceuta.\u00a0<\/p>\n<p class=\"font-weight-bold m-font-weight-bold\" data-lab-font_weight=\"font-weight-bold\"> &#8211;\u00a0Vi er ett skritt unna operativ kollaps, sier en politimann til\u00a0<a href=\"https:\/\/english.elpais.com\/spain\/2026-07-30\/spanish-police-warn-of-collapse-in-ceuta-over-mass-migrant-influx-from-morocco-we-are-overwhelmed.html\" target=\"_blank\" rel=\"nofollow noopener\">El Pais<\/a>. <\/p>\n<p> If\u00f8lge Reuters har marokkansk politi brukt vannkanoner i den marokkanske byen Fnideq i et fors\u00f8k p\u00e5 \u00e5 stanse str\u00f8mmen av mennesker.<\/p>\n<p>    Fakta om situasjonen i Ceuta:<\/p>\n<p>Ceuta er en spansk by og eksklave p\u00e5 den marokkanske middelhavskysten i Nord-Afrika, p\u00e5 s\u00f8rsiden av Gibraltarstredet, 25 kilometer s\u00f8r for det spanske fastlandet.<\/p>\n<p>Det siste d\u00f8gnet har Ceuta opplevd en massiv p\u00e5gang av migranter som krysser grensa.<\/p>\n<p>Over 60 000 har kommet til byen, som har litt over 80 000 innbyggere.<\/p>\n<p>Lokalt politi frykter at de mister kontrollen over omr\u00e5det.<\/p>\n<p>If\u00f8lge El Pais har over 25 000 blitt returnert fredag.<\/p>\n<p>Fra den afrikanske siden har mange desperate migranter og flyktninger opp gjennom \u00e5ra fors\u00f8kt \u00e5 krysse grensa i h\u00e5p om et bedre liv i Europa.\u00a0<\/p>\n<p>Dersom de f\u00f8rst kommer seg inn, fors\u00f8ker de vanligvis \u00e5 ta seg videre til det spanske fastlandet eller andre deler av Europa.<\/p>\n<p>For \u00e5 komme seg til Ceuta, sv\u00f8mmer migranter ofte fra den marokkanske byen Castillejos, som ligger rundt fem kilometer fra spansk territorium.\u00a0<\/p>\n<p>Andre tar sv\u00f8mmeturen fra Belyounech, der avstanden er noe kortere.<\/p>\n<p>      Vis mer<br \/>\n      Vis mindre<\/p>\n<p>Kaotiske tilstander<\/p>\n<p>Situasjonen beskrives som dramatisk p\u00e5 bakken. Redningsmannskaper og grensevakter skal raskt ha blitt overbelastet, skriver El Pa\u00eds.<\/p>\n<p>Flere migranter kom i land utmattet og med skader etter \u00e5 ha tatt seg over de skarpe steinene langs kysten.<\/p>\n<p>        <img loading=\"lazy\" decoding=\"async\" src=\"https:\/\/www.europesays.com\/no\/wp-content\/uploads\/2026\/07\/1785523215_919_84961820.webp\" width=\"686\" height=\"460\" alt=\"\" class=\"\" style=\"--aspect-ratio-image: 1.49; \"\/><\/p>\n<p>\n        KAOS: Den spanske eksklaven p\u00e5 randen av kollaps etter at titusener av migranter ankom p\u00e5 ett d\u00f8gn. Foto: Antonio Sempere \/ AP \/ NTB\n    <\/p>\n<p class=\"font-weight-bold m-font-weight-bold\" data-lab-font_weight=\"font-weight-bold\">Spanske myndigheter omtaler situasjonen som \u00abkaotisk\u00bb.<\/p>\n<p>Mottakssenteret i Ceuta var allerede fullt f\u00f8r den siste b\u00f8lgen. N\u00e5 oppholder hundrevis av mennesker seg utenfor senteret, som if\u00f8lge spanske medier sliter med b\u00e5de kapasitet og hygiene.<\/p>\n<p>Lederen for Ceuta, Juan Jes\u00fas Vivas, legger ikke skjul p\u00e5 alvoret:<\/p>\n<p class=\"font-weight-bold m-font-weight-bold\" data-lab-font_weight=\"font-weight-bold\">&#8211; Vi st\u00e5r overfor en akutt humanit\u00e6r og sosial krise, sa Vivas til <a href=\"https:\/\/cadenaser.com\/nacional\/2026\/07\/30\/el-gobierno-despliega-al-ejercito-en-ceuta-mientras-se-cierra-la-frontera-en-melilla-ante-una-crisis-migratoria-sin-precedentes-cadena-ser\/\" target=\"_blank\" rel=\"nofollow noopener\">Cadena SER<\/a>.\u00a0<\/p>\n<p>Han opplyser samtidig at mottakene for enslige mindre\u00e5rige er presset til hele 2400 prosent av kapasiteten.<\/p>\n<p>Fredag ettermiddag melder Reuters at Frankrike er i kontakt med Spania og Marokko om situasjonen som har oppst\u00e5tt det siste d\u00f8gnet.<\/p>\n<p>&#8211; Frankrike er klar til \u00e5 hjelpe Spania ved behov, blant annet via EUs grensebyr\u00e5 Frontex, opplyser Macrons stab, if\u00f8lge Reuters.<\/p>\n<p>    <a itemprop=\"url\" href=\"https:\/\/www.dagbladet.no\/nyheter\/tusenvis-tar-seg-inn-i-spania-fullstendig-kaos\/84959889\" rel=\"nofollow noopener\" target=\"_blank\"><\/p>\n<p>        <img loading=\"lazy\" decoding=\"async\" src=\"https:\/\/www.europesays.com\/no\/wp-content\/uploads\/2026\/07\/1785523216_946_84960120.webp\" width=\"980\" height=\"441\" alt=\"\" class=\"lazyload\" style=\"--aspect-ratio-image: 2.22; \"\/><\/p>\n<p>        Tusenvis tar seg inn i Spania<\/p>\n<p>    <\/a><\/p>\n<p>Ny dom<\/p>\n<p>Den spanske regjeringen har sendt milit\u00e6ret til omr\u00e5det for \u00e5 bist\u00e5 grensevaktene.<\/p>\n<p class=\"font-weight-bold m-font-weight-bold\" data-lab-font_weight=\"font-weight-bold\">Den spanske statsministeren Pedro S\u00e1nchez sier at myndighetene gj\u00f8r alt de kan for \u00e5 f\u00e5 kontroll.<\/p>\n<p>&#8211; Regjeringen er fullt opptatt av \u00e5 gi en umiddelbar respons p\u00e5 situasjonen i Ceuta. Vi mobiliserer alle n\u00f8dvendige ressurser og arbeider sammen med marokkanske og internasjonale myndigheter for \u00e5 gjenopprette normaliteten s\u00e5 raskt som mulig, opplyser S\u00e1nchez.<\/p>\n<p>Samtidig peker lokale myndigheter p\u00e5 at regelverket er under press.<\/p>\n<p>        <img loading=\"lazy\" decoding=\"async\" src=\"https:\/\/www.europesays.com\/no\/wp-content\/uploads\/2026\/07\/1785523216_132_84961834.webp\" width=\"686\" height=\"446\" alt=\"\" class=\"\" style=\"--aspect-ratio-image: 1.54; \"\/><\/p>\n<p>\n        L\u00d8PER INN: Migranter fra Marokko ankommer den spanske grensa i Ceuta i Spania fredag 31. juli. Foto: Fabian Bimmer \/ Reuters \/ NTB\n    <\/p>\n<p> Det er forel\u00f8pig uklart n\u00f8yaktig hva som utl\u00f8ste den massive migrantb\u00f8lgen. <\/p>\n<p>En fersk dom fra Spanias h\u00f8yesterett sl\u00e5r fast at migranter som stanses p\u00e5 vei til Ceuta eller Melilla, har krav p\u00e5 individuell behandling og ikke kan returneres umiddelbart.<\/p>\n<p>        <img loading=\"lazy\" decoding=\"async\" src=\"https:\/\/www.europesays.com\/no\/wp-content\/uploads\/2026\/07\/1785523216_619_84961822.webp\" width=\"686\" height=\"460\" alt=\"\" class=\"\" style=\"--aspect-ratio-image: 1.49; \"\/><\/p>\n<p>\n        STORE FOLKEMENGDER: Folk samles p\u00e5 en \u00e5stopp mens r\u00f8yk kommer opp fra stedet for sammenst\u00f8tene n\u00e6r Fnideq, p\u00e5 grensa mellom Marokko og Spania, fredag 31. juli. Foto: Abdel Majid Bziouat \/ AFP \/ NTB\n    <\/p>\n<p> Dommen inneb\u00e6rer at grensevaktene ikke lenger kan returnere migranter umiddelbart dersom de fors\u00f8ker \u00e5 sv\u00f8mme inn til Ceuta. <\/p>\n<p class=\"font-weight-bold m-font-weight-bold\" data-lab-font_weight=\"font-weight-bold\">I stedet m\u00e5 hver enkelt sak behandles f\u00f8r personene eventuelt kan sendes tilbake.<\/p>\n<p>If\u00f8lge <a href=\"https:\/\/www.rtve.es\/noticias\/20260730\/cientos-personas-cruzan-frontera-ceuta-crisis-migratoria\/17174321.shtml?utm_source=chatgpt.com\" target=\"_blank\" rel=\"nofollow noopener\">RTVE<\/a> skal informasjon om regelendringen ha blitt spredt p\u00e5 sosiale medier, noe myndighetene tror kan ha f\u00e5tt flere til \u00e5 fors\u00f8ke \u00e5 ta seg over grensa.<\/p>\n<p>&#8211; Menneskesmuglermafiaer har gjort en egeninteressert tolkning av en avgj\u00f8relse fra spansk h\u00f8yesterett, sier statsminister Pedro S\u00e1nchez i en uttalelse fredag ettermiddag.<\/p>\n<p>Lokale myndigheter vil if\u00f8lge ham informere migranter om hvor grensene er \u00e5pne, slik at de kan reise tilbake til sitt opprinnelsessted. <\/p>\n<p>&#8211; Vi vil vurdere om det er behov for \u00e5 endre loven for \u00e5 sikre retur av migranter, sier S\u00e1nchez.<\/p>\n<p>    <a itemprop=\"url\" href=\"https:\/\/www.dagbladet.no\/nyheter\/kaptein-pa-norsk-skip-pagrepet\/84961323\" rel=\"nofollow noopener\" target=\"_blank\"><\/p>\n<p>        <img loading=\"lazy\" decoding=\"async\" src=\"https:\/\/www.europesays.com\/no\/wp-content\/uploads\/2026\/07\/1785523217_4_84961358.webp\" width=\"980\" height=\"441\" alt=\"\" class=\"lazyload\" style=\"--aspect-ratio-image: 2.22; \"\/><\/p>\n<p>        Kaptein p\u00e5 norsk skip p\u00e5grepet<\/p>\n<p>    <\/a><\/p>\n<p>Italia reagerer kraftig  <\/p>\n<p>Utviklingen har skapt sterke reaksjoner i Italia.<\/p>\n<p>&#8211; Italia vil ikke st\u00e5 og se p\u00e5. Vi innkaller de relevante organene, og etter disse m\u00f8tene er vi klare til \u00e5 gripe inn med ekstraordin\u00e6re tiltak for \u00e5 forsvare grensene og innbyggernes sikkerhet, skriver statsminister Giorgia Meloni i <a href=\"https:\/\/x.com\/GiorgiaMeloni\/status\/2082908470626422832\" target=\"_blank\" rel=\"nofollow\">et innlegg p\u00e5 X<\/a>.<\/p>\n<p class=\"font-weight-bold m-font-weight-bold\" data-lab-font_weight=\"font-weight-bold\">Noen timer seinere blir det klart at Italia suspenderer Schengen-avtalen med Spania, melder Reuters.<\/p>\n<p> Schengen-samarbeidet omfatter alle EU-landene &#8211; bortsett fra Irland og Kypros, samt EFTA-landene Norge, Island, Sveits og Liechtenstein. Samarbeidet inneb\u00e6rer blant annet at det normalt ikke er grensekontroll ved de indre grensene mellom medlemslandene. <\/p>\n<p>        <img loading=\"lazy\" decoding=\"async\" src=\"https:\/\/www.europesays.com\/no\/wp-content\/uploads\/2026\/07\/1785523218_305_84961824.webp\" width=\"667\" height=\"447\" alt=\"\" class=\"\" style=\"--aspect-ratio-image: 1.49; \"\/><\/p>\n<p>\n        \u00d8DELEGGELSER: Det har v\u00e6rt store \u00f8deleggelser p\u00e5 grensa mellom Marokko og Spania det siste d\u00f8gnet. Foto: Abdel Majid Bziouat \/ AFP \/ NTB\n    <\/p>\n<p class=\"font-weight-bold m-font-weight-bold\" data-lab-font_weight=\"font-weight-bold\">Ogs\u00e5 den italienske utenriksminister Antonio Tajani sl\u00e5r alarm.<\/p>\n<p>&#8211; Ulovlig og ukontrollert innvandring utgj\u00f8r en trussel mot nasjonal sikkerhet, melder den italienske utenriksministeren Antonio Tajani i <a href=\"https:\/\/x.com\/Antonio_Tajani\/status\/2082898655833432131\" target=\"_blank\" rel=\"nofollow\">et innlegg p\u00e5 X<\/a>.<\/p>\n<p>Den spanske regjeringen avviser imidlertid kritikken. Utenriksminister Jos\u00e9 Luis Albares mener de italienske utspillene er upassende:<\/p>\n<p class=\"font-weight-normal m-font-weight-normal\" data-lab-font_weight=\"font-weight-normal\">&#8211; Vi forventer europeisk solidaritet, ikke partisk demagogi, sier Albares.<\/p>\n","protected":false},"excerpt":{"rendered":"Lederen for Ceuta, Juan Jes\u00fas Vivas,\u00a0opplyste fredag ettermiddag at anslagsvis 60 000 migranter tok seg inn i den&hellip;\n","protected":false},"author":2,"featured_media":308413,"comment_status":"","ping_status":"","sticky":false,"template":"","format":"standard","meta":{"footnotes":"","_share_on_mastodon":"0"},"categories":[12],"tags":[20,21,24,25,15,148,22,23,13,30,28,29,14,16,865,26,27,412,42,43,44,45],"class_list":["post-308412","post","type-post","status-publish","format-standard","has-post-thumbnail","category-verden","tag-breaking-news","tag-breakingnews","tag-featured-news","tag-featurednews","tag-headlines","tag-kriminalitet","tag-latest-news","tag-latestnews","tag-news","tag-no","tag-norge","tag-norway","tag-nyheter","tag-overskrifter","tag-storbritannia","tag-top-stories","tag-topstories","tag-utenriks","tag-verden","tag-world","tag-world-news","tag-worldnews"],"share_on_mastodon":{"url":"https:\/\/pubeurope.com\/@no\/117016057363115244","error":""},"_links":{"self":[{"href":"https:\/\/www.europesays.com\/no\/wp-json\/wp\/v2\/posts\/308412","targetHints":{"allow":["GET"]}}],"collection":[{"href":"https:\/\/www.europesays.com\/no\/wp-json\/wp\/v2\/posts"}],"about":[{"href":"https:\/\/www.europesays.com\/no\/wp-json\/wp\/v2\/types\/post"}],"author":[{"embeddable":true,"href":"https:\/\/www.europesays.com\/no\/wp-json\/wp\/v2\/users\/2"}],"replies":[{"embeddable":true,"href":"https:\/\/www.europesays.com\/no\/wp-json\/wp\/v2\/comments?post=308412"}],"version-history":[{"count":0,"href":"https:\/\/www.europesays.com\/no\/wp-json\/wp\/v2\/posts\/308412\/revisions"}],"wp:featuredmedia":[{"embeddable":true,"href":"https:\/\/www.europesays.com\/no\/wp-json\/wp\/v2\/media\/308413"}],"wp:attachment":[{"href":"https:\/\/www.europesays.com\/no\/wp-json\/wp\/v2\/media?parent=308412"}],"wp:term":[{"taxonomy":"category","embeddable":true,"href":"https:\/\/www.europesays.com\/no\/wp-json\/wp\/v2\/categories?post=308412"},{"taxonomy":"post_tag","embeddable":true,"href":"https:\/\/www.europesays.com\/no\/wp-json\/wp\/v2\/tags?post=308412"}],"curies":[{"name":"wp","href":"https:\/\/api.w.org\/{rel}","templated":true}]}}