{"id":308502,"date":"2026-07-31T20:18:15","date_gmt":"2026-07-31T20:18:15","guid":{"rendered":"https:\/\/www.europesays.com\/no\/308502\/"},"modified":"2026-07-31T20:18:15","modified_gmt":"2026-07-31T20:18:15","slug":"eliteserien-hamkams-forste-borteseier-slo-valerengas-ti-mann-3-0","status":"publish","type":"post","link":"https:\/\/www.europesays.com\/no\/308502\/","title":{"rendered":"Eliteserien: HamKams f\u00f8rste borteseier \u2013 slo V\u00e5lerengas ti mann 3-0"},"content":{"rendered":"\n<p class=\"_lead_145nj_2 _lead_6fko5_53 layout-component text-serif-m layout-normal text-serif-l layout-component layout-wide layout-padded _wide_17hqh_1 layout-padded\">HamKam kj\u00f8rte over V\u00e5lerenga &#8211; og tok sesongens f\u00f8rste borteseier.<\/p>\n<p><img alt=\"V\u00e5lerenga-kaptein Henrik Bj\u00f8rdal sendes av banen med r\u00f8dt kort etter et snaut kvarter i kampen mot HamKam.  Foto: Frederik Ringnes \/ NTB\" class=\"_image_jw3bv_65 layout-component layout-wide\" data-fullscreen- data-track-element-type=\"Article image fullscreen\" data-track-name=\"ImageFullscreen\" fetchpriority=\"high\" decoding=\"sync\" loading=\"eager\" height=\"2119\" itemprop=\"image\"  src=\"https:\/\/www.europesays.com\/no\/wp-content\/uploads\/2026\/07\/aa12503a-5ac4-3dca-9f7a-c6b011a8b74f.jpeg\"  style=\"object-position:0% 0%\" width=\"3179\"\/>V\u00e5lerenga-kaptein Henrik Bj\u00f8rdal sendes av banen med r\u00f8dt kort etter et snaut kvarter i kampen mot HamKam.  Foto: Frederik Ringnes \/ NTB<\/p>\n<ul aria-hidden=\"true\" class=\"_images_ntbth_112\">\n<li><a class=\"_link_ntbth_117\" href=\"https:\/\/www.vg.no\/forfatter\/robin-schau-eriksen\" style=\"z-index:2\" title=\"Robin Schau Eriksen\" rel=\"nofollow noopener\" target=\"_blank\"><img alt=\"Bilde av Robin Schau Eriksen\" class=\"_image_ntbth_93\" fetchpriority=\"low\" loading=\"lazy\" decoding=\"async\" itemprop=\"image\"  src=\"https:\/\/www.europesays.com\/no\/wp-content\/uploads\/2026\/07\/1785529093_979_2d7b46e1-928d-36c5-87d2-50e0b7227928.jpeg\"  width=\"480\"\/><\/a><\/li>\n<li><a class=\"_link_ntbth_117\" href=\"https:\/\/www.vg.no\/forfatter\/ntb\" style=\"z-index:1\" title=\"NTB\" rel=\"nofollow noopener\" target=\"_blank\"><img alt=\"Bilde av NTB\" class=\"_image_ntbth_93\" fetchpriority=\"low\" loading=\"lazy\" decoding=\"async\" itemprop=\"image\"  src=\"https:\/\/www.europesays.com\/no\/wp-content\/uploads\/2026\/07\/1785529093_51_c33980b0-5d07-4027-84a1-813f90a7c8d6.jpeg\"  width=\"480\"\/><\/a><\/li>\n<\/ul>\n<p> Oppdatert fredag 31. juli kl. 21:34     <\/p>\n<p class=\"_paragraph_145nj_4 _paragraph_6fko5_10 layout-component text-serif-m layout-normal text-serif-m layout-padded\">Henrik Bj\u00f8rdal ble utvist etter et kvarter, og gjorde livet vanskelig for sine lagkamerater. <\/p>\n<p class=\"_paragraph_145nj_4 _paragraph_6fko5_10 layout-component text-serif-m layout-normal text-serif-m layout-padded\">Aksel Potur sendte gjestene i f\u00f8ringen p\u00e5 overtid av f\u00f8rste omgang. <\/p>\n<p class=\"_paragraph_145nj_4 _paragraph_6fko5_10 layout-component text-serif-m layout-normal text-serif-m layout-padded\">Etter pause fortsatte vertene \u00e5 jage utlingning, og spenningen levde helt til Martin Gjone i det 68. minutt nikket inn et frispark.<\/p>\n<p class=\"_paragraph_145nj_4 _paragraph_6fko5_10 layout-component text-serif-m layout-normal text-serif-m layout-padded\">I det 84. minutt satte Patrick Metcalfe spikeren i kista. <\/p>\n<p><img alt=\"HamKam-spillerne hadde all grunn til \u00e5 feire med fansen.  Foto: Frederik Ringnes \/ NTB\" class=\"_image_jw3bv_65 layout-component layout-normal\" data-fullscreen- data-track-element-type=\"Article image fullscreen\" data-track-name=\"ImageFullscreen\" decoding=\"async\" loading=\"lazy\" height=\"4170\" itemprop=\"image\"  src=\"https:\/\/www.europesays.com\/no\/wp-content\/uploads\/2026\/07\/bbc66643-f3be-3cc0-95be-d661ef586945.jpeg\"  style=\"object-position:0% 0%\" width=\"6255\"\/>HamKam-spillerne hadde all grunn til \u00e5 feire med fansen.  Foto: Frederik Ringnes \/ NTB<\/p>\n<p class=\"_paragraph_145nj_4 _paragraph_6fko5_10 layout-component text-serif-m layout-normal text-serif-m layout-padded\">V\u00e5lerenga m\u00e5tte erstatte halve forsvarsfireren fordi Kolbeinn Finnsson og Ivan N\u00e4sberg var utestengt etter henholdsvis gult og r\u00f8dt kort i seierskampen i Bergen sist. Som da m\u00e5tte laget spille med ti mann, denne gang allerede fra det 15. minutt.<\/p>\n<p class=\"_paragraph_145nj_4 _paragraph_6fko5_10 layout-component text-serif-m layout-normal text-serif-m layout-padded\">\u00c5rsaken var at Bj\u00f8rdal var for sen da han pr\u00f8vde \u00e5 vinne igjen ballen etter et hj\u00f8rnespark, og Potur ble truffet p\u00e5 ankelen. Dommer Mathias St\u00f8fringshaug ga V\u00e5lerenga-kapteinen gult kort, men VAR-rommet sendte ham til skjermen, og han brukte ikke lang tid p\u00e5 \u00e5 bytte farge.<\/p>\n<p><img alt=\"Bj\u00f8rdal fortvilte etter dommeravgj\u00f8relsen.  Foto: Frederik Ringnes \/ NTB\" class=\"_image_jw3bv_65 layout-component layout-normal\" data-fullscreen- data-track-element-type=\"Article image fullscreen\" data-track-name=\"ImageFullscreen\" decoding=\"async\" loading=\"lazy\" height=\"1462\" itemprop=\"image\"  src=\"https:\/\/www.europesays.com\/no\/wp-content\/uploads\/2026\/07\/4d21115d-0ddf-37db-bdfb-d7ece254e3d3.jpeg\"  style=\"object-position:0% 0%\" width=\"2192\"\/>Bj\u00f8rdal fortvilte etter dommeravgj\u00f8relsen.  Foto: Frederik Ringnes \/ NTB<\/p>\n<p class=\"_paragraph_145nj_4 _paragraph_6fko5_10 layout-component text-serif-m layout-normal text-serif-m layout-padded\">I det tredje og siste overtidsminuttet i f\u00f8rste omgang var det Potur som scoret HamKams lederm\u00e5l med en smart vending og et skudd ved n\u00e6rmeste stolpe. <\/p>\n<p class=\"_paragraph_145nj_4 _paragraph_6fko5_10 layout-component text-serif-m layout-normal text-serif-m layout-padded\">V\u00e5lerenga protesterte og mente ballen b\u00e5de var ute i forspillet og at Aaaron Kiil Olsen skulle hatt frispark, men ble ikke h\u00f8rt.<\/p>\n<p class=\"_paragraph_145nj_4 _paragraph_6fko5_10 layout-component text-serif-m layout-normal text-serif-m layout-padded\">Mathias Grundetjern pr\u00f8vde \u00e5 skjerme ballen ut, men mistet den til Markus Johnsg\u00e5rd, som la inn fra venstre. <\/p>\n<p class=\"_paragraph_145nj_4 _paragraph_6fko5_10 layout-component text-serif-m layout-normal text-serif-m layout-padded\">Et par dueller senere havnet ballen hos Potur, som tok seg forbi venstreback for dagen Strand og scoret.<\/p>\n<p class=\"_paragraph_145nj_4 _paragraph_6fko5_10 layout-component text-serif-m layout-normal text-serif-m layout-padded\">\u2013 Vi gj\u00f8r det vi kan og skaper mer enn dem, men jeg mener det var to dommerfeil som gjorde at de scoret. Det s\u00e5 ut som ballen var ute, og s\u00e5 fikk jeg en albue i kjeven. Det skal v\u00e6re annullert m\u00e5l, sa Olsen til TV 2 om duellen med Blerton Isufi sekunder f\u00f8r Potur scoret.<\/p>\n<p><img alt=\"Kiili Olsen tordnet mot dommeren etter kamp.  Foto: Frederik Ringnes \/ NTB\" class=\"_image_jw3bv_65 layout-component layout-normal\" data-fullscreen- data-track-element-type=\"Article image fullscreen\" data-track-name=\"ImageFullscreen\" decoding=\"async\" loading=\"lazy\" height=\"4640\" itemprop=\"image\"  src=\"https:\/\/www.europesays.com\/no\/wp-content\/uploads\/2026\/07\/a45ace7a-69ad-30c0-b3e2-1a35961eff87.jpeg\"  style=\"object-position:0% 0%\" width=\"6960\"\/>Kiili Olsen tordnet mot dommeren etter kamp.  Foto: Frederik Ringnes \/ NTB<\/p>\n<p class=\"_paragraph_145nj_4 _paragraph_6fko5_10 layout-component text-serif-m layout-normal text-serif-m layout-padded\">Det var V\u00e5lerenga som tross undertall hadde de fleste sjansene i f\u00f8rste omgang. Den st\u00f8rste kom da Grundetjern i det 38. minutt l\u00f8p alene fra midtstreken p\u00e5 en kontring. Halvor Opsahl greide \u00e5 l\u00f8pe ham opp, og da skuddet kom, greide Marcus Sandberg i full strekk \u00e5 redde.<\/p>\n<p class=\"_paragraph_145nj_4 _paragraph_6fko5_10 layout-component text-serif-m layout-normal text-serif-m layout-padded\">Filip Thorvaldsen skj\u00f8t p\u00e5 overtid rett over fra 16-meterstreken, men det var HamKam som kunne g\u00e5 til pause med ledelse.<\/p>\n<p class=\"_paragraph_145nj_4 _paragraph_6fko5_10 layout-component text-serif-m layout-normal text-serif-m layout-padded\">\u2013 Det er en deilig f\u00f8lelse, men vi har ikke spilt bra. Vi m\u00e5 steppe opp mer, sa Potur til TV 2.<\/p>\n<p class=\"_paragraph_145nj_4 _paragraph_6fko5_10 layout-component text-serif-m layout-normal text-serif-m layout-padded\">V\u00e5lerenga fortsatte \u00e5 jage utligning i 2. omgang, og Brice Ambina skj\u00f8t i det 52. minutt rett utenfor stolpen mens Sandberg sto og s\u00e5 p\u00e5.<\/p>\n<p class=\"_paragraph_145nj_4 _paragraph_6fko5_10 layout-component text-serif-m layout-normal text-serif-m layout-padded\">I det 68. minutt ble Sebastian Jarl alene mot to motspillere ved lengste stolpe p\u00e5 et frispark fra Anton Ekeroth, og Gjone kunne uforstyrret nikke inn 0-2-m\u00e5let.<\/p>\n<p class=\"_paragraph_145nj_4 _paragraph_6fko5_10 layout-component text-serif-m layout-normal text-serif-m layout-padded\">Etter Metcalfes scoring hadde HamKam en gigantsjanse ved Usufi p\u00e5 en tre-mot-en-kontring, men Oscar Hedvall avverget.<\/p>\n<p class=\"_paragraph_145nj_4 _paragraph_6fko5_10 layout-component text-serif-m layout-normal text-serif-m layout-padded\">Med seieren klatret HamKam forbi V\u00e5lerenga p\u00e5 tabellen. N\u00e5 er KFUM oslo eneste lag uten borteseier i <a href=\"https:\/\/www.vg.no\/tag\/eliteserien?utm_source=vg-article&amp;utm_medium=auto-tagger&amp;utm_campaign=Gx6gaB\" class=\"_link_145nj_39\" rel=\"nofollow noopener\" target=\"_blank\">Eliteserien<\/a> i \u00e5r.<\/p>\n","protected":false},"excerpt":{"rendered":"HamKam kj\u00f8rte over V\u00e5lerenga &#8211; og tok sesongens f\u00f8rste borteseier. V\u00e5lerenga-kaptein Henrik Bj\u00f8rdal sendes av banen med r\u00f8dt&hellip;\n","protected":false},"author":2,"featured_media":308503,"comment_status":"","ping_status":"","sticky":false,"template":"","format":"standard","meta":{"footnotes":"","_share_on_mastodon":"0"},"categories":[59],"tags":[134,870,30,28,29,83,82,2215],"class_list":["post-308502","post","type-post","status-publish","format-standard","has-post-thumbnail","category-sport","tag-eliteserien","tag-hamkam","tag-no","tag-norge","tag-norway","tag-sport","tag-sports","tag-valerenga-fotball"],"share_on_mastodon":{"url":"https:\/\/pubeurope.com\/@no\/117016442574300252","error":""},"_links":{"self":[{"href":"https:\/\/www.europesays.com\/no\/wp-json\/wp\/v2\/posts\/308502","targetHints":{"allow":["GET"]}}],"collection":[{"href":"https:\/\/www.europesays.com\/no\/wp-json\/wp\/v2\/posts"}],"about":[{"href":"https:\/\/www.europesays.com\/no\/wp-json\/wp\/v2\/types\/post"}],"author":[{"embeddable":true,"href":"https:\/\/www.europesays.com\/no\/wp-json\/wp\/v2\/users\/2"}],"replies":[{"embeddable":true,"href":"https:\/\/www.europesays.com\/no\/wp-json\/wp\/v2\/comments?post=308502"}],"version-history":[{"count":0,"href":"https:\/\/www.europesays.com\/no\/wp-json\/wp\/v2\/posts\/308502\/revisions"}],"wp:featuredmedia":[{"embeddable":true,"href":"https:\/\/www.europesays.com\/no\/wp-json\/wp\/v2\/media\/308503"}],"wp:attachment":[{"href":"https:\/\/www.europesays.com\/no\/wp-json\/wp\/v2\/media?parent=308502"}],"wp:term":[{"taxonomy":"category","embeddable":true,"href":"https:\/\/www.europesays.com\/no\/wp-json\/wp\/v2\/categories?post=308502"},{"taxonomy":"post_tag","embeddable":true,"href":"https:\/\/www.europesays.com\/no\/wp-json\/wp\/v2\/tags?post=308502"}],"curies":[{"name":"wp","href":"https:\/\/api.w.org\/{rel}","templated":true}]}}