{"id":308722,"date":"2026-08-01T03:08:10","date_gmt":"2026-08-01T03:08:10","guid":{"rendered":"https:\/\/www.europesays.com\/no\/308722\/"},"modified":"2026-08-01T03:08:10","modified_gmt":"2026-08-01T03:08:10","slug":"ordforer-flere-drept-i-russisk-rakettangrep-mot-kyiv","status":"publish","type":"post","link":"https:\/\/www.europesays.com\/no\/308722\/","title":{"rendered":"Ordf\u00f8rer: Flere drept i russisk rakettangrep mot Kyiv"},"content":{"rendered":"\n<p class=\"_lead_145nj_2 _lead_6fko5_53 layout-component text-serif-m layout-normal text-serif-l layout-component layout-wide layout-padded _wide_17hqh_1 layout-padded\">Kyiv-ordf\u00f8rer Vitalij Klitsjko sier byen angripes med ballistiske raketter natt til l\u00f8rdag og ber folk opps\u00f8ke tilfluktsrom. Minst tre personer er drept, if\u00f8lge Klitsjko.<\/p>\n<ul aria-hidden=\"true\" class=\"_images_ntbth_112\">\n<li><a class=\"_link_ntbth_117\" href=\"https:\/\/www.vg.no\/forfatter\/ntb\" style=\"z-index:1\" title=\"NTB\" rel=\"nofollow noopener\" target=\"_blank\"><img alt=\"Bilde av NTB\" class=\"_image_ntbth_93\" fetchpriority=\"low\" loading=\"lazy\" decoding=\"async\" itemprop=\"image\"  src=\"https:\/\/www.europesays.com\/no\/wp-content\/uploads\/2026\/08\/1785553690_512_c33980b0-5d07-4027-84a1-813f90a7c8d6.jpeg\"  width=\"480\"\/><\/a><\/li>\n<\/ul>\n<p> Oppdatert l\u00f8rdag 1. august kl. 03:53     <\/p>\n<p class=\"_paragraph_145nj_4 _paragraph_6fko5_10 layout-component text-serif-m layout-normal text-serif-m layout-padded\">Mer enn ti eksplosjoner etter hverandre kunne h\u00f8res, if\u00f8lge AFPs reportere i <a href=\"https:\/\/www.vg.no\/tag\/kyiv?utm_source=vg-article&amp;utm_medium=auto-tagger&amp;utm_campaign=vr918V\" class=\"_link_145nj_39\" rel=\"nofollow noopener\" target=\"_blank\">Kyiv<\/a>. Ogs\u00e5 nyhetsbyr\u00e5et Reuters har v\u00e6rt i kontakt med et vitne som melder om flere kraftige eksplosjoner.<\/p>\n<p class=\"_paragraph_145nj_4 _paragraph_6fko5_10 layout-component text-serif-m layout-normal text-serif-m layout-padded\">Klitsjko melder p\u00e5 Telegram at minst tre personer er drept og fem s\u00e5ret.<\/p>\n<p class=\"_paragraph_145nj_4 _paragraph_6fko5_10 layout-component text-serif-m layout-normal text-serif-m layout-padded\">If\u00f8lge ordf\u00f8reren er det meldt om branner i flere distrikter, blant annet i en seksetasjers bygning.<\/p>\n<p class=\"_paragraph_145nj_4 _paragraph_6fko5_10 layout-component text-serif-m layout-normal text-serif-m layout-padded\">Kyiv har begrenset evne til \u00e5 skyte ned ballistiske raketter med luftvern.<\/p>\n<p class=\"_paragraph_145nj_4 _paragraph_6fko5_10 layout-component text-serif-m layout-normal text-serif-m layout-padded\">De f\u00f8rste meldingene om angrepet kom inn rett etter klokken 1.30 lokal tid, som tilsvarer klokken 0.30 norsk tid.<\/p>\n","protected":false},"excerpt":{"rendered":"Kyiv-ordf\u00f8rer Vitalij Klitsjko sier byen angripes med ballistiske raketter natt til l\u00f8rdag og ber folk opps\u00f8ke tilfluktsrom. Minst&hellip;\n","protected":false},"author":2,"featured_media":308723,"comment_status":"","ping_status":"","sticky":false,"template":"","format":"standard","meta":{"footnotes":"","_share_on_mastodon":"0"},"categories":[12],"tags":[20,21,24,25,15,474,3137,22,23,13,30,28,29,14,16,188,26,27,42,43,44,45],"class_list":["post-308722","post","type-post","status-publish","format-standard","has-post-thumbnail","category-verden","tag-breaking-news","tag-breakingnews","tag-featured-news","tag-featurednews","tag-headlines","tag-krig","tag-kyiv","tag-latest-news","tag-latestnews","tag-news","tag-no","tag-norge","tag-norway","tag-nyheter","tag-overskrifter","tag-russland","tag-top-stories","tag-topstories","tag-verden","tag-world","tag-world-news","tag-worldnews"],"share_on_mastodon":{"url":"https:\/\/pubeurope.com\/@no\/117018054611306185","error":""},"_links":{"self":[{"href":"https:\/\/www.europesays.com\/no\/wp-json\/wp\/v2\/posts\/308722","targetHints":{"allow":["GET"]}}],"collection":[{"href":"https:\/\/www.europesays.com\/no\/wp-json\/wp\/v2\/posts"}],"about":[{"href":"https:\/\/www.europesays.com\/no\/wp-json\/wp\/v2\/types\/post"}],"author":[{"embeddable":true,"href":"https:\/\/www.europesays.com\/no\/wp-json\/wp\/v2\/users\/2"}],"replies":[{"embeddable":true,"href":"https:\/\/www.europesays.com\/no\/wp-json\/wp\/v2\/comments?post=308722"}],"version-history":[{"count":0,"href":"https:\/\/www.europesays.com\/no\/wp-json\/wp\/v2\/posts\/308722\/revisions"}],"wp:featuredmedia":[{"embeddable":true,"href":"https:\/\/www.europesays.com\/no\/wp-json\/wp\/v2\/media\/308723"}],"wp:attachment":[{"href":"https:\/\/www.europesays.com\/no\/wp-json\/wp\/v2\/media?parent=308722"}],"wp:term":[{"taxonomy":"category","embeddable":true,"href":"https:\/\/www.europesays.com\/no\/wp-json\/wp\/v2\/categories?post=308722"},{"taxonomy":"post_tag","embeddable":true,"href":"https:\/\/www.europesays.com\/no\/wp-json\/wp\/v2\/tags?post=308722"}],"curies":[{"name":"wp","href":"https:\/\/api.w.org\/{rel}","templated":true}]}}