{"id":308776,"date":"2026-08-01T06:09:12","date_gmt":"2026-08-01T06:09:12","guid":{"rendered":"https:\/\/www.europesays.com\/no\/308776\/"},"modified":"2026-08-01T06:09:12","modified_gmt":"2026-08-01T06:09:12","slug":"storstilt-angrep-mot-kyiv-vi-fikk-panikk","status":"publish","type":"post","link":"https:\/\/www.europesays.com\/no\/308776\/","title":{"rendered":"Storstilt angrep mot Kyiv: \u2013 Vi fikk panikk"},"content":{"rendered":"\n<p class=\"_lead_145nj_2 _lead_6fko5_53 layout-component text-serif-m layout-normal text-serif-l layout-component layout-wide layout-padded _wide_17hqh_1 layout-padded\">Til n\u00e5 er ni drept og 28 skadet i missilangrepet som rammet hovedstaden i natt. <\/p>\n<p> <img class=\"_image_jw3bv_65 layout-component layout-wide\" data-fullscreen- data-track-element-type=\"Article image fullscreen\" data-track-name=\"ImageFullscreen\" fetchpriority=\"high\" decoding=\"sync\" loading=\"eager\" height=\"181\" itemprop=\"image\"  src=\"https:\/\/www.europesays.com\/no\/wp-content\/uploads\/2026\/08\/1ed8edff01302744e532bfd79b65f16a.jpg\"  style=\"object-position:50% 50%;aspect-ratio:1.75;height:auto;object-fit:cover;width:100%\" width=\"102\"\/>  <\/p>\n<ul aria-hidden=\"true\" class=\"_images_ntbth_112\">\n<li><a class=\"_link_ntbth_117\" href=\"https:\/\/www.vg.no\/forfatter\/kyrre-lien\" style=\"z-index:1\" title=\"Kyrre Lien\" rel=\"nofollow noopener\" target=\"_blank\"><img alt=\"Bilde av Kyrre Lien\" class=\"_image_ntbth_93\" fetchpriority=\"low\" loading=\"lazy\" decoding=\"async\" itemprop=\"image\"  src=\"https:\/\/www.europesays.com\/no\/wp-content\/uploads\/2026\/08\/4bd4fafe-13b9-4b5b-a584-2321d2512207.jpeg\"  width=\"480\"\/><\/a><\/li>\n<\/ul>\n<p>Rapporterer fra Kyiv Oppdatert l\u00f8rdag 1. august kl. 07:48     <\/p>\n<p class=\"_paragraph_145nj_4 _paragraph_6fko5_10 layout-component text-serif-m layout-normal text-serif-m layout-padded\">\u2013 Vi fikk panikk, vi l\u00f8p og pr\u00f8vde \u00e5 n\u00e5 bomberommet<\/p>\n<p class=\"_paragraph_145nj_4 _paragraph_6fko5_10 layout-component text-serif-m layout-normal text-serif-m layout-padded\">Det sier 74 \u00e5r gamle Valentina til VG. <\/p>\n<p class=\"_paragraph_145nj_4 _paragraph_6fko5_10 layout-component text-serif-m layout-normal text-serif-m layout-padded\">Rundt oss er det enorme \u00f8deleggelser, med knuste leiligheter og et kontorlokale i brann. <\/p>\n<p class=\"_paragraph_145nj_4 _paragraph_6fko5_10 layout-component text-serif-m layout-normal text-serif-m layout-padded\">I gaten ligger to drepte personer som ble truffet av den russiske missilet. <\/p>\n<p class=\"_paragraph_145nj_4 _paragraph_6fko5_10 layout-component text-serif-m layout-normal text-serif-m layout-padded\">Over hele byen kunne kraftige eksplosjoner h\u00f8res klokken halv ett norsk tid. I timene som fulgte kom det stadig nye russiske missiler regnende inn over den krigsherjede hovedstaden. <\/p>\n<p><img alt=\"Brannmannskap slukker brann i en boligblokk i Kyiv etter missilangrepet.  Foto: Kyrre Lien \/ VG\" class=\"_image_jw3bv_65 layout-component layout-normal\" data-fullscreen- data-track-element-type=\"Article image fullscreen\" data-track-name=\"ImageFullscreen\" decoding=\"async\" loading=\"lazy\" height=\"5288\" itemprop=\"image\"  src=\"https:\/\/www.europesays.com\/no\/wp-content\/uploads\/2026\/08\/8922041f-b6ff-3d0a-89e5-720da7c0958f.jpeg\"  style=\"object-position:0% 0%\" width=\"7051\"\/>Brannmannskap slukker brann i en boligblokk i Kyiv etter missilangrepet.  Foto: Kyrre Lien \/ VG<\/p>\n<p class=\"_paragraph_145nj_4 _paragraph_6fko5_10 layout-component text-serif-m layout-normal text-serif-m layout-padded\">Myndighetene i hovedstaden melder at 9 personer til n\u00e5 er bekreftet drept og 23 personer er blitt skadet. <\/p>\n<p class=\"_paragraph_145nj_4 _paragraph_6fko5_10 layout-component text-serif-m layout-normal text-serif-m layout-padded\">Russland brukte ballistiske missiler i angrepet, noe Ukraina har slitt med \u00e5 skyte ned i det siste. <\/p>\n<p class=\"_paragraph_145nj_4 _paragraph_6fko5_10 layout-component text-serif-m layout-normal text-serif-m layout-padded\">President <a href=\"https:\/\/www.vg.no\/tag\/volodymyr-zelenskyj?utm_source=vg-article&amp;utm_medium=auto-tagger&amp;utm_campaign=0prl02\" class=\"_link_145nj_39\" rel=\"nofollow noopener\" target=\"_blank\">Volodymyr Zelenskyj<\/a> har uttalt at de desperat trenger mer luftvern, og da spesifikt amerikanske Patriot-missiler, for \u00e5 beskytte landet. <\/p>\n<p class=\"_paragraph_145nj_4 _paragraph_6fko5_10 layout-component text-serif-m layout-normal text-serif-m layout-padded\">Tidligere denne uken uttalte Zelenskyj at USAs president Donald Trump hadde lovet dem at de skulle f\u00e5 lisens til \u00e5 produsere missilene inne i Ukraina. Men dette avviste Trump senere. <\/p>\n<p class=\"_paragraph_145nj_4 _paragraph_6fko5_10 layout-component text-serif-m layout-normal text-serif-m layout-padded\">\u2013 Vi snakker om det, men det er vanskelig \u00e5 gi fra seg en slik teknologi, sa han i f\u00f8lge The New York Times. <\/p>\n<p><img alt=\"Foto: Kyrre Lien \/ VG\" class=\"_image_jw3bv_65 layout-component layout-normal\" data-fullscreen- data-track-element-type=\"Article image fullscreen\" data-track-name=\"ImageFullscreen\" decoding=\"async\" loading=\"lazy\" height=\"5005\" itemprop=\"image\"  src=\"https:\/\/www.europesays.com\/no\/wp-content\/uploads\/2026\/08\/76b35b77-c278-3c69-b3b5-3b460db1236a.jpeg\"  style=\"object-position:0% 0%\" width=\"6674\"\/>Foto: Kyrre Lien \/ VG<\/p>\n<p class=\"_paragraph_145nj_4 _paragraph_6fko5_10 layout-component text-serif-m layout-normal text-serif-m layout-padded\">Ukrainas utenriksminister Andrij Sybiha skriver p\u00e5 Telegram at det brukt n\u00e6rmere 40 ballistiske raketter i angrepet.<\/p>\n<p class=\"_paragraph_145nj_4 _paragraph_6fko5_10 layout-component text-serif-m layout-normal text-serif-m layout-padded\">\u2013 Eksplosjonen kjentes som et jordskjelv. Hele blokken ristet, forteller Valentina. <\/p>\n<p class=\"_paragraph_145nj_4 _paragraph_6fko5_10 layout-component text-serif-m layout-normal text-serif-m layout-padded\">N\u00e5 har hun brukt de siste timene p\u00e5 \u00e5 feie sammen knust glass. <\/p>\n<p class=\"_paragraph_145nj_4 _paragraph_6fko5_10 layout-component text-serif-m layout-normal text-serif-m layout-padded\">\u2013 Akkurat n\u00e5 ser jeg ingen ende p\u00e5 krigen. Men vi m\u00e5 v\u00e6re sterke. <\/p>\n<p><img alt=\"Innbyggere i Kyiv rydder knust glass fra leilighetene deres.  Foto: Kyrre Lien \/ VG\" class=\"_image_jw3bv_65 layout-component layout-normal\" data-fullscreen- data-track-element-type=\"Article image fullscreen\" data-track-name=\"ImageFullscreen\" decoding=\"async\" loading=\"lazy\" height=\"4855\" itemprop=\"image\"  src=\"https:\/\/www.europesays.com\/no\/wp-content\/uploads\/2026\/08\/c092d7a9-d3cd-37c5-817f-b866ba45e9ab.jpeg\"  style=\"object-position:0% 0%\" width=\"6474\"\/>Innbyggere i Kyiv rydder knust glass fra leilighetene deres.  Foto: Kyrre Lien \/ VGEkspert: Russland har endret taktikk<\/p>\n<p class=\"_paragraph_145nj_4 _paragraph_6fko5_10 layout-component text-serif-m layout-normal text-serif-m layout-padded\">Angrepene mot Kyiv har blitt kraftig intensivert de siste ukene, og stadig flere sivile mister livet. Det bekrefter b\u00e5de FN-observat\u00f8rer og ukrainske myndigheter.<\/p>\n<p class=\"_paragraph_145nj_4 _paragraph_6fko5_10 layout-component text-serif-m layout-normal text-serif-m layout-padded\">Viktor Kevliuk, analytiker ved Center for Defense Strategies i Kyiv, mener endringen er tydelig og bevisst fra russisk side.<\/p>\n<p class=\"_paragraph_145nj_4 _paragraph_6fko5_10 layout-component text-serif-m layout-normal text-serif-m layout-padded\">\u2013 Dette er ikke tilfeldige sivile tap. Det er en kalkulert taktikk med terror og utmattelse, sier Kevliuk.<\/p>\n<p class=\"_paragraph_145nj_4 _paragraph_6fko5_10 layout-component text-serif-m layout-normal text-serif-m layout-padded\">If\u00f8lge analytikeren har Russland \u00f8kt andelen ballistiske missiler betydelig i de store, kombinerte angrepene mot Kyiv i starten og midten av juli. <\/p>\n<p class=\"_paragraph_145nj_4 _paragraph_6fko5_10 layout-component text-serif-m layout-normal text-serif-m layout-padded\">Det ukrainske luftvernet fungerer fortsatt sv\u00e6rt godt mot droner og kryssermissiler, og skyter ofte ned over 90 prosent. Men mot ballistiske missiler har suksessraten stupt \u2013 i noen tilfeller helt ned til null, poengterer Kevliuk. <\/p>\n<p class=\"_paragraph_145nj_4 _paragraph_6fko5_10 layout-component text-serif-m layout-normal text-serif-m layout-padded\">\u00c5rsaken er en kritisk mangel p\u00e5 Patriot-missiler, forklarer Kevliuk. Han mener Russland utnytter denne svakheten helt bevisst.<\/p>\n<p class=\"_paragraph_145nj_4 _paragraph_6fko5_10 layout-component text-serif-m layout-normal text-serif-m layout-padded\">\u2013 M\u00e5let er \u00e5 legge maksimalt psykologisk press p\u00e5 hovedstaden, sier Kevliuk.<\/p>\n","protected":false},"excerpt":{"rendered":"Til n\u00e5 er ni drept og 28 skadet i missilangrepet som rammet hovedstaden i natt. Rapporterer fra Kyiv&hellip;\n","protected":false},"author":2,"featured_media":308777,"comment_status":"","ping_status":"","sticky":false,"template":"","format":"standard","meta":{"footnotes":"","_share_on_mastodon":"0"},"categories":[5],"tags":[20,21,24,25,15,19,179,3137,22,23,17,18,13,30,28,29,14,16,188,26,27,489,488],"class_list":["post-308776","post","type-post","status-publish","format-standard","has-post-thumbnail","category-overskrifter","tag-breaking-news","tag-breakingnews","tag-featured-news","tag-featurednews","tag-headlines","tag-hovedoppslag","tag-krigen-i-ukraina","tag-kyiv","tag-latest-news","tag-latestnews","tag-main-news","tag-mainnews","tag-news","tag-no","tag-norge","tag-norway","tag-nyheter","tag-overskrifter","tag-russland","tag-top-stories","tag-topstories","tag-ukraina","tag-volodymyr-zelenskyj"],"share_on_mastodon":{"url":"","error":""},"_links":{"self":[{"href":"https:\/\/www.europesays.com\/no\/wp-json\/wp\/v2\/posts\/308776","targetHints":{"allow":["GET"]}}],"collection":[{"href":"https:\/\/www.europesays.com\/no\/wp-json\/wp\/v2\/posts"}],"about":[{"href":"https:\/\/www.europesays.com\/no\/wp-json\/wp\/v2\/types\/post"}],"author":[{"embeddable":true,"href":"https:\/\/www.europesays.com\/no\/wp-json\/wp\/v2\/users\/2"}],"replies":[{"embeddable":true,"href":"https:\/\/www.europesays.com\/no\/wp-json\/wp\/v2\/comments?post=308776"}],"version-history":[{"count":0,"href":"https:\/\/www.europesays.com\/no\/wp-json\/wp\/v2\/posts\/308776\/revisions"}],"wp:featuredmedia":[{"embeddable":true,"href":"https:\/\/www.europesays.com\/no\/wp-json\/wp\/v2\/media\/308777"}],"wp:attachment":[{"href":"https:\/\/www.europesays.com\/no\/wp-json\/wp\/v2\/media?parent=308776"}],"wp:term":[{"taxonomy":"category","embeddable":true,"href":"https:\/\/www.europesays.com\/no\/wp-json\/wp\/v2\/categories?post=308776"},{"taxonomy":"post_tag","embeddable":true,"href":"https:\/\/www.europesays.com\/no\/wp-json\/wp\/v2\/tags?post=308776"}],"curies":[{"name":"wp","href":"https:\/\/api.w.org\/{rel}","templated":true}]}}