{"id":309116,"date":"2026-08-01T12:59:12","date_gmt":"2026-08-01T12:59:12","guid":{"rendered":"https:\/\/www.europesays.com\/no\/309116\/"},"modified":"2026-08-01T12:59:12","modified_gmt":"2026-08-01T12:59:12","slug":"frank-loke-sykkelritt-frank-loke-syklet-700-kilometer-sjekkes-for-rabdomyolyse-2","status":"publish","type":"post","link":"https:\/\/www.europesays.com\/no\/309116\/","title":{"rendered":"Frank L\u00f8ke, Sykkelritt | Frank L\u00f8ke syklet 700 kilometer: \u2013 Sjekkes for rabdomyolyse"},"content":{"rendered":"<p> (<a href=\"https:\/\/www.nettavisen.no\" rel=\"nofollow noopener\" target=\"_blank\">Nettavisen<\/a>) <\/p>\n<p>Denne uken har Frank L\u00f8ke v\u00e6rt blant dem som har syklet 700 kilometer i strekk gjennom de s\u00f8lete og steinete veiene i Finnmarks natur.<\/p>\n<p>Tidligere denne uken uttalte L\u00f8ke til Nettavisen at det elleville sykkelrittet var det <a href=\"https:\/\/www.nettavisen.no\/kjendis\/frank-loke-sykler-700-kilometer-verste-jeg-har-vart-med-pa-noensinne\/s\/5-95-3173365\" rel=\"Follow nofollow noopener\" target=\"_blank\">\u00abverste jeg har v\u00e6rt med p\u00e5 noensinne\u00bb<\/a>.<\/p>\n<p><b>Les ogs\u00e5: <a href=\"https:\/\/www.nettavisen.no\/kjendis\/subjekt-redaktor-danby-choi-hater-utenlandsferie\/s\/5-95-3172898\" rel=\"Follow nofollow noopener\" target=\"_blank\">Subjekt-redakt\u00f8r: Slenger helst politikere p\u00e5 grillen<\/a><\/b><\/p>\n<p>L\u00f8rdag formiddag ser det ut til at L\u00f8ke er i m\u00e5l, og at kroppen har f\u00e5tt kjenne p\u00e5 konsekvensene av den ekstreme utfordringen.<\/p>\n<p>P\u00e5 <a href=\"https:\/\/www.instagram.com\/p\/DbfO408sDWh\/?igsh=MWF3emU4eTZ4eHJ6Yw%3D%3D\" rel=\"Follow nofollow noopener\" target=\"_blank\">Instagram<\/a> har L\u00f8ke publisert et bilde av seg selv, hvor det kan se ut til at han har endt opp p\u00e5 sykehuset. N\u00e5 sjekkes han for r.<\/p>\n<p>\u2013 Ga alt. Sjekkes for rabdomyolyse, skriver L\u00f8ke p\u00e5 <a href=\"https:\/\/www.instagram.com\/p\/DbfO408sDWh\/?igsh=MWF3emU4eTZ4eHJ6Yw%3D%3D\" rel=\"Follow nofollow noopener\" target=\"_blank\">Instagram<\/a>.<\/p>\n<p>    Endte p\u00e5 6. plass <\/p>\n<p>Totalt brukte han 110 timer, 49 minutter og 47 sekunder p\u00e5 \u00e5 krysse Finnmarksvidda \u2013 med kun seks timers s\u00f8vn underveis. Det holdt til en sterk 6.-plass. L\u00f8ke gjennomf\u00f8rte rittet sammen med Markus Lillemoen, <a href=\"https:\/\/www.kp.no\/tidenes-yngste-nordmann-altavaringen-markus-20-ble-historisk\/s\/5-168-176420\" rel=\"Follow nofollow noopener\" target=\"_blank\">som ble historisk da han syklet over m\u00e5lstreken<\/a>. Han ble tidenes yngste nordmann til \u00e5 fullf\u00f8re verdens t\u00f8ffste terrensykkelritt.\u00a0<\/p>\n<p>   <img decoding=\"async\" width=\"1080\" height=\"720\" fetchpriority=\"low\"  loading=\"lazy\"  src=\"https:\/\/www.europesays.com\/no\/wp-content\/uploads\/2026\/08\/IMG_7715.jpeg\" alt=\"\" class=\"brick-c-cFOWSL\" style=\"--brick-image-ratio: 1080 \/ 720;\"\/><\/p>\n<p>      HISTORISK: Frank L\u00f8ke og Markus Lillemoen fullf\u00f8rte OF700 sammen. Sistnevnte ble historisk da han ankom m\u00e5l.<br \/>\n      Foto: Marthe Nyvoll\n    <\/p>\n<p>Men ekstremanstrengelsen har kostet dyrt. Fra sykesengen i Hammerfest forteller L\u00f8ke at han er helt m\u00f8rbanket.<\/p>\n<p>\u2013 Jeg har sikkert over 200 myggstikk p\u00e5 kroppen. Jeg har v\u00e6rt seks dager ute og bare syklet. Vi har 16 timers obligatorisk hvile, men jeg har bare sovet i seks av dem, sier en sliten L\u00f8ke til Nettavisen.<\/p>\n<p><b>Les ogs\u00e5: <a href=\"https:\/\/www.nettavisen.no\/kjendis\/sanna-sarromaa-trodde-mannen-var-utro-kollapset\/s\/5-95-3151033\" rel=\"Follow nofollow noopener\" target=\"_blank\">Trodde mannen var utro: \u2013 Kollapset<\/a><\/b><\/p>\n<p>Den enorme belastningen har gitt ham en lang liste over tydelige spor:<\/p>\n<p>\u2013 Jeg klarer ikke \u00e5 sitte, for jeg har f\u00e5tt sittes\u00e5r i r\u00e6va, liksom. Jeg har \u00f8delagt venstre kne, masse s\u00e5r og blemmer over hele kroppen. L\u00e5rene og leggene har bare hovnet skikkelig opp, sier L\u00f8ke, som forteller at han frykter at hevelsen og nyrepr\u00f8vene skal bekrefte rabdomyolyse.<\/p>\n<p>   <img decoding=\"async\" width=\"1500\" height=\"1000\" fetchpriority=\"low\"  loading=\"lazy\"  src=\"https:\/\/www.europesays.com\/no\/wp-content\/uploads\/2026\/08\/IMG_7716.jpeg\" alt=\"\" class=\"brick-c-cFOWSL\" style=\"--brick-image-ratio: 1500 \/ 1000;\"\/><\/p>\n<p>      M\u00d8RBANKA: Over telefon sier Frank L\u00f8ke til Nettavisen at han er m\u00f8rbanka og ferdig.<br \/>\n      Foto: Marthe Nyvoll\n    <\/p>\n<p>Selv om L\u00f8ke er glad i \u00e5 vise seg som en sterk actionmann, innr\u00f8mmer han at det n\u00e5 synger p\u00e5 det siste verset.<\/p>\n<p>\u2013 N\u00e5 har jeg det ikke bra, jeg er s\u00e5 stiv. Og beina mine \u2026 Det bildet p\u00e5 Instagram er ikke KI. Jeg har egentlig ganske fine, ordentlig proporsjonerte bein. N\u00e5 ser de bare klumpete og rare ut.<\/p>\n<p>Voltaren i rumpa<\/p>\n<p>Smertene underveis p\u00e5 sykkelen var s\u00e5 ekstreme at han m\u00e5tte ta ekstreme og drastiske grep for i det hele tatt \u00e5 klare \u00e5 fullf\u00f8re, selv for L\u00f8ke.<\/p>\n<p>\u2013 De siste 20 timene m\u00e5tte jeg st\u00e5 og sykle. Jeg kunne ikke sette rumpa ned p\u00e5 setet p\u00e5 grunn av s\u00e5ret, sier han til Nettavisen.<\/p>\n<p>   <img decoding=\"async\" width=\"1200\" height=\"800\" fetchpriority=\"low\"  loading=\"lazy\"  src=\"https:\/\/www.europesays.com\/no\/wp-content\/uploads\/2026\/08\/IMG_7456.jpeg\" alt=\"\" class=\"brick-c-cFOWSL\" style=\"--brick-image-ratio: 1200 \/ 800;\"\/><\/p>\n<p>      SISTE UTVEI: Frank L\u00f8ke fikk s\u00e5 vondt i rumpa at han m\u00e5tte sm\u00f8re seg med voltaren og sykle st\u00e5ende.<br \/>\n      Foto: Marthe Nyvoll\n    <\/p>\n<p>Etter flere d\u00f8gn p\u00e5 sykkelsetet s\u00e5 ikke L\u00f8ke noen annen utvei enn \u00e5 sm\u00f8re smertestillende salve i rumpa. Noe leger frar\u00e5der p\u00e5 det sterkeste.<\/p>\n<p>\u2013 Det er siste utvei. Ingen leger anbefaler det, de sier du er dum. Men det hjelper! Det svir noe helt j\u00e6vlig i \u00f8yeblikket du gj\u00f8r det, men etter litt tid merker du at det hjelper. Jeg brukte en hel tube med Voltaren i r\u00e6va, forteller han.<\/p>\n<p>\u2013 Norseman er en fis i forhold<\/p>\n<p>Sykkelrittet Offroad Finnmark (OF700) omtales som et av verdens lengste og t\u00f8ffeste terrengsykkelritt. Rittet starter og slutter i Alta, og inkluderer b\u00e5de 700 kilometer og 10 000 h\u00f8ydemeter langs Finnmarksvidda.<\/p>\n<p>Les ogs\u00e5:\u00a0<\/p>\n<p>L\u00f8ke, som tidligere har fullf\u00f8rt alt fra Everest-ekspedisjoner til Norseman, mener ingenting kan sammenlignes med p\u00e5kjenningen i Finnmark.<\/p>\n<p>\u2013 Alts\u00e5, Norseman er en fis! Det t\u00f8ffeste jeg noen gang har gjort i konkurranseform, det er Offroad Finnmark 700. Det er ingen ting som er i n\u00e6rheten engang.<\/p>\n<p>   <img decoding=\"async\" width=\"1536\" height=\"2048\" fetchpriority=\"low\"  loading=\"lazy\"  src=\"https:\/\/www.europesays.com\/no\/wp-content\/uploads\/2026\/08\/att.YjCwWgpjQdlXs8lsFin1mhfQdG0ftsn43veMFLF8tYE.jpeg\" alt=\"\" class=\"brick-c-cFOWSL\" style=\"--brick-image-ratio: 1536 \/ 2048;\"\/><\/p>\n<p>      KAPUTT: Da Frank L\u00f8ke ankom m\u00e5lstreken sa kroppen stopp.<br \/>\n      Foto: Morten Broks\n    <\/p>\n<p>N\u00e5 venter han p\u00e5 de endelige pr\u00f8vesvarene fra legene i Hammerfest for \u00e5 se om han m\u00e5 bli v\u00e6rende p\u00e5 sykehuset i noen dager.<\/p>\n<p>\u2013 Det er kjempealvorlig, s\u00e5 jeg ligger her og h\u00e5per at det g\u00e5r bra. N\u00e5 ligger jeg bare her og har lyst til \u00e5 ringe mamma, avslutter L\u00f8ke.<\/p>\n<p><script async src=\"\/\/www.instagram.com\/embed.js\"><\/script><\/p>\n","protected":false},"excerpt":{"rendered":"(Nettavisen) Denne uken har Frank L\u00f8ke v\u00e6rt blant dem som har syklet 700 kilometer i strekk gjennom de&hellip;\n","protected":false},"author":2,"featured_media":309117,"comment_status":"","ping_status":"","sticky":false,"template":"","format":"standard","meta":{"footnotes":"","_share_on_mastodon":"0"},"categories":[10],"tags":[36,20,21,24,25,1561,15,479,1153,22,23,13,30,28,29,14,24733,16,25009,1510,373,26,27],"class_list":["post-309116","post","type-post","status-publish","format-standard","has-post-thumbnail","category-norge","tag-art","tag-breaking-news","tag-breakingnews","tag-featured-news","tag-featurednews","tag-frank-loke","tag-headlines","tag-kjendis","tag-kjendisvarsel","tag-latest-news","tag-latestnews","tag-news","tag-no","tag-norge","tag-norway","tag-nyheter","tag-offroad-finnmark","tag-overskrifter","tag-rabdomyolyse","tag-story","tag-sykkelritt","tag-top-stories","tag-topstories"],"share_on_mastodon":{"url":"https:\/\/pubeurope.com\/@no\/117020378553915528","error":""},"_links":{"self":[{"href":"https:\/\/www.europesays.com\/no\/wp-json\/wp\/v2\/posts\/309116","targetHints":{"allow":["GET"]}}],"collection":[{"href":"https:\/\/www.europesays.com\/no\/wp-json\/wp\/v2\/posts"}],"about":[{"href":"https:\/\/www.europesays.com\/no\/wp-json\/wp\/v2\/types\/post"}],"author":[{"embeddable":true,"href":"https:\/\/www.europesays.com\/no\/wp-json\/wp\/v2\/users\/2"}],"replies":[{"embeddable":true,"href":"https:\/\/www.europesays.com\/no\/wp-json\/wp\/v2\/comments?post=309116"}],"version-history":[{"count":0,"href":"https:\/\/www.europesays.com\/no\/wp-json\/wp\/v2\/posts\/309116\/revisions"}],"wp:featuredmedia":[{"embeddable":true,"href":"https:\/\/www.europesays.com\/no\/wp-json\/wp\/v2\/media\/309117"}],"wp:attachment":[{"href":"https:\/\/www.europesays.com\/no\/wp-json\/wp\/v2\/media?parent=309116"}],"wp:term":[{"taxonomy":"category","embeddable":true,"href":"https:\/\/www.europesays.com\/no\/wp-json\/wp\/v2\/categories?post=309116"},{"taxonomy":"post_tag","embeddable":true,"href":"https:\/\/www.europesays.com\/no\/wp-json\/wp\/v2\/tags?post=309116"}],"curies":[{"name":"wp","href":"https:\/\/api.w.org\/{rel}","templated":true}]}}