{"id":309220,"date":"2026-08-01T15:10:07","date_gmt":"2026-08-01T15:10:07","guid":{"rendered":"https:\/\/www.europesays.com\/no\/309220\/"},"modified":"2026-08-01T15:10:07","modified_gmt":"2026-08-01T15:10:07","slug":"asker-trafikk-syklist-til-sykehus-etter-kollisjon-med-bil","status":"publish","type":"post","link":"https:\/\/www.europesays.com\/no\/309220\/","title":{"rendered":"Asker, Trafikk | Syklist til sykehus etter kollisjon med bil"},"content":{"rendered":"\n<p><b>R\u00d8YKEN:<\/b> En syklist er sendt til sykehus etter \u00e5 ha kolllidert med en bil langs Slemmestadveien.<\/p>\n<p>\u2013 Politiet har kontroll p\u00e5 begge parter. Brannvesenet dirigerer trafikken forbi ulykkesstedet, meldte operasjonsleder Kristine Bryntesen Hedly i Oslo politidistrikt i politiloggen i 15:30-tiden. <\/p>\n<p>If\u00f8lge Hedly har syklisten smerter i kroppen og f\u00e5r tilsyn av ambulanse p\u00e5 stedet.<\/p>\n<p>Klokken 15:56 melder operasjonslederen at syklisten er fraktet til sykehus. Syklisten har if\u00f8lge operasjonsleder Gruo Sandnes smerter og skrubbs\u00e5r, og er v\u00e5ken og bevisst. <\/p>\n<p>Politiet oppretter sak.<\/p>\n","protected":false},"excerpt":{"rendered":"R\u00d8YKEN: En syklist er sendt til sykehus etter \u00e5 ha kolllidert med en bil langs Slemmestadveien. \u2013 Politiet&hellip;\n","protected":false},"author":2,"featured_media":309221,"comment_status":"","ping_status":"","sticky":false,"template":"","format":"standard","meta":{"footnotes":"","_share_on_mastodon":"0"},"categories":[10],"tags":[36,996,20,21,24,25,15,22,23,13,30,28,29,14,16,13340,1510,26,27,224],"class_list":["post-309220","post","type-post","status-publish","format-standard","has-post-thumbnail","category-norge","tag-art","tag-asker","tag-breaking-news","tag-breakingnews","tag-featured-news","tag-featurednews","tag-headlines","tag-latest-news","tag-latestnews","tag-news","tag-no","tag-norge","tag-norway","tag-nyheter","tag-overskrifter","tag-royken","tag-story","tag-top-stories","tag-topstories","tag-trafikk"],"share_on_mastodon":{"url":"https:\/\/pubeurope.com\/@no\/117020892950808825","error":""},"_links":{"self":[{"href":"https:\/\/www.europesays.com\/no\/wp-json\/wp\/v2\/posts\/309220","targetHints":{"allow":["GET"]}}],"collection":[{"href":"https:\/\/www.europesays.com\/no\/wp-json\/wp\/v2\/posts"}],"about":[{"href":"https:\/\/www.europesays.com\/no\/wp-json\/wp\/v2\/types\/post"}],"author":[{"embeddable":true,"href":"https:\/\/www.europesays.com\/no\/wp-json\/wp\/v2\/users\/2"}],"replies":[{"embeddable":true,"href":"https:\/\/www.europesays.com\/no\/wp-json\/wp\/v2\/comments?post=309220"}],"version-history":[{"count":0,"href":"https:\/\/www.europesays.com\/no\/wp-json\/wp\/v2\/posts\/309220\/revisions"}],"wp:featuredmedia":[{"embeddable":true,"href":"https:\/\/www.europesays.com\/no\/wp-json\/wp\/v2\/media\/309221"}],"wp:attachment":[{"href":"https:\/\/www.europesays.com\/no\/wp-json\/wp\/v2\/media?parent=309220"}],"wp:term":[{"taxonomy":"category","embeddable":true,"href":"https:\/\/www.europesays.com\/no\/wp-json\/wp\/v2\/categories?post=309220"},{"taxonomy":"post_tag","embeddable":true,"href":"https:\/\/www.europesays.com\/no\/wp-json\/wp\/v2\/tags?post=309220"}],"curies":[{"name":"wp","href":"https:\/\/api.w.org\/{rel}","templated":true}]}}