{"id":309332,"date":"2026-08-01T17:48:14","date_gmt":"2026-08-01T17:48:14","guid":{"rendered":"https:\/\/www.europesays.com\/no\/309332\/"},"modified":"2026-08-01T17:48:14","modified_gmt":"2026-08-01T17:48:14","slug":"dro-inn-23-millioner-spurte-nar-vi-skulle-flytte-til-hollywood-e24","status":"publish","type":"post","link":"https:\/\/www.europesays.com\/no\/309332\/","title":{"rendered":"Dro inn 23 millioner: \u2013 Spurte n\u00e5r vi skulle flytte til Hollywood \u2013 E24"},"content":{"rendered":"\n<p class=\"_textTheme_1yhmn_1 _lead_16k26_2 _lead_3ue4t_18 layout-component layout-wide layout-padded _lead_o6m9k_5 body-large _wide_o6m9k_9\">Produksjonsselskapet Montreux Film &amp; Fjernsyn mer enn doblet omsetningen i 2025.<\/p>\n<p><img alt=\"J\u00f8rgen H\u00f8st og Erik Solbakken dro over til USA for \u00e5 se hvordan den amerikanske versjonen av \u00abNorges dummeste\u00bb ble laget.\" class=\"_image_1jxax_84 layout-component layout-wide\" data-fullscreen- data-track-element-type=\"Article image fullscreen\" data-track-name=\"ImageFullscreen\" fetchpriority=\"high\" decoding=\"sync\" loading=\"eager\" height=\"763\" itemprop=\"image\"  src=\"https:\/\/www.europesays.com\/no\/wp-content\/uploads\/2026\/08\/1dc5212a-0087-3787-b019-f0604bd44bc2.jpeg\"  style=\"object-position:0% 0%\" width=\"1119\"\/>J\u00f8rgen H\u00f8st og Erik Solbakken dro over til USA for \u00e5 se hvordan den amerikanske versjonen av \u00abNorges dummeste\u00bb ble laget.  Foto: MontreuxVis mer         <\/p>\n<p>Oppsummeringen er laget med kunstig intelligens og kvalitetssikret av E24s journalister.<\/p>\n<ul class=\"_list_16k26_3 _list_tj395_103 _unordered_16k26_103 _textTheme_1yhmn_1 body-small\">\n<li class=\"_item_16k26_63\">Montreux Film &amp; Fjernsyn mer enn doblet omsetningen fra 9,1 til 23,2 millioner kroner i 2025.<\/li>\n<li class=\"_item_16k26_63\">Selskapet har f\u00e5tt internasjonalt gjennombrudd med TV-konseptet \u00abNorges dummeste\u00bb, som n\u00e5 selges til USA, Tyskland og flere land.<\/li>\n<li class=\"_item_16k26_63\">Eierne tok ut 5 millioner kroner i utbytte etter rekord\u00e5ret.<\/li>\n<\/ul>\n<p>Vis mer  <\/p>\n<p class=\"_textTheme_1yhmn_1 _paragraph_16k26_4 _paragraph_3ue4t_27 layout-component layout-normal layout-padded body-medium\">Produksjonsselskapet Montreux Film &amp; Fjernsyn, som eies av Erik Solbakken og J\u00f8rgen H\u00f8st, leverte sitt klart beste regnskaps\u00e5r til n\u00e5 i 2025.<\/p>\n<p class=\"_textTheme_1yhmn_1 _paragraph_16k26_4 _paragraph_3ue4t_27 layout-component layout-normal layout-padded body-medium\">Samtidig har selskapet f\u00e5tt internasjonalt gjennombrudd ved \u00e5 selge TV-konsepter til utlandet.<\/p>\n<p class=\"_textTheme_1yhmn_1 _paragraph_16k26_4 _paragraph_3ue4t_27 layout-component layout-normal layout-padded body-medium\">\u2013 En amerikansk agent spurte oss n\u00e5r vi skulle flytte til Hollywood, skriver medgr\u00fcnder og daglig leder, J\u00f8rgen H\u00f8st, til E24.<\/p>\n<p>     <img decoding=\"async\" alt=\"Bilde av J\u00f8rgen H\u00f8st\" class=\"_image_xaoye_47\" height=\"42\" itemprop=\"image\" loading=\"lazy\"  src=\"https:\/\/www.europesays.com\/no\/wp-content\/uploads\/2026\/08\/0dbffaa2-a6dc-31ec-9ad7-f9512bdd6ffc.jpeg\"  width=\"40\"\/>    J\u00f8rgen H\u00f8st  <\/p>\n<p class=\"_textTheme_1yhmn_1 _paragraph_16k26_4 _title_xaoye_61 body-small\">Medeier og daglig leder i Montreux Film &amp; Fjernsyn<\/p>\n<p class=\"_textTheme_1yhmn_1 _paragraph_16k26_4 _paragraph_3ue4t_27 layout-component layout-normal layout-padded body-medium\"><strong class=\"_strong_16k26_20\">Selskapet til H\u00f8st og Solbakken \u00f8kte omsetningen fra 9,1 millioner kroner i 2024 til 23,2 millioner kroner i 2025. Det er mer enn en dobling av selskapets inntekt. <\/strong><\/p>\n<p> <a class=\"_link_12q07_20\" data-track-id=\"teaser:oEwJGa\" data-track-impression=\"true\" data-track-name=\"Aksjefavoritter for h\u00f8sten: \u2013 Sannsynligvis det neste gullegget\" data-track-element-size=\"small\" data-track-element-type=\"Teaser\" data-track-image-url=\"https:\/\/www.europesays.com\/no\/wp-content\/uploads\/2026\/08\/1785606490_387_e85bebb3-ae7e-3eb9-9be4-9ea3f1653761.jpeg\" data-track-layout-name=\"image:right\" data-track-position-source=\"related-article\" href=\"https:\/\/e24.no\/boers-og-finans\/i\/oEwJGa\/aksjefavoritter-for-hoesten-sannsynligvis-det-neste-gullegget\" rel=\"nofollow noopener\" target=\"_blank\"><img decoding=\"async\" alt=\"\" class=\"_image_12q07_77\" height=\"3315\" loading=\"lazy\"  src=\"https:\/\/www.europesays.com\/no\/wp-content\/uploads\/2026\/08\/1785606490_387_e85bebb3-ae7e-3eb9-9be4-9ea3f1653761.jpeg\"  width=\"4972\"\/><\/p>\n<p class=\"label-small _kicker_12q07_98\">Les ogs\u00e5<\/p>\n<p>Aksjefavoritter for h\u00f8sten: \u2013 Sannsynligvis det neste gullegget<\/a> F\u00f8rste sesong er mest krevende  <\/p>\n<p class=\"_textTheme_1yhmn_1 _paragraph_16k26_4 _paragraph_3ue4t_27 layout-component layout-normal layout-padded body-medium\">H\u00f8st forteller at de ikke har planer om \u00e5 flytte til USA med det f\u00f8rste, og at de trives godt p\u00e5 kontoret i Oslo. <\/p>\n<p class=\"_textTheme_1yhmn_1 _paragraph_16k26_4 _paragraph_3ue4t_27 layout-component layout-normal layout-padded body-medium\">Rekord\u00e5ret er et resultat av en langsiktig strategi om \u00e5 utvikle egne prosjekter. <\/p>\n<p class=\"_textTheme_1yhmn_1 _paragraph_16k26_4 _paragraph_3ue4t_27 layout-component layout-normal layout-padded body-medium\"><strong class=\"_strong_16k26_20\">\u2013 Vi har brukt flere \u00e5r p\u00e5 \u00e5 pr\u00f8ve \u00e5 lage konsepter som lever lenger enn \u00e9n sesong, sier H\u00f8st.<\/strong><\/p>\n<p class=\"_textTheme_1yhmn_1 _paragraph_16k26_4 _paragraph_3ue4t_27 layout-component layout-normal layout-padded body-medium\">Han forklarer videre at det er de f\u00f8rste sesongene som ofte er det mest krevende, b\u00e5de kreativt og \u00f8konomisk.<\/p>\n<p class=\"_textTheme_1yhmn_1 _paragraph_16k26_4 _paragraph_3ue4t_27 layout-component layout-normal layout-padded body-medium\">\u2013 N\u00e5r et program blir bestilt igjen og igjen, begynner investeringene \u00e5 gi avkastning, legger H\u00f8st til. <\/p>\n<p> <img alt=\"Erik Solbakken og J\u00f8rgen H\u00f8st fikk m\u00f8te Steve-O fra Jackass, mens de var p\u00e5 innspilling av \u00abNation\u2019s Dumbest\u00bb.\" class=\"_image_1jxax_84 layout-component layout-normal\" data-fullscreen- data-track-element-type=\"Article image fullscreen\" data-track-name=\"ImageFullscreen\" decoding=\"async\" loading=\"lazy\" height=\"2446\" itemprop=\"image\"  src=\"https:\/\/www.europesays.com\/no\/wp-content\/uploads\/2026\/08\/794b64e6-5a7c-3cbe-8780-61c59be2c8e1.jpeg\"  style=\"object-position:0% 0%\" width=\"2999\"\/>Erik Solbakken og J\u00f8rgen H\u00f8st fikk m\u00f8te Steve-O fra Jackass, mens de var p\u00e5 innspilling av \u00abNation\u2019s Dumbest\u00bb. Foto: MontreuxVis mer  Tok ut 5 millioner i utbytte  <\/p>\n<p class=\"_textTheme_1yhmn_1 _paragraph_16k26_4 _paragraph_3ue4t_27 layout-component layout-normal layout-padded body-medium\">H\u00f8st peker p\u00e5 at det er nettopp denne langsiktige satsingen som forklarer det sterke resultatl\u00f8ftet i 2025. Samtidig har selskapet hatt h\u00f8y aktivitet med produksjoner for flere kanaler.<\/p>\n<p class=\"_textTheme_1yhmn_1 _paragraph_16k26_4 _paragraph_3ue4t_27 layout-component layout-normal layout-padded body-medium\">Produksjonsselskapets driftsresultat steg fra 437.000 kroner til 5,2 millioner kroner, mens \u00e5rsresultatet endte p\u00e5 4,1 millioner kroner, opp fra 340.000 kroner \u00e5ret f\u00f8r.<\/p>\n<p class=\"_textTheme_1yhmn_1 _paragraph_16k26_4 _paragraph_3ue4t_27 layout-component layout-normal layout-padded body-medium\">Eierne tok samtidig ut 5 millioner kroner i utbytte.<\/p>\n<p class=\"_textTheme_1yhmn_1 _paragraph_16k26_4 _paragraph_3ue4t_27 layout-component layout-normal layout-padded body-medium\">H\u00f8st og Solbakken eier 40 prosent hver av selskapet, den resterende delen er eid av The Oslo Company AS som har flere aksjonerer blant annet Reitan Retail AS. <\/p>\n<p class=\"_textTheme_1yhmn_1 _paragraph_16k26_4 _paragraph_3ue4t_27 layout-component layout-normal layout-padded body-medium\">Selskapet hadde fire registrerte \u00e5rsverk i 2025, og l\u00f8nnskostnader p\u00e5 1,4 millioner kroner. <\/p>\n<p>  <img alt=\"Danseren Jojo Siwa og rapperen og skuespilleren Ice-T er noen av deltagerne.\" class=\"_image_1jxax_84 layout-component layout-normal\" data-fullscreen- data-track-element-type=\"Article image fullscreen\" data-track-name=\"ImageFullscreen\" decoding=\"async\" loading=\"lazy\" height=\"2832\" itemprop=\"image\"  src=\"https:\/\/www.europesays.com\/no\/wp-content\/uploads\/2026\/08\/e41be86b-3597-3813-9b3c-22b4f602a5ca.jpeg\"  style=\"object-position:0% 0%\" width=\"4240\"\/>Danseren Jojo Siwa og rapperen og skuespilleren Ice-T er noen av deltagerne. Foto: MontreuxVis mer TV-suksess ble eksportvare <\/p>\n<p class=\"_textTheme_1yhmn_1 _paragraph_16k26_4 _paragraph_3ue4t_27 layout-component layout-normal layout-padded body-medium\">Den st\u00f8rste suksessen er \u00abNorges dummeste\u00bb, utviklet av Solbakken og H\u00f8st, som ble en umiddelbar seersuksess p\u00e5 TV 2, med <a href=\"https:\/\/presse.tv2.no\/pressemelding\/18694756\" class=\"_link_16k26_32\" rel=\"nofollow noopener\" target=\"_blank\">over \u00e9n million seere i snitt per episode i de to f\u00f8rste sesongene.<\/a><\/p>\n<p class=\"_textTheme_1yhmn_1 _paragraph_16k26_4 _paragraph_3ue4t_27 layout-component layout-normal layout-padded body-medium\">Selskapet inngikk en avtale med BBC Studios, som distribuerer formatet internasjonalt. F\u00f8rst kom Sverige, f\u00f8r Frankrike, Tyskland, Finland og Danmark fulgte etter.<\/p>\n<p class=\"_textTheme_1yhmn_1 _paragraph_16k26_4 _paragraph_3ue4t_27 layout-component layout-normal layout-padded body-medium\">I \u00e5r kom den kanskje st\u00f8rste milep\u00e6len da den amerikanske TV-giganten Fox bestilte en egen versjon under tittelen \u00abNation\u2019s Dumbest\u00bb.<\/p>\n<ul class=\"_gallery_1f6gv_33\" tabindex=\"0\">\n<li class=\"_item_1f6gv_64\" data-index=\"0\"><img decoding=\"async\" alt=\"\" class=\"_image_1rh6a_27 _articleGallery_1rh6a_43\" data-fullscreen- width=\"4240\" height=\"2832\" itemprop=\"image\" loading=\"lazy\"  src=\"https:\/\/www.europesays.com\/no\/wp-content\/uploads\/2026\/08\/1028f755-58b0-37b5-adff-d4095b4619da.jpeg\"  style=\"object-position:50% 50%;aspect-ratio:var(--gallery-aspect-ratio, 16 \/ 9)\"\/>\u00abNorges dummeste\u00bb har blitt til \u00abNation\u2019s Dumbest\u00bb i USA. Foto: Montreux<\/li>\n<li class=\"_item_1f6gv_64\" data-index=\"1\"><img decoding=\"async\" alt=\"\" class=\"_image_1rh6a_27 _articleGallery_1rh6a_43\" data-fullscreen- width=\"4240\" height=\"2832\" itemprop=\"image\" loading=\"lazy\"  src=\"https:\/\/www.europesays.com\/no\/wp-content\/uploads\/2026\/08\/786fc43d-e470-3cf6-9879-808e368cebc3.jpeg\"  style=\"object-position:50% 50%;aspect-ratio:var(--gallery-aspect-ratio, 16 \/ 9)\"\/>Steve-O jkjent fra Jackass er en av deltakerne. Foto: Montreux<\/li>\n<li class=\"_item_1f6gv_64\" data-index=\"2\"><img decoding=\"async\" alt=\"\" class=\"_image_1rh6a_27 _articleGallery_1rh6a_43\" data-fullscreen- width=\"4240\" height=\"2832\" itemprop=\"image\" loading=\"lazy\"  src=\"https:\/\/www.europesays.com\/no\/wp-content\/uploads\/2026\/08\/03803ba0-d294-3e5c-ae5d-7e10e1e92d0f.jpeg\"  style=\"object-position:50% 50%;aspect-ratio:var(--gallery-aspect-ratio, 16 \/ 9)\"\/>Alt er litt st\u00f8rre i USA. Foto: Montreux<\/li>\n<\/ul>\n<p>\u00abNorges dummeste\u00bb har blitt til \u00abNation\u2019s Dumbest\u00bb i USA. Foto: Montreux<\/p>\n<p class=\"_textTheme_1yhmn_1 _paragraph_16k26_4 _paragraph_3ue4t_27 layout-component layout-normal layout-padded body-medium\">\u2013 Det er veldig stas, og ganske absurd. \u00c5 v\u00e6re i et utenlandsk \u00abDummeste\u00bb-studio er som \u00e5 befinne seg i et parallelt univers. Alt ser kjent ut, men er samtidig helt annerledes, uttrykker han. <\/p>\n<p class=\"_textTheme_1yhmn_1 _paragraph_16k26_4 _paragraph_3ue4t_27 layout-component layout-normal layout-padded body-medium\"><strong class=\"_strong_16k26_20\">H\u00f8st forteller at de internasjonale avtalene enn\u00e5 ikke har gitt store utslag i regnskapet.<\/strong><\/p>\n<p class=\"_textTheme_1yhmn_1 _paragraph_16k26_4 _paragraph_3ue4t_27 layout-component layout-normal layout-padded body-medium\">\u2013 Regnskapet for 2025 er et resultat av norske produksjoner. Samtidig har vi inng\u00e5tt internasjonale avtaler som vil f\u00e5 st\u00f8rre betydning fremover. N\u00e5r et format selges til utlandet, tar det gjerne tid f\u00f8r det produseres og gir \u00f8konomiske utslag, sier han.<\/p>\n<p class=\"_textTheme_1yhmn_1 _paragraph_16k26_4 _paragraph_3ue4t_27 layout-component layout-normal layout-padded body-medium\">H\u00f8st forklarer videre at den internasjonale suksessen har v\u00e6rt g\u00f8y, spesielt fordi de f\u00e5r jobbe tett med produsenter i andre land, og f\u00e5r oppleve hvordan de l\u00f8ser utfordringer ved TV-produksjon. <\/p>\n<p> Har utviklet flere konsepter <\/p>\n<p class=\"_textTheme_1yhmn_1 _paragraph_16k26_4 _paragraph_3ue4t_27 layout-component layout-normal layout-padded body-medium\">Montreux ble etablert i 2020 av Solbakken og H\u00f8st etter mange \u00e5r i TV-bransjen.<\/p>\n<p class=\"_textTheme_1yhmn_1 _paragraph_16k26_4 _paragraph_3ue4t_27 layout-component layout-normal layout-padded body-medium\">\u2013 Vi har hatt formater som er blitt distribuert internasjonalt tidligere, s\u00e5 vi visste at muligheten fantes. Men det er noe helt annet n\u00e5r store kringkastere faktisk bestemmer seg for \u00e5 lage programmet, forklarer han. <\/p>\n<p class=\"_textTheme_1yhmn_1 _paragraph_16k26_4 _paragraph_3ue4t_27 layout-component layout-normal layout-padded body-medium\">Selskapet st\u00e5r ogs\u00e5 bak blant annet NRK-serien \u00abVi skal til VM!\u00bb, der Erik Solbakken og Morten Ramm f\u00f8lger det norske herrelandslaget i fotball fram mot VM.<\/p>\n<p class=\"_textTheme_1yhmn_1 _paragraph_16k26_4 _paragraph_3ue4t_27 layout-component layout-normal layout-padded body-medium\">Under \u00e5rets Nordiske Mediedager ble \u00abNorges dummeste\u00bb trukket fram sammen med \u00abBoksen\u00bb og \u00ab24-stjerners julekalender\u00bb som eksempler p\u00e5 norske konsepter som lykkes internasjonalt.<\/p>\n","protected":false},"excerpt":{"rendered":"Produksjonsselskapet Montreux Film &amp; Fjernsyn mer enn doblet omsetningen i 2025. J\u00f8rgen H\u00f8st og Erik Solbakken dro over&hellip;\n","protected":false},"author":2,"featured_media":309333,"comment_status":"","ping_status":"","sticky":false,"template":"","format":"standard","meta":{"footnotes":"","_share_on_mastodon":"0"},"categories":[12],"tags":[20,21,13570,24,25,15,22,23,13,30,28,29,14,16,26,27,1130,42,43,44,45],"class_list":["post-309332","post","type-post","status-publish","format-standard","has-post-thumbnail","category-verden","tag-breaking-news","tag-breakingnews","tag-erik-solbakken","tag-featured-news","tag-featurednews","tag-headlines","tag-latest-news","tag-latestnews","tag-news","tag-no","tag-norge","tag-norway","tag-nyheter","tag-overskrifter","tag-top-stories","tag-topstories","tag-tv2","tag-verden","tag-world","tag-world-news","tag-worldnews"],"share_on_mastodon":{"url":"https:\/\/pubeurope.com\/@no\/117021515447089567","error":""},"_links":{"self":[{"href":"https:\/\/www.europesays.com\/no\/wp-json\/wp\/v2\/posts\/309332","targetHints":{"allow":["GET"]}}],"collection":[{"href":"https:\/\/www.europesays.com\/no\/wp-json\/wp\/v2\/posts"}],"about":[{"href":"https:\/\/www.europesays.com\/no\/wp-json\/wp\/v2\/types\/post"}],"author":[{"embeddable":true,"href":"https:\/\/www.europesays.com\/no\/wp-json\/wp\/v2\/users\/2"}],"replies":[{"embeddable":true,"href":"https:\/\/www.europesays.com\/no\/wp-json\/wp\/v2\/comments?post=309332"}],"version-history":[{"count":0,"href":"https:\/\/www.europesays.com\/no\/wp-json\/wp\/v2\/posts\/309332\/revisions"}],"wp:featuredmedia":[{"embeddable":true,"href":"https:\/\/www.europesays.com\/no\/wp-json\/wp\/v2\/media\/309333"}],"wp:attachment":[{"href":"https:\/\/www.europesays.com\/no\/wp-json\/wp\/v2\/media?parent=309332"}],"wp:term":[{"taxonomy":"category","embeddable":true,"href":"https:\/\/www.europesays.com\/no\/wp-json\/wp\/v2\/categories?post=309332"},{"taxonomy":"post_tag","embeddable":true,"href":"https:\/\/www.europesays.com\/no\/wp-json\/wp\/v2\/tags?post=309332"}],"curies":[{"name":"wp","href":"https:\/\/api.w.org\/{rel}","templated":true}]}}