{"id":309532,"date":"2026-08-01T21:18:41","date_gmt":"2026-08-01T21:18:41","guid":{"rendered":"https:\/\/www.europesays.com\/no\/309532\/"},"modified":"2026-08-01T21:18:41","modified_gmt":"2026-08-01T21:18:41","slug":"fn-sjefen-advarer-heller-bensin-pa-en-planet-som-allerede-brenner-dagbladet","status":"publish","type":"post","link":"https:\/\/www.europesays.com\/no\/309532\/","title":{"rendered":"FN-sjefen advarer: &#8211; Heller bensin p\u00e5 en planet som allerede brenner &#8211; Dagbladet"},"content":{"rendered":"<ol>\n<li><a href=\"https:\/\/news.google.com\/rss\/articles\/CBMikwFBVV95cUxQZEF5YkRmTzdjbE14MHNodEVwemJISnFWX2FfVGJfb1JXWW5wTFkyTGZGaUtfQ0JMX2RlQi14QXROV2Y0Rlg5MzFuU2xhQTIwZXBTb05pZ01pZ29zVk9lWm83NGJodTZlODFhbDI4cmNZSE1CUUY0ZmZ5SlBrMVloQnFVYXZOa0dPUFlLTzR0RVc4b00?oc=5\" target=\"_blank\" rel=\"nofollow noopener\">FN-sjefen advarer: &#8211; Heller bensin p\u00e5 en planet som allerede brenner<\/a>&nbsp;&nbsp;Dagbladet<\/li>\n<li><a href=\"https:\/\/news.google.com\/rss\/articles\/CBMihgFBVV95cUxNZkp4V2dUR21keXViSkZvQ1pYY2k5ZDhQaWNaaC02Ylh1Umo0cVY4c0RpU3NHSmFQSEFrOTRFOS0xclRYMER6cUZ4dk9uRFBpYTdzWEdKN3Z3bEV4dkRTLVppd1loeVM3RnR0NmlGUXlIeGhSbU1VQlFHaXBaZmFuSHlhSWtHZw?oc=5\" target=\"_blank\" rel=\"nofollow noopener\">Varsler prissjokk p\u00e5 mat \u2013 slik rammes Norge<\/a>&nbsp;&nbsp;TV 2<\/li>\n<li><a href=\"https:\/\/news.google.com\/rss\/articles\/CBMid0FVX3lxTE1WU1BaRjhSVC0wM1BUWFY4bGRqQjhHbHlmcmZ3ODJ4T1Zxb1otNHU2QTNNcTU4N3F3aWhOZmFUYk55LWdGdkVOYWNTNldic19XdEdMT0Jpb0ptOXJGMlBYcXhzUDN5OHh0Qm9lNnhaWUV3Vi1UUHJr?oc=5\" target=\"_blank\" rel=\"nofollow noopener\">Sl\u00e5r alarm: Kan bli tidenes varmeste<\/a>&nbsp;&nbsp;ABC Nyheter<\/li>\n<li><a href=\"https:\/\/news.google.com\/rss\/articles\/CBMiuAFBVV95cUxPUE9VMTR0VDNCRlE4cGdnU18zemZlZ2ZmNXp3NFN0NWcyMTZZV3gtNGtjNWlLWVlGb1VDLXZuVXRHeXFnUnkzTkZoVndvbmdZcTRtVjIxcFd0N25CQkt2RXE2bmFPdGJhelh4VDMtcEg4UjM2OHFPRy1VcHE3U3VuTFd5RENZU09VMDdXeUtIcHVhVHJiN1FDZGZycWhTUkhnRnRvbWpXYjZ6c2FHNnZieVFJU1Vnb3ZE?oc=5\" target=\"_blank\" rel=\"nofollow noopener\">FN-sjefen advarer: El Ni\u00f1o heller bensin p\u00e5 en planet som allerede brenner<\/a>&nbsp;&nbsp;Aftenposten<\/li>\n<li><a href=\"https:\/\/news.google.com\/rss\/articles\/CBMikwFBVV95cUxNeVlNVGdjS2lJdjBqZm1KYWhjY1Rjek4zVXQyNmI4a1VadkdqOXJISGNEb2RpYmp5YWdYeG9FNWtDRG0wcGJHOTRneExLMURSY2dBSkxxWVNpeEpFYjFNS1dORDg4MENBTi0zZ25PZ2pBWkhaZGZzY0pnRlpFaHlDazBJd1ZfNjJxbjMyS1llQjBmZ1k?oc=5\" target=\"_blank\" rel=\"nofollow noopener\">FN-sjefen: \u2013\u2060 Verden m\u00e5 slutte \u00e5 helle bensin p\u00e5 b\u00e5let<\/a>&nbsp;&nbsp;VG<\/li>\n<\/ol>\n","protected":false},"excerpt":{"rendered":"FN-sjefen advarer: &#8211; Heller bensin p\u00e5 en planet som allerede brenner&nbsp;&nbsp;Dagbladet Varsler prissjokk p\u00e5 mat \u2013 slik rammes&hellip;\n","protected":false},"author":2,"featured_media":309533,"comment_status":"","ping_status":"","sticky":false,"template":"","format":"standard","meta":{"footnotes":"","_share_on_mastodon":"0"},"categories":[12],"tags":[20,21,20409,24,25,15,4351,22,23,13,30,28,29,14,16,26,27,412,42,43,44,45],"class_list":["post-309532","post","type-post","status-publish","format-standard","has-post-thumbnail","category-verden","tag-breaking-news","tag-breakingnews","tag-el-nino","tag-featured-news","tag-featurednews","tag-headlines","tag-klimaendringer","tag-latest-news","tag-latestnews","tag-news","tag-no","tag-norge","tag-norway","tag-nyheter","tag-overskrifter","tag-top-stories","tag-topstories","tag-utenriks","tag-verden","tag-world","tag-world-news","tag-worldnews"],"share_on_mastodon":{"url":"https:\/\/pubeurope.com\/@no\/117022340444575102","error":""},"_links":{"self":[{"href":"https:\/\/www.europesays.com\/no\/wp-json\/wp\/v2\/posts\/309532","targetHints":{"allow":["GET"]}}],"collection":[{"href":"https:\/\/www.europesays.com\/no\/wp-json\/wp\/v2\/posts"}],"about":[{"href":"https:\/\/www.europesays.com\/no\/wp-json\/wp\/v2\/types\/post"}],"author":[{"embeddable":true,"href":"https:\/\/www.europesays.com\/no\/wp-json\/wp\/v2\/users\/2"}],"replies":[{"embeddable":true,"href":"https:\/\/www.europesays.com\/no\/wp-json\/wp\/v2\/comments?post=309532"}],"version-history":[{"count":0,"href":"https:\/\/www.europesays.com\/no\/wp-json\/wp\/v2\/posts\/309532\/revisions"}],"wp:featuredmedia":[{"embeddable":true,"href":"https:\/\/www.europesays.com\/no\/wp-json\/wp\/v2\/media\/309533"}],"wp:attachment":[{"href":"https:\/\/www.europesays.com\/no\/wp-json\/wp\/v2\/media?parent=309532"}],"wp:term":[{"taxonomy":"category","embeddable":true,"href":"https:\/\/www.europesays.com\/no\/wp-json\/wp\/v2\/categories?post=309532"},{"taxonomy":"post_tag","embeddable":true,"href":"https:\/\/www.europesays.com\/no\/wp-json\/wp\/v2\/tags?post=309532"}],"curies":[{"name":"wp","href":"https:\/\/api.w.org\/{rel}","templated":true}]}}