{"id":309696,"date":"2026-08-02T02:51:21","date_gmt":"2026-08-02T02:51:21","guid":{"rendered":"https:\/\/www.europesays.com\/no\/309696\/"},"modified":"2026-08-02T02:51:21","modified_gmt":"2026-08-02T02:51:21","slug":"brann-hendelse-apne-flammer-fra-garasje-hadde-tent-opp-bal","status":"publish","type":"post","link":"https:\/\/www.europesays.com\/no\/309696\/","title":{"rendered":"Brann, Hendelse | \u00c5pne flammer fra garasje: \u2013 Hadde tent opp b\u00e5l"},"content":{"rendered":"\n<p>Det br\u00f8t ut brann i en frittst\u00e5ende garasje som st\u00e5r tett til en brakke i Kvernelandsvegen i Time kommune l\u00f8rdag ettermiddag.<\/p>\n<p>Brannen skal ogs\u00e5 ha spredt seg til noe gress og tr\u00e6r, if\u00f8lge meldingen.<\/p>\n<p>\u2013 Ikke fare for spredning til andre bygg. \u00c5pne flammer, ingen personskader meldt, opplyste etter hvert politiet.<\/p>\n<p>Like f\u00f8r klokken 16.00 oppdaterer politiet:<\/p>\n<p>\u2013 To menn som arbeidet p\u00e5 stedet innr\u00f8mmet at de hadde tent opp b\u00e5l inne i garasjen som hadde et hull i taket. Dette hadde kommet ut av kontroll og spredt seg til bygget. De er avh\u00f8rt p\u00e5 stedet og sak opprettes, sier operasjonsleder Steinar Knudsen.<\/p>\n<p>   <img decoding=\"async\" width=\"1530\" height=\"849\" fetchpriority=\"low\"  loading=\"lazy\"  src=\"https:\/\/www.europesays.com\/no\/wp-content\/uploads\/2026\/08\/Skjermbilde+2026-08-01+151120.png\" alt=\"\" class=\"brick-c-cFOWSL\" style=\"--brick-image-ratio: 1530 \/ 849;\"\/><\/p>\n","protected":false},"excerpt":{"rendered":"Det br\u00f8t ut brann i en frittst\u00e5ende garasje som st\u00e5r tett til en brakke i Kvernelandsvegen i Time&hellip;\n","protected":false},"author":2,"featured_media":309697,"comment_status":"","ping_status":"","sticky":false,"template":"","format":"standard","meta":{"footnotes":"","_share_on_mastodon":"0"},"categories":[10],"tags":[36,367,20,21,24,25,15,1576,22,23,13,30,28,29,14,16,254,1510,26,27],"class_list":["post-309696","post","type-post","status-publish","format-standard","has-post-thumbnail","category-norge","tag-art","tag-brann","tag-breaking-news","tag-breakingnews","tag-featured-news","tag-featurednews","tag-headlines","tag-hendelse","tag-latest-news","tag-latestnews","tag-news","tag-no","tag-norge","tag-norway","tag-nyheter","tag-overskrifter","tag-politi","tag-story","tag-top-stories","tag-topstories"],"share_on_mastodon":{"url":"https:\/\/pubeurope.com\/@no\/117023649847549967","error":""},"_links":{"self":[{"href":"https:\/\/www.europesays.com\/no\/wp-json\/wp\/v2\/posts\/309696","targetHints":{"allow":["GET"]}}],"collection":[{"href":"https:\/\/www.europesays.com\/no\/wp-json\/wp\/v2\/posts"}],"about":[{"href":"https:\/\/www.europesays.com\/no\/wp-json\/wp\/v2\/types\/post"}],"author":[{"embeddable":true,"href":"https:\/\/www.europesays.com\/no\/wp-json\/wp\/v2\/users\/2"}],"replies":[{"embeddable":true,"href":"https:\/\/www.europesays.com\/no\/wp-json\/wp\/v2\/comments?post=309696"}],"version-history":[{"count":0,"href":"https:\/\/www.europesays.com\/no\/wp-json\/wp\/v2\/posts\/309696\/revisions"}],"wp:featuredmedia":[{"embeddable":true,"href":"https:\/\/www.europesays.com\/no\/wp-json\/wp\/v2\/media\/309697"}],"wp:attachment":[{"href":"https:\/\/www.europesays.com\/no\/wp-json\/wp\/v2\/media?parent=309696"}],"wp:term":[{"taxonomy":"category","embeddable":true,"href":"https:\/\/www.europesays.com\/no\/wp-json\/wp\/v2\/categories?post=309696"},{"taxonomy":"post_tag","embeddable":true,"href":"https:\/\/www.europesays.com\/no\/wp-json\/wp\/v2\/tags?post=309696"}],"curies":[{"name":"wp","href":"https:\/\/api.w.org\/{rel}","templated":true}]}}