{"id":309772,"date":"2026-08-02T06:39:14","date_gmt":"2026-08-02T06:39:14","guid":{"rendered":"https:\/\/www.europesays.com\/no\/309772\/"},"modified":"2026-08-02T06:39:14","modified_gmt":"2026-08-02T06:39:14","slug":"politiloggen-krim-seks-bortvist-fra-d-d-e-konsert","status":"publish","type":"post","link":"https:\/\/www.europesays.com\/no\/309772\/","title":{"rendered":"Politiloggen, Krim | Seks bort\u00advist fra D.D.E.-kon\u00adsert"},"content":{"rendered":"\n<p>Klok\u00adken 02.54 opp\u00adlys\u00adte po\u00adli\u00adti\u00adet at det har v\u00e6rt or\u00addens\u00adfor\u00adstyr\u00adrel\u00adser i for\u00adbin\u00addel\u00adse med en kon\u00adsert med D.D.E. og Too Far Gone p\u00e5 Kors\u00adve\u00adgen sta\u00addi\u00adon i Mel\u00adhus. Det mel\u00addes at det var solgt i over\u00adkant av 2.000 bil\u00adlet\u00adter til kon\u00adser\u00adten.<\/p>\n<p>\u2013 I l\u00f8\u00adpet av ar\u00adran\u00adge\u00admen\u00adtet ble seks menn bort\u00advist fra ste\u00addet p\u00e5 grunn av or\u00addens\u00adfor\u00adstyr\u00adrel\u00adser. En av men\u00adne\u00adne kom\u00admer til \u00e5 bli an\u00admeldt for vold mot of\u00adfent\u00adlig tje\u00adnes\u00adte\u00adper\u00adson et\u00adter at han gikk til an\u00adgrep p\u00e5 en po\u00adli\u00adti\u00adtje\u00adnes\u00adte\u00admann, opp\u00adly\u00adser ope\u00adra\u00adsjons\u00adle\u00adder Ei\u00adnar R\u00f8st\u00adum.<\/p>\n<p>Den ak\u00adtu\u00adel\u00adle man\u00adnen er i 20-\u00e5re\u00adne. Han had\u00adde v\u00e6rt inn\u00adblan\u00addet i et slags\u00adm\u00e5l like for\u00adut for hen\u00addel\u00adsen. In\u00adgen ble ska\u00addet.<\/p>\n<p>St\u00f8y fra Esso<\/p>\n<p>Klok\u00adken 01.00 fikk po\u00adli\u00adti\u00adet mel\u00adding om st\u00f8y fra en bil ved Esso i Ver\u00addal. Bi\u00adlen sto med bak\u00adlu\u00adka \u00e5pen. Det har som kjent v\u00e6rt et gjentakende pro\u00adblem med st\u00f8y i om\u00adr\u00e5\u00addet, men po\u00adli\u00adti\u00adet had\u00adde ikke ka\u00adpa\u00adsi\u00adtet til \u00e5 dra til ste\u00addet.<\/p>\n<p>Fyr\u00adver\u00adke\u00adri i byg\u00adde\u00adsent\u00adrum<\/p>\n<p>Klok\u00adken 01.25 fikk po\u00adli\u00adti\u00adet mel\u00adding om fyr\u00adver\u00adke\u00adri som ble av\u00adfyrt i sent\u00adrum av Nam\u00addals\u00adeid. Po\u00adli\u00adti\u00adet had\u00adde ikke ka\u00adpa\u00adsi\u00adtet til \u00e5 un\u00adder\u00ads\u00f8\u00adke sa\u00adken.<\/p>\n<p>To advarsler p\u00e5 \u00e9n time<\/p>\n<p>En mann i 20-\u00e5re\u00adne p\u00e5\u00adkal\u00adte seg po\u00adli\u00adti\u00adets opp\u00admerk\u00adsom\u00adhet i Namsos sent\u00adrum klok\u00adken 02.18 natt til s\u00f8n\u00addag. Man\u00adnen spyt\u00adtet et\u00adter folk og vis\u00adte fin\u00adger. Po\u00adli\u00adti\u00adet ga ham et munt\u00adlig p\u00e5\u00adlegg om \u00e5 for\u00adla\u00adte sent\u00adrum.<\/p>\n<p>Det gjor\u00adde han \u00e5pen\u00adbart, for en ti\u00admes tid se\u00adne\u00adre fikk po\u00adli\u00adti\u00adet mel\u00adding om st\u00f8y fra en pri\u00advat ad\u00adres\u00adse i Namsos. Po\u00adli\u00adti\u00adet kj\u00f8r\u00adte til ste\u00addet, og kom i kon\u00adtakt med tre per\u00adso\u00adner \u2013 der\u00adiblant man\u00adnen som ny\u00adlig had\u00adde blitt bort\u00advist fra sent\u00adrum.<\/p>\n<p>\u2013 De fikk be\u00adskjed om \u00e5 hol\u00adde stilt res\u00adten av nat\u00adta, og vi h\u00f8r\u00adte ikke noe mer, sier ope\u00adra\u00adsjons\u00adle\u00adder Bj\u00f8rn Rune Sell\u00adgren i Tr\u00f8n\u00adde\u00adlag po\u00adli\u00adti\u00addis\u00adtrikt.<\/p>\n<p>Litt av alt i dag ogs\u00e5<\/p>\n<p>Yr melder at vi kan f\u00e5 lettskyet og til dels fint v\u00e6r i dag, med 16 grader i Steinkjer p\u00e5 det meste. Men det blir ogs\u00e5 en del regnbyger, og perioder med vind. P\u00e5 det meste er det meldt vindkast fra vest p\u00e5 12 meter i sekundet p\u00e5 Innherred.<\/p>\n<p>Yrs tekstvarsel for Tr\u00f8ndelag er slik: Bris mellom s\u00f8r\u00f8st og s\u00f8rvest, s\u00f8rvest frisk bris p\u00e5 kysten. I ettermiddag \u00f8kende til s\u00f8rvest liten kuling p\u00e5 kysten. Skiftende skydekke. Perioder med regn og regnbyger.<\/p>\n<p>Her har det v\u00e6rt mest ned\u00adb\u00f8r det siste d\u00f8g\u00adnet:<\/p>\n<p>Pol\u00adlen\u00adal\u00adler\u00adgi? Her er da\u00adgens og mor\u00adgen\u00adda\u00adgens pol\u00adlen\u00advar\u00adsel:<\/p>\n<p>    Tra\u00adfik\u00adken<\/p>\n<p>Fra klokken 21.00 i kveld og til 06.00 mandag morgen vil det p\u00e5g\u00e5 en del vegarbeid p\u00e5 E6 mellom Steinkjer og Verdal. Du m\u00e5 beregne inntil 15 minutter lengre reisetid, if\u00f8lge Vegtrafikksentralen.<\/p>\n<p>Det samme gjelder p\u00e5 strekningen mellom Nesvatnet p\u00e5 Ronglan og Nordre Hammer ved \u00c5sen i Levanger.<\/p>\n<p>Slik ser det ut p\u00e5 ve\u00adge\u00adne i v\u00e5rt om\u00adr\u00e5\u00adde ak\u00adku\u00adrat n\u00e5:<\/p>\n<p>Det\u00adte er sta\u00adtus p\u00e5 fly\u00adtra\u00adfik\u00adken p\u00e5 V\u00e6r\u00adnes:<\/p>\n<p>    Str\u00f8m\u00adpri\u00adsen svinger voldsomt<\/p>\n<p>Str\u00f8mprisene holder seg dyre gjennom store deler av dagen. P\u00e5 det dyreste er den 123,7 \u00f8re\/kWh s\u00f8ndag kveld. Men midt p\u00e5 dagen stuper prisen mot null. Da vil den koste bare 7,2 \u00f8re\/kWh.<\/p>\n<p>    P\u00e5 T-A.no<\/p>\n<p>Her er noen av sa\u00adke\u00adne du kan lese om p\u00e5 Tr\u00f8n\u00adder-Avi\u00adsas nett\u00adsi\u00adder i dag:<\/p>\n<p>Veidekke Industri AS har s\u00f8kt statsforvalteren om utvidelser i driftstiden p\u00e5 helg og natt for Steinkjer asfaltverk p\u00e5 Lerkehaug. Det er naboer sv\u00e6rt skeptiske til.<\/p>\n<p>  <a href=\"https:\/\/www.t-a.no\/5-116-2388669\" class=\"related-teaser has-image article--c-MkAkR\" rel=\"nofollow noopener\" target=\"_blank\"><\/p>\n<p>    <img decoding=\"async\" width=\"155\"  loading=\"lazy\"  src=\"https:\/\/www.europesays.com\/no\/wp-content\/uploads\/2026\/08\/1785652753_784_Bildemontoren_2026-08-01.png\" alt=\"\" class=\"brick-c-cFOWSL\" style=\"\"\/><\/p>\n<p>\n            Les ogs\u00e5<\/p>\n<p>            Fortviler: Farges gr\u00e5 av st\u00f8v\n        <\/p>\n<p>  <\/a><\/p>\n<p>Etterlatte mener avd\u00f8d onkel har f\u00e5tt etterm\u00e6let krenket. Kommunen beklager intern svikt.<\/p>\n<p>  <a href=\"https:\/\/www.t-a.no\/5-116-2388781\" class=\"related-teaser has-image article--c-MkAkR\" rel=\"nofollow noopener\" target=\"_blank\"><\/p>\n<p>    <img decoding=\"async\" width=\"155\"  loading=\"lazy\"  src=\"https:\/\/www.europesays.com\/no\/wp-content\/uploads\/2026\/08\/IMG_5094.jpeg\" alt=\"\" class=\"brick-c-cFOWSL\" style=\"\"\/><\/p>\n<p>\n            Les ogs\u00e5<\/p>\n<p>            Ga ut journalnotater \u2013 brukt i bitter arvestrid\n        <\/p>\n<p>  <\/a><\/p>\n<p><a class=\"brick-c-hOTghF\" href=\"#skip-\">Hopp over karusellen.<\/a><\/p>\n<p data-static=\"\" class=\"brick-c-fgNmNC\" id=\"carousel-title-\">Innholdskarusell med 6 artikler.<\/p>\n<ul data-static=\"\" aria-label=\"Navigasjon for innholdskarusell\" class=\"carousel-nav\">\n<li>\n<\/li>\n<li>\n<\/li>\n<\/ul>\n","protected":false},"excerpt":{"rendered":"Klok\u00adken 02.54 opp\u00adlys\u00adte po\u00adli\u00adti\u00adet at det har v\u00e6rt or\u00addens\u00adfor\u00adstyr\u00adrel\u00adser i for\u00adbin\u00addel\u00adse med en kon\u00adsert med D.D.E. og Too&hellip;\n","protected":false},"author":2,"featured_media":309773,"comment_status":"","ping_status":"","sticky":false,"template":"","format":"standard","meta":{"footnotes":"","_share_on_mastodon":"0"},"categories":[10],"tags":[36,20,21,24,25,15,983,22,23,739,13,30,28,29,14,16,782,1510,26,27],"class_list":["post-309772","post","type-post","status-publish","format-standard","has-post-thumbnail","category-norge","tag-art","tag-breaking-news","tag-breakingnews","tag-featured-news","tag-featurednews","tag-headlines","tag-krim","tag-latest-news","tag-latestnews","tag-morgenrapport","tag-news","tag-no","tag-norge","tag-norway","tag-nyheter","tag-overskrifter","tag-politiloggen","tag-story","tag-top-stories","tag-topstories"],"share_on_mastodon":{"url":"https:\/\/pubeurope.com\/@no\/117024546675599260","error":""},"_links":{"self":[{"href":"https:\/\/www.europesays.com\/no\/wp-json\/wp\/v2\/posts\/309772","targetHints":{"allow":["GET"]}}],"collection":[{"href":"https:\/\/www.europesays.com\/no\/wp-json\/wp\/v2\/posts"}],"about":[{"href":"https:\/\/www.europesays.com\/no\/wp-json\/wp\/v2\/types\/post"}],"author":[{"embeddable":true,"href":"https:\/\/www.europesays.com\/no\/wp-json\/wp\/v2\/users\/2"}],"replies":[{"embeddable":true,"href":"https:\/\/www.europesays.com\/no\/wp-json\/wp\/v2\/comments?post=309772"}],"version-history":[{"count":0,"href":"https:\/\/www.europesays.com\/no\/wp-json\/wp\/v2\/posts\/309772\/revisions"}],"wp:featuredmedia":[{"embeddable":true,"href":"https:\/\/www.europesays.com\/no\/wp-json\/wp\/v2\/media\/309773"}],"wp:attachment":[{"href":"https:\/\/www.europesays.com\/no\/wp-json\/wp\/v2\/media?parent=309772"}],"wp:term":[{"taxonomy":"category","embeddable":true,"href":"https:\/\/www.europesays.com\/no\/wp-json\/wp\/v2\/categories?post=309772"},{"taxonomy":"post_tag","embeddable":true,"href":"https:\/\/www.europesays.com\/no\/wp-json\/wp\/v2\/tags?post=309772"}],"curies":[{"name":"wp","href":"https:\/\/api.w.org\/{rel}","templated":true}]}}