{"id":309878,"date":"2026-08-02T08:51:13","date_gmt":"2026-08-02T08:51:13","guid":{"rendered":"https:\/\/www.europesays.com\/no\/309878\/"},"modified":"2026-08-02T08:51:13","modified_gmt":"2026-08-02T08:51:13","slug":"spania-setter-opp-barriere-langs-sjoen-pa-grensen-til-marokko","status":"publish","type":"post","link":"https:\/\/www.europesays.com\/no\/309878\/","title":{"rendered":"Spania setter opp barriere langs sj\u00f8en p\u00e5 grensen til Marokko"},"content":{"rendered":"\n<p class=\"_lead_145nj_2 _lead_6fko5_53 layout-component text-serif-m layout-normal text-serif-l layout-component layout-wide layout-padded _wide_17hqh_1 layout-padded\">Spania har satt opp en 500 meter lang barriere langs sj\u00f8en p\u00e5 grensen mellom Ceuta og Marokko, etter at titusener av migranter stormet grensen denne uken.<\/p>\n<p><img alt=\"For \u00e5 ta seg inn i Ceuta br\u00f8t migrantene seg gjennom et piggtr\u00e5gjerde. Foto: STR \/ AP\" class=\"_image_jw3bv_65 layout-component layout-wide\" data-fullscreen- data-track-element-type=\"Article image fullscreen\" data-track-name=\"ImageFullscreen\" fetchpriority=\"high\" decoding=\"sync\" loading=\"eager\" height=\"4855\" itemprop=\"image\"  src=\"https:\/\/www.europesays.com\/no\/wp-content\/uploads\/2026\/08\/1566ea13-c5f8-3cc2-bed4-e8f75e701763.jpeg\"  style=\"object-position:0% 0%\" width=\"7282\"\/>For \u00e5 ta seg inn i Ceuta br\u00f8t migrantene seg gjennom et piggtr\u00e5gjerde. Foto: STR \/ AP<\/p>\n<ul aria-hidden=\"true\" class=\"_images_ntbth_112\">\n<li><a class=\"_link_ntbth_117\" href=\"https:\/\/www.vg.no\/forfatter\/ntb\" style=\"z-index:1\" title=\"NTB\" rel=\"nofollow noopener\" target=\"_blank\"><img alt=\"Bilde av NTB\" class=\"_image_ntbth_93\" fetchpriority=\"low\" loading=\"lazy\" decoding=\"async\" itemprop=\"image\"  src=\"https:\/\/www.europesays.com\/no\/wp-content\/uploads\/2026\/08\/1785660672_761_c33980b0-5d07-4027-84a1-813f90a7c8d6.jpeg\"  width=\"480\"\/><\/a><\/li>\n<\/ul>\n<p> Oppdatert s\u00f8ndag 2. august kl. 09:52     <\/p>\n<p class=\"_paragraph_145nj_4 _paragraph_6fko5_10 layout-component text-serif-m layout-normal text-serif-m layout-padded\">Hovedelementet i denne barrieren er et 500 meter langt oppbl\u00e5sbart gjerde, som strekker seg 30-70 centimeter over overflaten. Delen under vann er rundt 1 meter dyp. I tillegg kommer ankrede b\u00f8yer fra den spanske marinen.<\/p>\n<p class=\"_paragraph_145nj_4 _paragraph_6fko5_10 layout-component text-serif-m layout-normal text-serif-m layout-padded\">If\u00f8lge spanske myndigheter lyktes rundt 60.000 mennesker i \u00e5 ta seg inn fra Marokko til det lille territoriet med kun dr\u00f8yt 80.000 innbyggere \u2013 p\u00e5 bare ett d\u00f8gn fredag.<\/p>\n<p class=\"_paragraph_145nj_4 _paragraph_6fko5_10 layout-component text-serif-m layout-normal text-serif-m layout-padded\">Minst 67 personer druknet eller ble trampet i hjel i kaoset. N\u00e6r 50.000 av migrantene har returnert til Marokko.<\/p>\n<p><img alt=\"Foto: Antonio Sempere \/ AP\" class=\"_image_jw3bv_65 layout-component layout-normal\" data-fullscreen- data-track-element-type=\"Article image fullscreen\" data-track-name=\"ImageFullscreen\" decoding=\"async\" loading=\"lazy\" height=\"3232\" itemprop=\"image\"  src=\"https:\/\/www.europesays.com\/no\/wp-content\/uploads\/2026\/08\/575736a0-de59-3df3-b17d-78c1b0262089.jpeg\"  style=\"object-position:0% 0%\" width=\"4848\"\/>Foto: Antonio Sempere \/ AP<\/p>\n<p class=\"_paragraph_145nj_4 _paragraph_6fko5_10 layout-component text-serif-m layout-normal text-serif-m layout-padded\">Flere europeiske land har rettet hard kritikk mot <a href=\"https:\/\/www.vg.no\/tag\/spania?utm_source=vg-article&amp;utm_medium=auto-tagger&amp;utm_campaign=43r8oo\" class=\"_link_145nj_39\" rel=\"nofollow noopener\" target=\"_blank\">Spanias<\/a> h\u00e5ndtering av grensekaoset. Italias statsminister Giorgia Meloni svarte med \u00e5 suspendere Schengen-avtalen med Spania og innf\u00f8rte p\u00e5 nytt grensekontroll for reisende fra landet.<\/p>\n<p class=\"_paragraph_145nj_4 _paragraph_6fko5_10 layout-component text-serif-m layout-normal text-serif-m layout-padded\">Spanias statsminister Pedro S\u00e1nchez avviste kravene fra enkelte EU-ledere om \u00e5 kaste Spania ut av Schengen og kalte dem \u00abdrevet av fordommer, falske nyheter, uvitenhet eller politiske interesser\u00bb.<\/p>\n<p class=\"_paragraph_145nj_4 _paragraph_6fko5_10 layout-component text-serif-m layout-normal text-serif-m layout-padded\">Eksperter mener Marokko kan ha utl\u00f8st migrantkrisen ved den spanske eksklaven som ledd i et politisk spill. Spania har p\u00e5 sin side avvist dette og skrytt av samarbeidet med Marokko.<\/p>\n<p class=\"_paragraph_145nj_4 _paragraph_6fko5_10 layout-component text-serif-m layout-normal text-serif-m layout-padded\">Tirsdag skal EU ha et hastem\u00f8te om Ceuta, etter at 22 av medlemslandene \u00f8nsket et m\u00f8te for \u00e5 hurtig bli enige om et koordinert svar p\u00e5 situasjonen og for \u00e5 \u00abforhindre ytterligere ukontrollerte grensekryssinger\u00bb.<\/p>\n","protected":false},"excerpt":{"rendered":"Spania har satt opp en 500 meter lang barriere langs sj\u00f8en p\u00e5 grensen mellom Ceuta og Marokko, etter&hellip;\n","protected":false},"author":2,"featured_media":309879,"comment_status":"","ping_status":"","sticky":false,"template":"","format":"standard","meta":{"footnotes":"","_share_on_mastodon":"0"},"categories":[5],"tags":[20,21,24,25,15,19,22,23,17,18,98,13,30,28,29,14,16,1515,26,27],"class_list":["post-309878","post","type-post","status-publish","format-standard","has-post-thumbnail","category-overskrifter","tag-breaking-news","tag-breakingnews","tag-featured-news","tag-featurednews","tag-headlines","tag-hovedoppslag","tag-latest-news","tag-latestnews","tag-main-news","tag-mainnews","tag-migranter","tag-news","tag-no","tag-norge","tag-norway","tag-nyheter","tag-overskrifter","tag-spania","tag-top-stories","tag-topstories"],"share_on_mastodon":{"url":"https:\/\/pubeurope.com\/@no\/117025065710016349","error":""},"_links":{"self":[{"href":"https:\/\/www.europesays.com\/no\/wp-json\/wp\/v2\/posts\/309878","targetHints":{"allow":["GET"]}}],"collection":[{"href":"https:\/\/www.europesays.com\/no\/wp-json\/wp\/v2\/posts"}],"about":[{"href":"https:\/\/www.europesays.com\/no\/wp-json\/wp\/v2\/types\/post"}],"author":[{"embeddable":true,"href":"https:\/\/www.europesays.com\/no\/wp-json\/wp\/v2\/users\/2"}],"replies":[{"embeddable":true,"href":"https:\/\/www.europesays.com\/no\/wp-json\/wp\/v2\/comments?post=309878"}],"version-history":[{"count":0,"href":"https:\/\/www.europesays.com\/no\/wp-json\/wp\/v2\/posts\/309878\/revisions"}],"wp:featuredmedia":[{"embeddable":true,"href":"https:\/\/www.europesays.com\/no\/wp-json\/wp\/v2\/media\/309879"}],"wp:attachment":[{"href":"https:\/\/www.europesays.com\/no\/wp-json\/wp\/v2\/media?parent=309878"}],"wp:term":[{"taxonomy":"category","embeddable":true,"href":"https:\/\/www.europesays.com\/no\/wp-json\/wp\/v2\/categories?post=309878"},{"taxonomy":"post_tag","embeddable":true,"href":"https:\/\/www.europesays.com\/no\/wp-json\/wp\/v2\/tags?post=309878"}],"curies":[{"name":"wp","href":"https:\/\/api.w.org\/{rel}","templated":true}]}}