{"id":31000,"date":"2025-09-09T18:22:10","date_gmt":"2025-09-09T18:22:10","guid":{"rendered":"https:\/\/www.europesays.com\/no\/31000\/"},"modified":"2025-09-09T18:22:10","modified_gmt":"2025-09-09T18:22:10","slug":"tina-bru-varsler-at-hun-vil-ga-av-som-nestleder-i-hoyre","status":"publish","type":"post","link":"https:\/\/www.europesays.com\/no\/31000\/","title":{"rendered":"Tina Bru varsler at hun vil g\u00e5 av som nestleder i H\u00f8yre"},"content":{"rendered":"\n<p class=\"_lead_ew2ao_2 _lead_xtcu6_50 layout-component text-serif-m layout-normal text-serif-l layout-component layout-wide layout-padded _wide_17hqh_1 layout-padded\">Gir seg n\u00e5r H\u00f8yre velger ny ledelse.<\/p>\n<p><img alt=\"LABER STEMNING: H\u00f8yres 2. nestleder Tina Bru (i midten) flankert av partileder Erna Solberg og Peter Fr\u00f8lich. Foto: Helge Mikalsen \/ VG\" class=\"_image_qp4xg_65 layout-component layout-wide\" data-fullscreen- data-track-element-type=\"Article image fullscreen\" data-track-name=\"ImageFullscreen\" fetchpriority=\"high\" decoding=\"sync\" loading=\"eager\" height=\"4985\" itemprop=\"image\"  src=\"https:\/\/www.europesays.com\/no\/wp-content\/uploads\/2025\/09\/bce01ffb-e36e-46a7-994c-caa6d5b63da4\"  style=\"object-position:0% 0%\" width=\"7709\"\/>LABER STEMNING: H\u00f8yres 2. nestleder Tina Bru (i midten) flankert av partileder Erna Solberg og Peter Fr\u00f8lich. Foto: Helge Mikalsen \/ VG<\/p>\n<ul aria-hidden=\"true\" class=\"_images_1y6fe_106\">\n<li><a class=\"_link_1y6fe_111\" href=\"https:\/\/www.vg.no\/forfatter\/silje-kathrine-sviggum\" style=\"z-index:1\" title=\"Silje Kathrine Sviggum\" rel=\"nofollow noopener\" target=\"_blank\"><img alt=\"Bilde av Silje Kathrine Sviggum\" class=\"_image_1y6fe_88\" fetchpriority=\"low\" loading=\"lazy\" decoding=\"async\" itemprop=\"image\"  src=\"https:\/\/www.europesays.com\/no\/wp-content\/uploads\/2025\/09\/e676a608-6bb3-4134-98e2-0f7e4dee1ab7\"  width=\"480\"\/><\/a><\/li>\n<\/ul>\n<p> Oppdatert tirsdag 9. september kl. 20:21     <\/p>\n<p class=\"_paragraph_ew2ao_4 _paragraph_xtcu6_10 layout-component text-serif-m layout-normal text-serif-m layout-padded\">Det kom frem under \u00abDebatten\u00bb p\u00e5 NRK tirsdag kveld.<\/p>\n<p class=\"_paragraph_ew2ao_4 _paragraph_xtcu6_10 layout-component text-serif-m layout-normal text-serif-m layout-padded\">Der viste Tina Bru til at hun allerede skal flytte til Stavanger og er tydelig p\u00e5 at hun mener det er naturlig at den kommende nestlederen i H\u00f8yre sitter p\u00e5 Stortinget.<\/p>\n<p class=\"_paragraph_ew2ao_4 _paragraph_xtcu6_10 layout-component text-serif-m layout-normal text-serif-m layout-padded\">H\u00f8yre gjorde et katastrofevalg under stortingsvalget 8. september. Partiet endte p\u00e5 14,6 prosent og er n\u00e5 landets tredje st\u00f8rste parti etter Arbeiderpartiet og Fremskrittspartiet.<\/p>\n<p class=\"_paragraph_ew2ao_4 _paragraph_xtcu6_10 layout-component text-serif-m layout-normal text-serif-m layout-padded\">I etterkant har b\u00e5de ordf\u00f8rere rundt om i landet og stortingspolitikere i partiet <a href=\"https:\/\/www.vg.no\/nyheter\/i\/dRydp1\/boe-ordfoerer-sture-pedersen-og-tidligere-oslo-ordfoerer-fabian-stang-erna-solberg-maa-gaa-av-som-hoeyre-leder\" data-track-element-type=\"Link\" data-track-id=\"link:dRydp1\" class=\"_link_ew2ao_39\" rel=\"nofollow noopener\" target=\"_blank\">tatt til orde for at partiledelsen b\u00f8r fornyes<\/a>.<\/p>\n<p class=\"_paragraph_ew2ao_4 _paragraph_xtcu6_10 layout-component text-serif-m layout-normal text-serif-m layout-padded\">Under Valgnattsdebatten etter midnatt uttalte H\u00f8yre-leder Erna Solberg f\u00f8lgende:<\/p>\n<p class=\"_paragraph_ew2ao_4 _paragraph_xtcu6_10 layout-component text-serif-m layout-normal text-serif-m layout-padded\">\u2013 Det er helt naturlig at vi gj\u00f8r en evaluering, og jeg har sagt at jeg ikke tror at jeg kommer til \u00e5 v\u00e6re statsministerkandidat for H\u00f8yre i 2029, i alle fall om jeg ikke ble statsminister, og det ble jeg ikke n\u00e5, sa Solberg.<\/p>\n<p class=\"_paragraph_ew2ao_4 _paragraph_xtcu6_10 layout-component text-serif-m layout-normal text-serif-m layout-padded\">\u2013 H\u00f8yre skal f\u00e5 lov til \u00e5 diskutere sin egen strategi, evaluering og vurdering av hva som har skjedd, og eventuelt n\u00e5r vi legger opp til \u00e5 gj\u00f8re generasjonsskifter og endringer i ledelsen. Inntil da kommer jeg til \u00e5 v\u00e6re leder av H\u00f8yre og bidra til at vi gj\u00f8r dette p\u00e5 en ordentlig prosess.<\/p>\n<p>    <img decoding=\"async\" alt=\"Tips oss illustrasjon\" width=\"62px\" height=\"auto\" src=\"https:\/\/www.europesays.com\/no\/wp-content\/uploads\/2025\/08\/1754784428_95_W9avJzE.png\"\/>    <\/p>\n<p class=\"title-serif-s\">Har du tips til oss?<\/p>\n<p class=\"text-sans-m\">Send oss informasjon, bilder eller video<\/p>\n<p>  <a href=\"https:\/\/www.vg.no\/tips-oss\" rel=\"nofollow noopener\" target=\"_blank\"> Tips oss <\/a>      <\/p>\n","protected":false},"excerpt":{"rendered":"Gir seg n\u00e5r H\u00f8yre velger ny ledelse. LABER STEMNING: H\u00f8yres 2. nestleder Tina Bru (i midten) flankert av&hellip;\n","protected":false},"author":2,"featured_media":31001,"comment_status":"","ping_status":"","sticky":false,"template":"","format":"standard","meta":{"footnotes":""},"categories":[10],"tags":[31,20,21,24,25,15,22,23,13,30,28,29,14,16,199,26,27],"class_list":{"0":"post-31000","1":"post","2":"type-post","3":"status-publish","4":"format-standard","5":"has-post-thumbnail","7":"category-norge","8":"tag-breaking","9":"tag-breaking-news","10":"tag-breakingnews","11":"tag-featured-news","12":"tag-featurednews","13":"tag-headlines","14":"tag-latest-news","15":"tag-latestnews","16":"tag-news","17":"tag-no","18":"tag-norge","19":"tag-norway","20":"tag-nyheter","21":"tag-overskrifter","22":"tag-stortingsvalg","23":"tag-top-stories","24":"tag-topstories"},"share_on_mastodon":{"url":"","error":""},"_links":{"self":[{"href":"https:\/\/www.europesays.com\/no\/wp-json\/wp\/v2\/posts\/31000","targetHints":{"allow":["GET"]}}],"collection":[{"href":"https:\/\/www.europesays.com\/no\/wp-json\/wp\/v2\/posts"}],"about":[{"href":"https:\/\/www.europesays.com\/no\/wp-json\/wp\/v2\/types\/post"}],"author":[{"embeddable":true,"href":"https:\/\/www.europesays.com\/no\/wp-json\/wp\/v2\/users\/2"}],"replies":[{"embeddable":true,"href":"https:\/\/www.europesays.com\/no\/wp-json\/wp\/v2\/comments?post=31000"}],"version-history":[{"count":0,"href":"https:\/\/www.europesays.com\/no\/wp-json\/wp\/v2\/posts\/31000\/revisions"}],"wp:featuredmedia":[{"embeddable":true,"href":"https:\/\/www.europesays.com\/no\/wp-json\/wp\/v2\/media\/31001"}],"wp:attachment":[{"href":"https:\/\/www.europesays.com\/no\/wp-json\/wp\/v2\/media?parent=31000"}],"wp:term":[{"taxonomy":"category","embeddable":true,"href":"https:\/\/www.europesays.com\/no\/wp-json\/wp\/v2\/categories?post=31000"},{"taxonomy":"post_tag","embeddable":true,"href":"https:\/\/www.europesays.com\/no\/wp-json\/wp\/v2\/tags?post=31000"}],"curies":[{"name":"wp","href":"https:\/\/api.w.org\/{rel}","templated":true}]}}