{"id":31045,"date":"2025-09-09T19:39:13","date_gmt":"2025-09-09T19:39:13","guid":{"rendered":"https:\/\/www.europesays.com\/no\/31045\/"},"modified":"2025-09-09T19:39:13","modified_gmt":"2025-09-09T19:39:13","slug":"stjeler-handlekurver-pa-kiwi","status":"publish","type":"post","link":"https:\/\/www.europesays.com\/no\/31045\/","title":{"rendered":"Stjeler handlekurver p\u00e5 Kiwi"},"content":{"rendered":"<p>  Kiwi-kunder i Lyngdal har byttet ut dyre plastposer med handlekurver. N\u00e5 kommer butikken med en b\u00f8nn.<\/p>\n<p>\n    LITE IGJEN: Kiwi Lyngdals handlekurv-bestand krymper i takt med plastposeprisene. Foto: Kiwi\n  <\/p>\n<p>    Kort fortalt<\/p>\n<ul lang=\"nb-NO\">\n<li>Kiwi i Lyngdal opplever at mange handlekurver forsvinner fra butikken.<\/li>\n<li>Butikken ber kundene levere tilbake kurvene og minner om at de ikke er erstatning for plastposer.<\/li>\n<li>Kunder kommenterer at skiltet ved kurvene kan v\u00e6re misvisende, og foresl\u00e5r endringer.<\/li>\n<li>Kiwi oppfordrer til bruk av handlenett for \u00e5 redusere plastforbruket, og har sett en nedgang i salget av plastposer.<\/li>\n<\/ul>\n<p class=\"italic ai-disclaimer\" data-lab-italic=\"italic\">Sammendraget er laget av ChatGPT og godkjent av Dagbladet.<\/p>\n<p>      Vis mer<br \/>\n      Vis mindre<\/p>\n<p>Kiwi i Lyngdal fortviler etter at store mengder av butikkens h\u00e5ndholdte handlekurver har forsvunnet.\u00a0<\/p>\n<p>N\u00e5 ber de kundene levere tilbake kurvene &#8211; og minner om at de ikke er ment som erstatning for plastposer.<\/p>\n<p>P\u00e5 butikkens egen Facebook-side har de lagt ut et innlegg med en b\u00f8nn til kundene.<\/p>\n<p>Vedlagt er et bilde av en \u00f8rliten stabel handlekurver, som er de f\u00e5 de har igjen.<\/p>\n<p class=\"font-weight-bold m-font-weight-bold\" data-lab-font_weight=\"font-weight-bold\">&#8211; Vi hadde to h\u00f8ye stabler av disse. N\u00e5 er det disse vi har igjen. Forst\u00e5r at posene er dyre n\u00e5, men disse m\u00e5 ikke tas med hjem. Ber de som har l\u00e5nt slike \u00e5 ta dem med tilbake ved neste handel, skriver butikken.<\/p>\n<p>\u00abTa en her\u00bb\t<\/p>\n<p>I kommentarfeltet har flere kunder sp\u00f8kefullt pekt p\u00e5 at skiltet ved kurvene kan skape misforst\u00e5elser.\u00a0<\/p>\n<p>&#8211; St\u00e5r jo i teksten: \u00abGlemt handlekurv?\u00bb &#8211; \u00abTa en her\u00bb. Burde st\u00e5: \u00abL\u00e5n en her\u00bb, skriver en av dem.<\/p>\n<p>    <a itemprop=\"url\" href=\"https:\/\/dinside.dagbladet.no\/fritid\/nytt-funn-aldri-sett-for\/82668554\" rel=\"nofollow noopener\" target=\"_blank\"><\/p>\n<p>      <img loading=\"lazy\" decoding=\"async\" src=\"https:\/\/www.europesays.com\/no\/wp-content\/uploads\/2025\/09\/1757446751_923_82668650.webp\" width=\"147\" height=\"98\" title=\"Nytt funn: Aldri sett f\u00f8r\" alt=\"\" class=\"lazyload\" style=\"--aspect-ratio-image: 1.50; \"\/><\/p>\n<p>        Nytt funn: Aldri sett f\u00f8r<\/p>\n<p>    <\/a><\/p>\n<p>Andre peker p\u00e5 at liknende tyverier skjer i flere butikker i regionen, og at alt fra sm\u00e5 kurver til store handlevogner blir borte.\u00a0<\/p>\n<p class=\"font-weight-bold m-font-weight-bold\" data-lab-font_weight=\"font-weight-bold\">En tidligere butikkansatt forteller at de en gang hadde 30 store vogner, men n\u00e5 er nede i 6.<\/p>\n<p>Noen tar det hele med en klype humor, og omtaler fenomenet som \u00ab\u00e5 l\u00e5ne p\u00e5 ubestemt tid\u00bb.\u00a0<\/p>\n<p>Andre foresl\u00e5r mer drastiske tiltak, som \u00e5 montere alarmer p\u00e5 kurvene.\u00a0<\/p>\n<p> En kunde uttrykker frustrasjon over h\u00f8ye matpriser, mens en annen mener det er gjerrig \u00e5 ta med handlekurver hjem i stedet for \u00e5 kj\u00f8pe plastposer. <\/p>\n<p>Kan bli fors\u00f8pling\t<\/p>\n<p>Kiwis kommunikasjonssjef Nora Mile Helgesen forteller Dagbladet at dette ikke er et voldsomt problem for kjeden.<\/p>\n<p>&#8211; Dette er<br \/>\nheldigvis ikke et stort problem for Kiwi totalt, men det kan selvsagt variere<br \/>\nfra butikk til butikk, som her p\u00e5 Kiwi Lyngdal.\u00a0<\/p>\n<p>Mile Helgesen sier at Kiwi generelt ikke \u00f8nsker at de skal bruke handlevognene eller kurvene til annet enn til handling i butikkene.<\/p>\n<p class=\"font-weight-bold m-font-weight-bold\" data-lab-font_weight=\"font-weight-bold\">&#8211; Da er det kjedelig om kunder ikke f\u00e5r tak i ledig handlevogn. I tillegg<br \/>\nkan det fort bli fors\u00f8pling dersom de blir satt igjen andre steder, sier hun.<\/p>\n<p>          <img loading=\"lazy\" decoding=\"async\" src=\"https:\/\/www.europesays.com\/no\/wp-content\/uploads\/2025\/09\/83567544.webp\" width=\"980\" height=\"559\" title=\"KOSTER: Prisen p\u00e5 plastposer har eksplodert de siste \u00e5ra. Foto: Lise \u00c5serud \/ NTB\" alt=\"\" class=\"\" style=\"--aspect-ratio-image: 1.75; \"\/><\/p>\n<p>\n          KOSTER: Prisen p\u00e5 plastposer har eksplodert de siste \u00e5ra. Foto: Lise \u00c5serud \/ NTB\n      <\/p>\n<p>Har eksplodert\t<\/p>\n<p>Prisen p\u00e5 plastposer <a href=\"https:\/\/dinside.dagbladet.no\/okonomi\/ellevill-okning\/80581933\" rel=\"nofollow noopener\" target=\"_blank\">har \u00f8kt betydelig de siste \u00e5ra<\/a>.\u00a0<\/p>\n<p>I 2020 kostet en vanlig handlepose hos KIWI rundt tre kroner.\u00a0<\/p>\n<p>Etter at avgiften ble \u00f8kt som del av regjeringens plaststrategi, ligger prisen n\u00e5 p\u00e5 rundt seks-sju kroner.\u00a0<\/p>\n<p>Milj\u00f8myndighetene har satt et m\u00e5l om at nordmenn skal redusere plastposeforbruket til 40 poser per person i \u00e5ret innen 2025, i tr\u00e5d med <a href=\"https:\/\/www.regjeringen.no\/no\/sub\/eos-notatbasen\/notatene\/2013\/okt\/regulering-av-plastbareposer\/id2434864\" rel=\"nofollow noopener\" target=\"_blank\">EUs direktiv for plastb\u00e6reposer.<\/a>\u00a0<\/p>\n<p>    <a itemprop=\"url\" href=\"https:\/\/dinside.dagbladet.no\/okonomi\/refser-rema-1000-ekstra-droyt\/83540360\" rel=\"nofollow noopener\" target=\"_blank\"><\/p>\n<p>      <img loading=\"lazy\" decoding=\"async\" src=\"https:\/\/www.europesays.com\/no\/wp-content\/uploads\/2025\/09\/1757446753_995_83545207.webp\" width=\"147\" height=\"98\" title=\"Refser Rema 1000: - Ekstra dr\u00f8yt\" alt=\"\" class=\"lazyload\" style=\"--aspect-ratio-image: 1.50; \"\/><\/p>\n<p>        Refser Rema 1000: &#8211; Ekstra dr\u00f8yt<\/p>\n<p>    <\/a><\/p>\n<p>Kiwi har, som flere andre dagligvarekjeder, oppfordret kundene til \u00e5 bruke handlenett eller gjenbrukbare poser for \u00e5 kutte i plastforbruket.<\/p>\n<p>&#8211; Vi har<br \/>\nredusert salget av plastb\u00e6reposer med 23 prosent hittil i \u00e5r sammenliknet mot<br \/>\ntilsvarende periode i fjor, s\u00e5 det er helt tydelig at mange av kundene v\u00e5re er flinke til \u00e5 bruke gjenbrukspose, sier\u00a0kommunikasjonssjef Nora Mile Helgesen.<\/p>\n<p>Til de som ikke er s\u00e5 flinke:<\/p>\n<p>  Kiwi Lyngdal oppfordrer kunder som har tatt med seg handlekurver hjem, til \u00e5 levere dem tilbake ved neste handletur.  <\/p>\n","protected":false},"excerpt":{"rendered":"Kiwi-kunder i Lyngdal har byttet ut dyre plastposer med handlekurver. N\u00e5 kommer butikken med en b\u00f8nn. LITE IGJEN:&hellip;\n","protected":false},"author":2,"featured_media":31046,"comment_status":"","ping_status":"","sticky":false,"template":"","format":"standard","meta":{"footnotes":""},"categories":[10],"tags":[20,21,824,24,25,15,2539,22,23,13,30,28,29,14,16,572,26,27],"class_list":{"0":"post-31045","1":"post","2":"type-post","3":"status-publish","4":"format-standard","5":"has-post-thumbnail","7":"category-norge","8":"tag-breaking-news","9":"tag-breakingnews","10":"tag-dagligvare","11":"tag-featured-news","12":"tag-featurednews","13":"tag-headlines","14":"tag-innenriks","15":"tag-latest-news","16":"tag-latestnews","17":"tag-news","18":"tag-no","19":"tag-norge","20":"tag-norway","21":"tag-nyheter","22":"tag-overskrifter","23":"tag-okonomi","24":"tag-top-stories","25":"tag-topstories"},"share_on_mastodon":{"url":"","error":""},"_links":{"self":[{"href":"https:\/\/www.europesays.com\/no\/wp-json\/wp\/v2\/posts\/31045","targetHints":{"allow":["GET"]}}],"collection":[{"href":"https:\/\/www.europesays.com\/no\/wp-json\/wp\/v2\/posts"}],"about":[{"href":"https:\/\/www.europesays.com\/no\/wp-json\/wp\/v2\/types\/post"}],"author":[{"embeddable":true,"href":"https:\/\/www.europesays.com\/no\/wp-json\/wp\/v2\/users\/2"}],"replies":[{"embeddable":true,"href":"https:\/\/www.europesays.com\/no\/wp-json\/wp\/v2\/comments?post=31045"}],"version-history":[{"count":0,"href":"https:\/\/www.europesays.com\/no\/wp-json\/wp\/v2\/posts\/31045\/revisions"}],"wp:featuredmedia":[{"embeddable":true,"href":"https:\/\/www.europesays.com\/no\/wp-json\/wp\/v2\/media\/31046"}],"wp:attachment":[{"href":"https:\/\/www.europesays.com\/no\/wp-json\/wp\/v2\/media?parent=31045"}],"wp:term":[{"taxonomy":"category","embeddable":true,"href":"https:\/\/www.europesays.com\/no\/wp-json\/wp\/v2\/categories?post=31045"},{"taxonomy":"post_tag","embeddable":true,"href":"https:\/\/www.europesays.com\/no\/wp-json\/wp\/v2\/tags?post=31045"}],"curies":[{"name":"wp","href":"https:\/\/api.w.org\/{rel}","templated":true}]}}