{"id":310552,"date":"2026-08-02T22:03:17","date_gmt":"2026-08-02T22:03:17","guid":{"rendered":"https:\/\/www.europesays.com\/no\/310552\/"},"modified":"2026-08-02T22:03:17","modified_gmt":"2026-08-02T22:03:17","slug":"trump-moter-motstand-fra-egne-rekker-han-har-sviktet-oss-alle","status":"publish","type":"post","link":"https:\/\/www.europesays.com\/no\/310552\/","title":{"rendered":"Trump m\u00f8ter motstand fra egne rekker: \u2013 Han har sviktet oss alle"},"content":{"rendered":"\n<p class=\"_lead_145nj_2 _lead_6fko5_53 layout-component text-serif-m layout-normal text-serif-l layout-component layout-wide layout-padded _wide_17hqh_1 layout-padded\">Flere tidligere Trump-allierte samler seg i ny \u00abAmerica First\u00bb-bevegelse. <\/p>\n<p><img alt=\"Donald Trump m\u00f8ter kritikk fra flere tidligere st\u00f8ttespillere. Foto: Jonathan Ernst \/ Reuters \/ NTB\" class=\"_image_jw3bv_65 layout-component layout-wide\" data-fullscreen- data-track-element-type=\"Article image fullscreen\" data-track-name=\"ImageFullscreen\" fetchpriority=\"high\" decoding=\"sync\" loading=\"eager\" height=\"1293\" itemprop=\"image\"  src=\"https:\/\/www.europesays.com\/no\/wp-content\/uploads\/2026\/08\/525883f3-ae61-3e5e-853f-c1b33ea58a09.jpeg\"  style=\"object-position:0% 0%\" width=\"1939\"\/>Donald Trump m\u00f8ter kritikk fra flere tidligere st\u00f8ttespillere. Foto: Jonathan Ernst \/ Reuters \/ NTB<\/p>\n<ul aria-hidden=\"true\" class=\"_images_ntbth_112\">\n<li><a class=\"_link_ntbth_117\" href=\"https:\/\/www.vg.no\/forfatter\/mathias-engstroem-sandstoel\" style=\"z-index:1\" title=\"Mathias Engstr\u00f8m Sandst\u00f8l\" rel=\"nofollow noopener\" target=\"_blank\"><img alt=\"Bilde av Mathias Engstr\u00f8m Sandst\u00f8l\" class=\"_image_ntbth_93\" fetchpriority=\"low\" loading=\"lazy\" decoding=\"async\" itemprop=\"image\"  src=\"https:\/\/www.europesays.com\/no\/wp-content\/uploads\/2026\/08\/1785708193_168_cfc9a35f-9e8b-4676-a720-f762deaba50c.jpeg\"  width=\"480\"\/><\/a><\/li>\n<\/ul>\n<p> Oppdatert s\u00f8ndag 2. august kl. 23:46    <\/p>\n<ul class=\"_list_145nj_3 _list_64s2r_85 _unordered_145nj_106 text-sans-m\">\n<li class=\"_item_145nj_30\">Flere tidligere Trump-allierte har sluttet seg til den nye \u00abAmerica First\u00bb-bevegelsen.<\/li>\n<li class=\"_item_145nj_30\">De anklager Trump for \u00e5 ha brutt l\u00f8ftene sine og protesterer mot hans Iran-politikk.<\/li>\n<li class=\"_item_145nj_30\">Marjorie Taylor Greene og Joe Kent er blant de som offentlig har vendt seg mot Trump.<\/li>\n<li class=\"_item_145nj_30\">Bevegelsen f\u00e5r stor oppmerksomhet p\u00e5 sosiale medier.<\/li>\n<\/ul>\n<p>Vis mer <\/p>\n<p class=\"_paragraph_145nj_4 _paragraph_6fko5_10 layout-component text-serif-m layout-normal text-serif-m layout-padded\">De var blant Donald Trumps mest profilerte og h\u00f8ylytte st\u00f8ttespillere.<\/p>\n<p class=\"_paragraph_145nj_4 _paragraph_6fko5_10 layout-component text-serif-m layout-normal text-serif-m layout-padded\">N\u00e5 har de \u00e9n etter \u00e9n vendt ham ryggen. <\/p>\n<p class=\"_paragraph_145nj_4 _paragraph_6fko5_10 layout-component text-serif-m layout-normal text-serif-m layout-padded\">Kritikerne mener Trump har brutt flere av l\u00f8ftene han ga velgerne.<\/p>\n<p class=\"_paragraph_145nj_4 _paragraph_6fko5_10 layout-component text-serif-m layout-normal text-serif-m layout-padded\">\u2013 Vi sa nei til flere utenlandske kriger, og vi mente det. Vi st\u00f8ttet Donald Trump fordi han ga det l\u00f8ftet. Men han har sviktet oss alle, skriver den tidligere republikanske kongressrepresentanten Marjorie Taylor Greene p\u00e5 <a href=\"https:\/\/x.com\/FmrRepMTG\/status\/2083568963846303896?s=20\" class=\"_link_145nj_39\" rel=\"nofollow\">X.<\/a> <\/p>\n<p><img alt=\"Greene trakk seg fra Kongressen tidligere i \u00e5r etter et bittert oppgj\u00f8r med Trump.  Foto: Thomas Nilsson \/ VG\" class=\"_image_jw3bv_65 layout-component layout-normal\" data-fullscreen- data-track-element-type=\"Article image fullscreen\" data-track-name=\"ImageFullscreen\" decoding=\"async\" loading=\"lazy\" height=\"3200\" itemprop=\"image\"  src=\"https:\/\/www.europesays.com\/no\/wp-content\/uploads\/2026\/08\/0b3f60df-1082-3193-ad37-730e3cd6e5e2.jpeg\"  style=\"object-position:0% 0%\" width=\"4800\"\/>Greene trakk seg fra Kongressen tidligere i \u00e5r etter et bittert oppgj\u00f8r med Trump.  Foto: Thomas Nilsson \/ VG<\/p>\n<p class=\"_paragraph_145nj_4 _paragraph_6fko5_10 layout-component text-serif-m layout-normal text-serif-m layout-padded\">Innlegget er sett av over 8,2 millioner mennesker og har skapt stort engasjement.<\/p>\n<p class=\"_paragraph_145nj_4 _paragraph_6fko5_10 layout-component text-serif-m layout-normal text-serif-m layout-padded\">\u2013 Let\u2019s fucking go, skriver en bruker.<\/p>\n<p class=\"_paragraph_145nj_4 _paragraph_6fko5_10 layout-component text-serif-m layout-normal text-serif-m layout-padded\">\u2013 This is the future leadership our country needs and American patriots want, skriver en annen.<\/p>\n<p class=\"_paragraph_145nj_4 _paragraph_6fko5_10 layout-component text-serif-m layout-normal text-serif-m layout-padded\">P\u00e5 bildet st\u00e5r Greene sammen med flere profiler p\u00e5 den amerikanske h\u00f8yresiden, blant annet Tucker Carlson, Joe Kent og Thomas Massie.<\/p>\n<p class=\"_paragraph_145nj_4 _paragraph_6fko5_10 layout-component text-serif-m layout-normal text-serif-m layout-padded\"><strong class=\"_strong_145nj_25\">\u2013 Vi er forpliktet til \u00e5 sette Amerika f\u00f8rst \u2013 for alle amerikanere, enten de tilh\u00f8rer h\u00f8yresiden, venstresiden eller sentrum. Bevegelsen er i gang.<\/strong><\/p>\n<p><img alt=\"Carolyn Moffa, Brian Glenn, Marjorie Taylor Greene, Tucker Carlsson, Joe Kent, Shannon M. Kent och Thomas Massie.  Foto: Marjorie Taylor Greene \/ X\" class=\"_image_jw3bv_65 layout-component layout-normal\" data-fullscreen- data-track-element-type=\"Article image fullscreen\" data-track-name=\"ImageFullscreen\" decoding=\"async\" loading=\"lazy\" height=\"1152\" itemprop=\"image\"  src=\"https:\/\/www.europesays.com\/no\/wp-content\/uploads\/2026\/08\/e468ecbb-9b80-35f0-8759-8d712e68b86a.jpeg\"  style=\"object-position:0% 0%\" width=\"2048\"\/>Carolyn Moffa, Brian Glenn, Marjorie Taylor Greene, Tucker Carlsson, Joe Kent, Shannon M. Kent och Thomas Massie.  Foto: Marjorie Taylor Greene \/ XIran ble dr\u00e5pen<\/p>\n<p class=\"_paragraph_145nj_4 _paragraph_6fko5_10 layout-component text-serif-m layout-normal text-serif-m layout-padded\">Splittelsen i Trump-leiren har bygget seg opp over tid. <\/p>\n<p class=\"_paragraph_145nj_4 _paragraph_6fko5_10 layout-component text-serif-m layout-normal text-serif-m layout-padded\">Marjorie Taylor Greene var lenge en av Trumps sterkeste st\u00f8ttespillere, men <a href=\"https:\/\/www.vg.no\/tag\/iran?utm_source=vg-article&amp;utm_medium=auto-tagger&amp;utm_campaign=wr9Q2n\" class=\"_link_145nj_39\" rel=\"nofollow noopener\" target=\"_blank\">Iran<\/a>-politikken ble dr\u00e5pen.<\/p>\n<p class=\"_paragraph_145nj_4 _paragraph_6fko5_10 layout-component text-serif-m layout-normal text-serif-m layout-padded\">Etter at Trump truet med \u00e5 \u00abutslette en hel sivilisasjon\u00bb i Iran, har avstanden mellom dem blitt stadig st\u00f8rre.<\/p>\n<p class=\"_paragraph_145nj_4 _paragraph_6fko5_10 layout-component text-serif-m layout-normal text-serif-m layout-padded\">Ogs\u00e5 Trumps tidligere antiterrorsjef Joe Kent har sluttet seg til bevegelsen. Han trakk seg med umiddelbar virkning i mars i \u00e5r i protest mot Trumps Iran-politikk.<\/p>\n<p class=\"_paragraph_145nj_4 _paragraph_6fko5_10 layout-component text-serif-m layout-normal text-serif-m layout-padded\">\u2013 Jeg kan ikke med god samvittighet st\u00f8tte krigen mot Iran. Iran utgjorde ingen overhengende trussel mot v\u00e5r nasjon, skrev Kent p\u00e5 <a href=\"https:\/\/x.com\/joekent16jan19\/status\/2033897242986209689\" class=\"_link_145nj_39\" rel=\"nofollow\">X<\/a> den gang.<\/p>\n<p><img alt=\"Joseph Kent var direkt\u00f8r for USAs nasjonale kontraterrorsenter.  Foto: Mark Schiefelbein \/ AP \/ NTB\" class=\"_image_jw3bv_65 layout-component layout-normal\" data-fullscreen- data-track-element-type=\"Article image fullscreen\" data-track-name=\"ImageFullscreen\" decoding=\"async\" loading=\"lazy\" height=\"3744\" itemprop=\"image\"  src=\"https:\/\/www.europesays.com\/no\/wp-content\/uploads\/2026\/08\/4fb36fd5-81b0-3710-905e-3a9a4426e9c5.jpeg\"  style=\"object-position:0% 0%\" width=\"5616\"\/>Joseph Kent var direkt\u00f8r for USAs nasjonale kontraterrorsenter.  Foto: Mark Schiefelbein \/ AP \/ NTBDet virkelige problemet<\/p>\n<p class=\"_paragraph_145nj_4 _paragraph_6fko5_10 layout-component text-serif-m layout-normal text-serif-m layout-padded\">USA-ekspert Eirik L\u00f8kke tror ikke akkurat Trump-administrasjonen ser p\u00e5 bildet av de tidligere medspillerne med \u00abblide \u00f8yne\u00bb. <\/p>\n<p class=\"_paragraph_145nj_4 _paragraph_6fko5_10 layout-component text-serif-m layout-normal text-serif-m layout-padded\">Likevel mener han at presidenten har langt st\u00f8rre problemer \u00e5 h\u00e5ndtere.<\/p>\n<p class=\"_paragraph_145nj_4 _paragraph_6fko5_10 layout-component text-serif-m layout-normal text-serif-m layout-padded\"><strong class=\"_strong_145nj_25\">\u2013 Trumps virkelige problem er ikke dette bildet. Det er \u00f8konomien, Iran-krigen og at han er historisk upopul\u00e6r. Bildet er et symbol p\u00e5 at flere tidligere allierte mener han har mistet kursen og ikke har noen plan for \u00e5 vinne tilbake velgerne.<\/strong><\/p>\n<p class=\"_paragraph_145nj_4 _paragraph_6fko5_10 layout-component text-serif-m layout-normal text-serif-m layout-padded\">Samtidig har Trump fortsatt en unik posisjon, if\u00f8lge L\u00f8kke. <\/p>\n<p class=\"_paragraph_145nj_4 _paragraph_6fko5_10 layout-component text-serif-m layout-normal text-serif-m layout-padded\">For mange er det Trump selv som er MAGAMAGAForkortelse for \u00abMake America Great Again\u00bb, Donald Trumps slagord og navnet p\u00e5 den politiske bevegelsen rundt ham., mer enn selve bevegelsen. Derfor har st\u00f8ttespillerne hans v\u00e6rt villige til \u00e5 f\u00f8lge ham sv\u00e6rt langt.<\/p>\n<p><img decoding=\"async\" alt=\"Bilde av Eirik L\u00f8kke\" class=\"_image_148z4_25\" height=\"32\" itemprop=\"image\" loading=\"lazy\"  src=\"https:\/\/www.europesays.com\/no\/wp-content\/uploads\/2026\/08\/a44fc16b-0ee6-3830-8e2a-6d416b4e17dd.jpeg\"  width=\"40\"\/><strong class=\"_name_148z4_34 title-serif-xs\">Eirik L\u00f8kke<\/strong><\/p>\n<p class=\"_paragraph_145nj_4 text-sans-m _description_148z4_39\">USA-ekspert<\/p>\n<p>Kan svekke Trump<\/p>\n<p class=\"_paragraph_145nj_4 _paragraph_6fko5_10 layout-component text-serif-m layout-normal text-serif-m layout-padded\">L\u00f8kke mener likevel at den nye gruppen forel\u00f8pig ikke utgj\u00f8r noen alvorlig trussel.<\/p>\n<p class=\"_paragraph_145nj_4 _paragraph_6fko5_10 layout-component text-serif-m layout-normal text-serif-m layout-padded\">\u2013 Bildet viser at jerngrepet Trump har hatt over partiet og st\u00f8ttespillerne sine ikke lenger er like sterkt, s\u00e6rlig etter Iran-konflikten og Epstein-saken. Det kan bli et problem.<\/p>\n<p class=\"_paragraph_145nj_4 _paragraph_6fko5_10 layout-component text-serif-m layout-normal text-serif-m layout-padded\">Han mener bildet f\u00f8rst og fremst er et tegn p\u00e5 at Trumps kontroll over partiet er svekket.<\/p>\n<p class=\"_paragraph_145nj_4 _paragraph_6fko5_10 layout-component text-serif-m layout-normal text-serif-m layout-padded\">\u2013 Hvis det viser seg at han mister grepet, kan vi i ettertid si at dette var et viktig faresignal.<\/p>\n<p class=\"_paragraph_145nj_4 _paragraph_6fko5_10 layout-component text-serif-m layout-normal text-serif-m layout-padded\">Til h\u00f8sten er det mellomvalg.<\/p>\n<p class=\"_paragraph_145nj_4 _paragraph_6fko5_10 layout-component text-serif-m layout-normal text-serif-m layout-padded\">\u2013 Gj\u00f8r Trump eller Republikanerne et skikkelig d\u00e5rlig mellomvalg, vil langt flere enn dem p\u00e5 dette bildet t\u00f8rre \u00e5 g\u00e5 ut mot Trump.<\/p>\n<p><img alt=\"Trump-tilhengere med plakater med Trumps slagord \u00abMake America Great Again\u00bb.  Foto: Thomas Nilsson \/ VG\" class=\"_image_jw3bv_65 layout-component layout-normal\" data-fullscreen- data-track-element-type=\"Article image fullscreen\" data-track-name=\"ImageFullscreen\" decoding=\"async\" loading=\"lazy\" height=\"3200\" itemprop=\"image\"  src=\"https:\/\/www.europesays.com\/no\/wp-content\/uploads\/2026\/08\/e26bd7c4-757f-3c77-ab44-a96cf839ebad.jpeg\"  style=\"object-position:0% 0%\" width=\"4800\"\/>Trump-tilhengere med plakater med Trumps slagord \u00abMake America Great Again\u00bb.  Foto: Thomas Nilsson \/ VG    <\/p>\n","protected":false},"excerpt":{"rendered":"Flere tidligere Trump-allierte samler seg i ny \u00abAmerica First\u00bb-bevegelse. Donald Trump m\u00f8ter kritikk fra flere tidligere st\u00f8ttespillere. Foto:&hellip;\n","protected":false},"author":2,"featured_media":310553,"comment_status":"","ping_status":"","sticky":false,"template":"","format":"standard","meta":{"footnotes":"","_share_on_mastodon":"0"},"categories":[12],"tags":[20,21,55,24,25,15,3228,22,23,13,30,28,29,14,16,1250,26,27,42,43,44,45],"class_list":["post-310552","post","type-post","status-publish","format-standard","has-post-thumbnail","category-verden","tag-breaking-news","tag-breakingnews","tag-donald-trump","tag-featured-news","tag-featurednews","tag-headlines","tag-iran","tag-latest-news","tag-latestnews","tag-news","tag-no","tag-norge","tag-norway","tag-nyheter","tag-overskrifter","tag-protest","tag-top-stories","tag-topstories","tag-verden","tag-world","tag-world-news","tag-worldnews"],"share_on_mastodon":{"url":"https:\/\/pubeurope.com\/@no\/117028180078216520","error":""},"_links":{"self":[{"href":"https:\/\/www.europesays.com\/no\/wp-json\/wp\/v2\/posts\/310552","targetHints":{"allow":["GET"]}}],"collection":[{"href":"https:\/\/www.europesays.com\/no\/wp-json\/wp\/v2\/posts"}],"about":[{"href":"https:\/\/www.europesays.com\/no\/wp-json\/wp\/v2\/types\/post"}],"author":[{"embeddable":true,"href":"https:\/\/www.europesays.com\/no\/wp-json\/wp\/v2\/users\/2"}],"replies":[{"embeddable":true,"href":"https:\/\/www.europesays.com\/no\/wp-json\/wp\/v2\/comments?post=310552"}],"version-history":[{"count":0,"href":"https:\/\/www.europesays.com\/no\/wp-json\/wp\/v2\/posts\/310552\/revisions"}],"wp:featuredmedia":[{"embeddable":true,"href":"https:\/\/www.europesays.com\/no\/wp-json\/wp\/v2\/media\/310553"}],"wp:attachment":[{"href":"https:\/\/www.europesays.com\/no\/wp-json\/wp\/v2\/media?parent=310552"}],"wp:term":[{"taxonomy":"category","embeddable":true,"href":"https:\/\/www.europesays.com\/no\/wp-json\/wp\/v2\/categories?post=310552"},{"taxonomy":"post_tag","embeddable":true,"href":"https:\/\/www.europesays.com\/no\/wp-json\/wp\/v2\/tags?post=310552"}],"curies":[{"name":"wp","href":"https:\/\/api.w.org\/{rel}","templated":true}]}}