{"id":310614,"date":"2026-08-03T00:47:18","date_gmt":"2026-08-03T00:47:18","guid":{"rendered":"https:\/\/www.europesays.com\/no\/310614\/"},"modified":"2026-08-03T00:47:18","modified_gmt":"2026-08-03T00:47:18","slug":"sport-fotball-alle-grep-ser-ut-til-a-ende-som-en-fiasko","status":"publish","type":"post","link":"https:\/\/www.europesays.com\/no\/310614\/","title":{"rendered":"Sport, Fotball | Alle grep ser ut til \u00e5 ende som en fiasko"},"content":{"rendered":"<p class=\"vignette\">Kommentar<\/p>\n<p class=\"disclaimer\">Dette er en kommentar, skrevet av en redaksjonell medarbeider. Kommentaren gir uttrykk for skribentens holdninger.<\/p>\n<p>Gjestene spilte 4-3-3 som vanlig p\u00e5 KFUM Arena s\u00f8ndag, men det var gjort et grep som handler om at Jesper Isaksen skulle falle ned som en tredje midstopper da hjemmelaget hadde ballen. I etterkant er det lett \u00e5 sl\u00e5 fast at dette ble en skivebom.<\/p>\n<p>Magnus Wolff Eikrem er tross alderen fortsatt Norges skarpeste fotballhode. Han fant selvsagt raskt ut hvilket rom han skulle opps\u00f8ke for \u00e5 sette sitt preg p\u00e5 kampen.<\/p>\n<p>  <a href=\"https:\/\/www.tk.no\/5-51-1893274\" class=\"related-teaser has-image article--c-MkAkR\" rel=\"nofollow noopener\" target=\"_blank\"><\/p>\n<p>    <img decoding=\"async\" width=\"155\"  loading=\"lazy\"  src=\"https:\/\/www.europesays.com\/no\/wp-content\/uploads\/2026\/08\/1785718038_188_NTB_NGPCiMpjyi8.jpg\" alt=\"\" class=\"brick-c-cFOWSL\" style=\"\"\/><\/p>\n<p>\n            Les ogs\u00e5<\/p>\n<p>            Krever mer av alle etter nytt KBK-tap: \u2013 Det m\u00e5 koste mer der ute\n        <\/p>\n<p>  <\/a><br \/>\n  Tok grep i pausen<\/p>\n<p>Med Isaksen ned i forsvarsrekka som stopper p\u00e5 venstresiden i banen, ble Syver Skeide og Wilfred George gang p\u00e5 gang overspilt sentralt i banen. Dette s\u00e5 selvsagt veteranen og la seg ut til venstre for KFUM s\u00e5nn at det i perioder faktisk virket som at Oslo-laget spilte med \u00e9n spiller mer. Ja, Wolff Eikrem er god, men det da f\u00e5r da v\u00e6re m\u00e5te p\u00e5 \u00e5 servere ham alt p\u00e5 et s\u00f8lvfat.<\/p>\n<p>Og det m\u00e5tte selvsagt g\u00e5 galt. Det er greit at KBK yppet seg i starten, men KFUM Oslo var klart best og ledet fortjent 2-0 etter halvspilt kamp.<\/p>\n<p><b>Les ogs\u00e5: <a class=\"simple-relation related-teaser article--c-eBQpMJ\" href=\"https:\/\/www.tk.no\/avis-ny-spiller-pa-vei-til-kbk-ankommer-tirsdag\/s\/5-51-1893269\" rel=\"nofollow noopener\" target=\"_blank\">Avis: Ny spiller p\u00e5 vei til KBK \u2013 ankommer tirsdag<\/a><\/b><\/p>\n<p>I pausen valgte Amund Skiri \u00e5 ta grep. Sander Svendsen, Tobias Svendsen og Adrian Kurd R\u00f8nning kom inn med masse energi og bl\u00e5tr\u00f8yene begynte \u00e5 spille vanlig KBK-fotball. Det hjalp selvsagt ogs\u00e5 at kampens store spiller fikk seg en smell og aldri kom p\u00e5 banen etter hvilen.<\/p>\n<p>Det var ingen festfotball av nordm\u00f8rslaget etter pause heller, men det var i hvert fall betryggende \u00e5 se at Kristiansund faktisk s\u00e5 ut som et fotballag igjen.<\/p>\n<p>Og det m\u00e5 de gj\u00f8re regelmessig resten av sesongen. Tabellen lyver ikke. KBK er per i dag Norges nest d\u00e5rligste eliteserielag. Trenden m\u00e5 raskt snu hvis det ikke skal g\u00e5 skikkelig galt. Og galt i fotballsammenheng er i denne settingen et nedrykk til 1. divisjon.<\/p>\n<p>            KBKs gjenst\u00e5ende kamper i Eliteserien<\/p>\n<p>KBK-Molde<\/p>\n<p>Fredrikstad-KBK<\/p>\n<p>HamKam-KBK<\/p>\n<p>KBK-Troms\u00f8<\/p>\n<p>Viking-KBK<\/p>\n<p>KBK-Rosenborg<\/p>\n<p>Bod\u00f8\/Glimt-KBK<\/p>\n<p>KBK-Aalesund<\/p>\n<p>KBK-KFUM Oslo<\/p>\n<p>Sarpsborg 08-KBK<\/p>\n<p>KBK-V\u00e5lerenga<\/p>\n<p>KBK-Sandefjord<\/p>\n<p>Brann-KBK<\/p>\n<p>KBK-Lillestr\u00f8m<\/p>\n<p>Start-KBK<\/p>\n<p>  <a href=\"https:\/\/www.tk.no\/5-51-1892825\" class=\"related-teaser has-image article--c-MkAkR\" rel=\"nofollow noopener\" target=\"_blank\"><\/p>\n<p>    <img decoding=\"async\" width=\"155\"  loading=\"lazy\"  src=\"https:\/\/www.europesays.com\/no\/wp-content\/uploads\/2026\/08\/jacob.jpg\" alt=\"\" class=\"brick-c-cFOWSL\" style=\"\"\/><\/p>\n<p>\n            Les ogs\u00e5<\/p>\n<p>            KBK tester ut midtbanespiller\n        <\/p>\n<p>  <\/a><br \/>\n  Molde er neste<\/p>\n<p>Bildet er heldigvis ikke helsvart. KBK har tidligere i \u00e5r vist at de kan spille god fotball. Mye handler om \u00e5 f\u00e5 hodet p\u00e5 rett plass igjen. Akkurat n\u00e5 er ser det ut til \u00e5 v\u00e6re en mental kollaps i kamp etter kamp n\u00e5r det butter litt imot.<\/p>\n<p>Etter kampen snakket lagkaptein Dan Peter Ulvestad om at hver enkelt spiller m\u00e5 steppe opp og faktisk vise at de vil bl\u00f8 for drakt i hver eneste duell. Det nytter ikke \u00e5 gj\u00f8re ting halvveis. Kampen s\u00f8ndag var et nytt bevis p\u00e5 at KBK gang etter gang taper de viktige 50\/50-ballene og p\u00e5 den m\u00e5ten f\u00e5r de s\u00e5kalte marginene mot seg.<\/p>\n<p>F\u00f8rste mulighet kommer s\u00f8ndag. Da venter Molde p\u00e5 et forh\u00e5pentligvis tiln\u00e6rmet fullsatt Nordm\u00f8re stadion. En perfekt kamp for \u00e5 snu den negative trenden, men ogs\u00e5 en kamp som virkelig kan ta motet fra KBK-gutta. Et sviende nederlag mot klubbens erkefiende kan faktisk gj\u00f8re s\u00e5 vondt at det til slutt blir umulig \u00e5 komme p\u00e5 rett kj\u00f8l igjen.<\/p>\n<p>Hansken er kastet. Resten er opp til Skiri og spillerne.<\/p>\n","protected":false},"excerpt":{"rendered":"Kommentar Dette er en kommentar, skrevet av en redaksjonell medarbeider. Kommentaren gir uttrykk for skribentens holdninger. Gjestene spilte&hellip;\n","protected":false},"author":2,"featured_media":310615,"comment_status":"","ping_status":"","sticky":false,"template":"","format":"standard","meta":{"footnotes":"","_share_on_mastodon":"0"},"categories":[59],"tags":[36,92,3219,30,28,29,1533,83,82],"class_list":["post-310614","post","type-post","status-publish","format-standard","has-post-thumbnail","category-sport","tag-art","tag-fotball","tag-kbk","tag-no","tag-norge","tag-norway","tag-opinion","tag-sport","tag-sports"],"share_on_mastodon":{"url":"https:\/\/pubeurope.com\/@no\/117028824322925288","error":""},"_links":{"self":[{"href":"https:\/\/www.europesays.com\/no\/wp-json\/wp\/v2\/posts\/310614","targetHints":{"allow":["GET"]}}],"collection":[{"href":"https:\/\/www.europesays.com\/no\/wp-json\/wp\/v2\/posts"}],"about":[{"href":"https:\/\/www.europesays.com\/no\/wp-json\/wp\/v2\/types\/post"}],"author":[{"embeddable":true,"href":"https:\/\/www.europesays.com\/no\/wp-json\/wp\/v2\/users\/2"}],"replies":[{"embeddable":true,"href":"https:\/\/www.europesays.com\/no\/wp-json\/wp\/v2\/comments?post=310614"}],"version-history":[{"count":0,"href":"https:\/\/www.europesays.com\/no\/wp-json\/wp\/v2\/posts\/310614\/revisions"}],"wp:featuredmedia":[{"embeddable":true,"href":"https:\/\/www.europesays.com\/no\/wp-json\/wp\/v2\/media\/310615"}],"wp:attachment":[{"href":"https:\/\/www.europesays.com\/no\/wp-json\/wp\/v2\/media?parent=310614"}],"wp:term":[{"taxonomy":"category","embeddable":true,"href":"https:\/\/www.europesays.com\/no\/wp-json\/wp\/v2\/categories?post=310614"},{"taxonomy":"post_tag","embeddable":true,"href":"https:\/\/www.europesays.com\/no\/wp-json\/wp\/v2\/tags?post=310614"}],"curies":[{"name":"wp","href":"https:\/\/api.w.org\/{rel}","templated":true}]}}