{"id":311070,"date":"2026-08-03T11:58:14","date_gmt":"2026-08-03T11:58:14","guid":{"rendered":"https:\/\/www.europesays.com\/no\/311070\/"},"modified":"2026-08-03T11:58:14","modified_gmt":"2026-08-03T11:58:14","slug":"frank-loke-nekter-a-avlyse-boksekampen-mot-kai-robin-havnaa","status":"publish","type":"post","link":"https:\/\/www.europesays.com\/no\/311070\/","title":{"rendered":"Frank L\u00f8ke nekter \u00e5 avlyse boksekampen mot Kai Robin Havnaa"},"content":{"rendered":"\n<p class=\"_lead_145nj_2 _lead_6fko5_53 layout-component text-serif-m layout-normal text-serif-l layout-component layout-wide layout-padded _wide_17hqh_1 layout-padded\">Frank L\u00f8ke sier at han nekter \u00e5 avlyse boksekampen mot Kai Robin Havnaa i slutten av august \u2013 tross legenes ordre om full treningsstans.<\/p>\n<p><img alt=\"Slik s\u00e5 Frank L\u00f8ke ut etter \u00abFOffroad Finnmark\u00bb.\" class=\"_image_jw3bv_65 layout-component layout-wide\" data-fullscreen- data-track-element-type=\"Article image fullscreen\" data-track-name=\"ImageFullscreen\" fetchpriority=\"high\" decoding=\"sync\" loading=\"eager\" height=\"2048\" itemprop=\"image\"  src=\"https:\/\/www.europesays.com\/no\/wp-content\/uploads\/2026\/08\/3d625ca9-29b6-3e43-b11c-aa17e709d19d.jpeg\"  style=\"object-position:0% 0%\" width=\"1536\"\/>Slik s\u00e5 Frank L\u00f8ke ut etter \u00abFOffroad Finnmark\u00bb.<\/p>\n<ul aria-hidden=\"true\" class=\"_images_ntbth_112\">\n<li><a class=\"_link_ntbth_117\" href=\"https:\/\/www.vg.no\/forfatter\/andreas-almli\" style=\"z-index:1\" title=\"Andreas Almli\" rel=\"nofollow noopener\" target=\"_blank\"><img alt=\"Bilde av Andreas Almli\" class=\"_image_ntbth_93\" fetchpriority=\"low\" loading=\"lazy\" decoding=\"async\" itemprop=\"image\"  src=\"https:\/\/www.europesays.com\/no\/wp-content\/uploads\/2026\/08\/1785758294_144_375927d7-c3ac-45fd-a424-5db85cd85b8f.jpeg\"  width=\"480\"\/><\/a><\/li>\n<\/ul>\n<p> Oppdatert mandag 3. august kl. 13:44    <\/p>\n<ul class=\"_list_145nj_3 _list_64s2r_85 _unordered_145nj_106 text-sans-m\">\n<li class=\"_item_145nj_30\">Frank L\u00f8ke nekter \u00e5 avlyse boksekampen mot Kai Robin Havnaa, til tross for legenes ordre om full treningsstans.<\/li>\n<li class=\"_item_145nj_30\">L\u00f8ke har f\u00e5tt treningsindusert rabdomyolyse etter \u00e5 ha syklet 700 km gjennom Finnmark.<\/li>\n<li class=\"_item_145nj_30\">L\u00f8ke sier han vil gjennomf\u00f8re kampen basert p\u00e5 egen f\u00f8lelse av form.<\/li>\n<\/ul>\n<p>Vis mer <\/p>\n<p class=\"_paragraph_145nj_4 _paragraph_6fko5_10 layout-component text-serif-m layout-normal text-serif-m layout-padded\">\u2013 Jeg slet med \u00e5 \u00e5pne en sjokolade i sted, og i g\u00e5r slet jeg med \u00e5 holde bestikket da jeg skulle spise. Det er jo selvf\u00f8lgelig ikke optimalt, men jeg tror at i den andre enden s\u00e5 kommer jeg sterkere ut av det, sier <a href=\"https:\/\/www.vg.no\/tag\/frank-loeke?utm_source=vg-article&amp;utm_medium=auto-tagger&amp;utm_campaign=vr9Kyp\" class=\"_link_145nj_39\" rel=\"nofollow noopener\" target=\"_blank\">Frank L\u00f8ke<\/a> (46) til VG.<\/p>\n<p class=\"_paragraph_145nj_4 _paragraph_6fko5_10 layout-component text-serif-m layout-normal text-serif-m layout-padded\">L\u00f8ke m\u00e5tte <a href=\"https:\/\/www.vg.no\/sport\/i\/rr9Kqa\/loeke-til-sykehus-etter-ekstremritt-jeg-har-faatt-juling\" data-track-element-type=\"Link\" data-track-id=\"link:rr9Kqa\" class=\"_link_145nj_39\" rel=\"nofollow noopener\" target=\"_blank\">rett i ambulanse<\/a> etter \u00e5 ha fullf\u00f8rt 700 kilometer p\u00e5 sykkel gjennom Finnmarksvidda under \u00abOffroad Finnmark\u00bb. <\/p>\n<p class=\"_paragraph_145nj_4 _paragraph_6fko5_10 layout-component text-serif-m layout-normal text-serif-m layout-padded\">N\u00e5 har han f\u00e5tt diagnosen treningsindusert rabdomyolyse, som er en akutt nedbryting av muskelceller.<\/p>\n<p>Hva er rabdomyolyse?<\/p>\n<p class=\"_paragraph_145nj_4 _paragraph_6fko5_10 _paragraph_1kitn_11 layout-component text-serif-m layout-normal text-sans-m layout-padded\">Rabdomyolyse er en sykdom som skyldes akutt \u00f8deleggelse av store mengder muskelceller. \u00c5rsakene er mange. Akutt nyresvikt er en vanlig komplikasjon. De fleste blir bra, men for noen kan sykdommen bli alvorlig.<\/p>\n<p class=\"_paragraph_145nj_4 _paragraph_6fko5_10 _paragraph_1kitn_11 layout-component text-serif-m layout-normal text-sans-m layout-padded\">Kilde: NHI<\/p>\n<p>Vis mer<\/p>\n<p class=\"_paragraph_145nj_4 _paragraph_6fko5_10 layout-component text-serif-m layout-normal text-serif-m layout-padded\">\u2013 Jeg har g\u00e5tt opp 15 kilo i v\u00e6skebalanse. Det er helt sykt egentlig, jeg veier jo mer n\u00e5 enn da jeg spilte h\u00e5ndball. Jeg m\u00e5 passe p\u00e5 nyrene mine og drikke mye vann, forteller L\u00f8ke. <\/p>\n<p class=\"_paragraph_145nj_4 _paragraph_6fko5_10 layout-component text-serif-m layout-normal text-serif-m layout-padded\">Den 29. august skal L\u00f8ke etter planen m\u00f8te tidligere proffbokser Kai Robin Havnaa til kamp. Legene har beordret full stans i trening i to uker, f\u00f8r han eventuelt kan starte forsiktig opp igjen.<\/p>\n<p class=\"_paragraph_145nj_4 _paragraph_6fko5_10 layout-component text-serif-m layout-normal text-serif-m layout-padded\">L\u00f8ke tar den beskjeden med en klype salt.  <\/p>\n<p class=\"_paragraph_145nj_4 _paragraph_6fko5_10 layout-component text-serif-m layout-normal text-serif-m layout-padded\">\u2013 Jeg driter egentlig i hva leger sier s\u00e5 lenge jeg sover og f\u00f8ler at jeg er klar til \u00e5 trene. Akkurat n\u00e5 kjenner jeg at jeg ikke kan det, men jeg kjenner p\u00e5 kroppen min selv n\u00e5r jeg kan begynne \u00e5 trene. <\/p>\n<p><img alt=\"Frank L\u00f8ke i m\u00e5lomr\u00e5det etter \u00abOffroad Finnmark\u00bb.\" class=\"_image_jw3bv_65 layout-component layout-normal\" data-fullscreen- data-track-element-type=\"Article image fullscreen\" data-track-name=\"ImageFullscreen\" decoding=\"async\" loading=\"lazy\" height=\"1440\" itemprop=\"image\"  src=\"https:\/\/www.europesays.com\/no\/wp-content\/uploads\/2026\/08\/f06dbde9-bf69-3c8c-9f6c-01432545cd58.jpeg\"  style=\"object-position:0% 0%\" width=\"1080\"\/>Frank L\u00f8ke i m\u00e5lomr\u00e5det etter \u00abOffroad Finnmark\u00bb.<\/p>\n<p class=\"_paragraph_145nj_4 _paragraph_6fko5_10 layout-component text-serif-m layout-normal text-serif-m layout-padded\">L\u00f8ke, som har besteget K2, Mount Everest og fullf\u00f8rt triatlonen Norseman, var tydelig overfor <a href=\"https:\/\/www.vg.no\/sport\/i\/2po9aa\/frank-loeke-skal-delta-i-ekstremritt-mannen-er-jo-steike-gal\" data-track-element-type=\"Link\" data-track-id=\"link:2po9aa\" class=\"_link_145nj_39\" rel=\"nofollow noopener\" target=\"_blank\">VG<\/a> f\u00f8r start p\u00e5 at \u00abOffroad Finnmark\u00bb ble hans t\u00f8ffeste konkurranse i livet.<\/p>\n<p class=\"_paragraph_145nj_4 _paragraph_6fko5_10 layout-component text-serif-m layout-normal text-serif-m layout-padded\">Selv om det n\u00e5 venter noen ufrivillige dager med hvile er L\u00f8ke tydelig p\u00e5 at boksekampen skal gjennomf\u00f8res.<\/p>\n<p class=\"_paragraph_145nj_4 _paragraph_6fko5_10 layout-component text-serif-m layout-normal text-serif-m layout-padded\">\u2013 Kampen skal bli gjennomf\u00f8rt uansett hva, om vi s\u00e5 m\u00e5 forskyve den kampen. Jeg er klar for kamp, for jeg regner med at han ogs\u00e5 er det. Men det er litt kontrast til oss. Det er hardt \u00e5 jobbe seg gjennom dette her, men det g\u00e5r. Alt g\u00e5r, sier L\u00f8ke.<\/p>\n<p class=\"_paragraph_145nj_4 _paragraph_6fko5_10 layout-component text-serif-m layout-normal text-serif-m layout-padded\"><a href=\"https:\/\/tv.vg.no\/video\/364448\/frank-loke-kai-robin-havnaa\" class=\"_link_145nj_39\" rel=\"nofollow noopener\" target=\"_blank\">L\u00f8ke og Havnaa skal etter planen barke sammen i bokseringen 29. august. Den kampen kan du se p\u00e5 VG + Sport. <\/a><\/p>\n","protected":false},"excerpt":{"rendered":"Frank L\u00f8ke sier at han nekter \u00e5 avlyse boksekampen mot Kai Robin Havnaa i slutten av august \u2013&hellip;\n","protected":false},"author":2,"featured_media":311071,"comment_status":"","ping_status":"","sticky":false,"template":"","format":"standard","meta":{"footnotes":"","_share_on_mastodon":"0"},"categories":[10],"tags":[20,21,24,25,1561,15,6828,22,23,13,30,28,29,14,24733,16,26,27],"class_list":["post-311070","post","type-post","status-publish","format-standard","has-post-thumbnail","category-norge","tag-breaking-news","tag-breakingnews","tag-featured-news","tag-featurednews","tag-frank-loke","tag-headlines","tag-kai-robin-havnaa","tag-latest-news","tag-latestnews","tag-news","tag-no","tag-norge","tag-norway","tag-nyheter","tag-offroad-finnmark","tag-overskrifter","tag-top-stories","tag-topstories"],"share_on_mastodon":{"url":"https:\/\/pubeurope.com\/@no\/117031463601158166","error":""},"_links":{"self":[{"href":"https:\/\/www.europesays.com\/no\/wp-json\/wp\/v2\/posts\/311070","targetHints":{"allow":["GET"]}}],"collection":[{"href":"https:\/\/www.europesays.com\/no\/wp-json\/wp\/v2\/posts"}],"about":[{"href":"https:\/\/www.europesays.com\/no\/wp-json\/wp\/v2\/types\/post"}],"author":[{"embeddable":true,"href":"https:\/\/www.europesays.com\/no\/wp-json\/wp\/v2\/users\/2"}],"replies":[{"embeddable":true,"href":"https:\/\/www.europesays.com\/no\/wp-json\/wp\/v2\/comments?post=311070"}],"version-history":[{"count":0,"href":"https:\/\/www.europesays.com\/no\/wp-json\/wp\/v2\/posts\/311070\/revisions"}],"wp:featuredmedia":[{"embeddable":true,"href":"https:\/\/www.europesays.com\/no\/wp-json\/wp\/v2\/media\/311071"}],"wp:attachment":[{"href":"https:\/\/www.europesays.com\/no\/wp-json\/wp\/v2\/media?parent=311070"}],"wp:term":[{"taxonomy":"category","embeddable":true,"href":"https:\/\/www.europesays.com\/no\/wp-json\/wp\/v2\/categories?post=311070"},{"taxonomy":"post_tag","embeddable":true,"href":"https:\/\/www.europesays.com\/no\/wp-json\/wp\/v2\/tags?post=311070"}],"curies":[{"name":"wp","href":"https:\/\/api.w.org\/{rel}","templated":true}]}}