{"id":31113,"date":"2025-09-09T21:27:08","date_gmt":"2025-09-09T21:27:08","guid":{"rendered":"https:\/\/www.europesays.com\/no\/31113\/"},"modified":"2025-09-09T21:27:08","modified_gmt":"2025-09-09T21:27:08","slug":"kate-mckinnon-avslorer-sjelden-medisinsk-tilstand","status":"publish","type":"post","link":"https:\/\/www.europesays.com\/no\/31113\/","title":{"rendered":"Kate McKinnon avsl\u00f8rer sjelden medisinsk tilstand"},"content":{"rendered":"<p class=\"kicker \" style=\"\">Kate McKinnon:<\/p>\n<p>  &#8211; Det er ekkelt, erkjenner komikeren.\u00a0<\/p>\n<p>\n    \u00c5PNER OPP: Komiker Kate KcKinnon r\u00f8per diagnose. Foto: James Veysey\/Shutterstock\n  <\/p>\n<p>Kate McKinnon (41), mest kjent som skuespiller i komiserien \u00abSaturday Night Live\u00bb, avsl\u00f8rer at hun har en uvanlig medisinsk tilstand. Det melder blant andre <a href=\"https:\/\/people.com\/snl-alum-kate-mckinnon-reveals-she-was-diagnosed-with-geographic-tongue-11804157\" rel=\"nofollow noopener\" target=\"_blank\">People<\/a>.\u00a0<\/p>\n<p>    <a itemprop=\"url\" href=\"https:\/\/www.seher.no\/kjendis\/deler-bilder-fra-sykesengen\/83467667\" rel=\"nofollow noopener\" target=\"_blank\"><\/p>\n<p>      <img loading=\"lazy\" decoding=\"async\" src=\"https:\/\/www.europesays.com\/no\/wp-content\/uploads\/2025\/09\/83467647.webp\" width=\"147\" height=\"98\" title=\"Deler bilder fra sykesengen\" alt=\"\" class=\"lazyload\" style=\"--aspect-ratio-image: 1.50; \"\/><\/p>\n<p>        Deler bilder fra sykesengen<\/p>\n<p>    <\/a><\/p>\n<p>I et intervju med magasinet forteller McKinnon at det siste bildet hun tok p\u00e5 telefonen var av sin egen tunge.<\/p>\n<p class=\"font-weight-bold m-font-weight-bold\" data-lab-font_weight=\"font-weight-bold\">&#8211; Jeg tok et bilde av tunga mi og sendte det til en skuespillervenn. Vi har begge samme medisinske tilstand. Det kalles geografisk tunge. Tunga di skaller av i flekker og ser ut som et atlas, derav navnet \u00abgeografisk tunge\u00bb, sier hun.<\/p>\n<p>        DIAGNOSE: Sara Emilie Tanberg deler \u00e5pent om diagnosen i \u00abBloggerne\u00bb. Video: TV 2\/R\u00f8d L\u00f8per.<\/p>\n<p>If\u00f8lge <a href=\"https:\/\/www.mayoclinic.org\/diseases-conditions\/geographic-tongue\/symptoms-causes\/syc-20354396\" rel=\"nofollow noopener\" target=\"_blank\">Mayo Clinic<\/a> er geografisk tunge en betennelsestilstand som p\u00e5virker tungeoverflaten, men som er ufarlig. Flekkene p\u00e5 tunga mangler papiller &#8211; sm\u00e5, rosa-hvite knopper &#8211; og ser ut som et kart.<\/p>\n<p>&#8211; Det er ekkelt. Vi skryter av hvor geografiske vi er p\u00e5 en gitt dag. Kanskje jeg ikke burde si dette i et magasin, sier hun.<\/p>\n<p>          <img loading=\"lazy\" decoding=\"async\" src=\"https:\/\/www.europesays.com\/no\/wp-content\/uploads\/2025\/09\/83569417.webp\" width=\"686\" height=\"460\" title=\"VANT PRIS: Kate McKinnon vant en Emmy-pris her i 2017. Foto: Matt Baron \/ REX \/ NTB\" alt=\"\" class=\"\" style=\"--aspect-ratio-image: 1.49; \"\/><\/p>\n<p>\n          VANT PRIS: Kate McKinnon vant en Emmy-pris her i 2017. Foto: Matt Baron \/ REX \/ NTB\n      <\/p>\n<p>McKinnon er ikke alene om den uvanlige tilstanden, og det er flere kjendiser som er i samme b\u00e5t som henne.\u00a0<\/p>\n<p>I 2020 delte \u00abDuck Dynasty\u00bb-stjernen Sadie Robertson (28) et bilde av tunga si mens hun avsl\u00f8rte at hun har samme diagnose.<\/p>\n<p class=\"font-weight-bold m-font-weight-bold\" data-lab-font_weight=\"font-weight-bold\">&#8211; Jeg har ogs\u00e5 geografisk tunge \u2013 ja, det er en ting, og ja, det er derfor tunga mi ser rar ut, skrev hun den gang.\u00a0<\/p>\n<p>    <a itemprop=\"url\" href=\"https:\/\/www.seher.no\/kjendis\/roper-sykdom-lever-i-frykt\/83390163\" rel=\"nofollow noopener\" target=\"_blank\"><\/p>\n<p>      <img loading=\"lazy\" decoding=\"async\" src=\"https:\/\/www.europesays.com\/no\/wp-content\/uploads\/2025\/09\/83389850.webp\" width=\"147\" height=\"98\" title=\"R\u00f8per sykdom: - Lever i frykt\" alt=\"\" class=\"lazyload\" style=\"--aspect-ratio-image: 1.50; \"\/><\/p>\n<p>        R\u00f8per sykdom: &#8211; Lever i frykt<\/p>\n<p>    <\/a><\/p>\n<p>McKinnon har tidligere v\u00e6rt med i \u00abSaturday Night Live\u00bb fra 2012 til 2022, noe som ga henne ti Emmy-nominasjoner. Etter at hun sluttet har hun medvirket i flere filmer, inkludert \u00abBarbie\u00bb i 2023.<\/p>\n<p>        DUKKET OPP: Skuespiller Michael J. Fox (62) fikk st\u00e5ende applaus da han kom ut p\u00e5 scenen under s\u00f8ndagens Bafta-prisutdeling, for \u00e5 dele ut prisen for Beste film. Filmstjernen fikk diagnosen Parkinsons i 1991, og er ikke ofte \u00e5 se i offentligheten.<\/p>\n<p> I fjor hintet imidlertid McKinnon om at hun var interessert i \u00e5 returnere til komiserien, if\u00f8lge <a href=\"https:\/\/nypost.com\/2025\/09\/07\/entertainment\/snl-alum-kate-mckinnon-reveals-geographic-tongue-diagnosis\/\" rel=\"nofollow noopener\" target=\"_blank\">New York Post<\/a>.<\/p>\n<p>&#8211; Ja, jeg kommer tilbake. Jeg vil gjerne komme tilbake, sa hun.\u00a0<\/p>\n","protected":false},"excerpt":{"rendered":"Kate McKinnon: &#8211; Det er ekkelt, erkjenner komikeren.\u00a0 \u00c5PNER OPP: Komiker Kate KcKinnon r\u00f8per diagnose. Foto: James Veysey\/Shutterstock&hellip;\n","protected":false},"author":2,"featured_media":31114,"comment_status":"","ping_status":"","sticky":false,"template":"","format":"standard","meta":{"footnotes":""},"categories":[58],"tags":[4982,4981,71,4980,479,2543,30,28,29,3318,72],"class_list":{"0":"post-31113","1":"post","2":"type-post","3":"status-publish","4":"format-standard","5":"has-post-thumbnail","7":"category-underholdning","8":"tag-apner-opp","9":"tag-diagnose","10":"tag-entertainment","11":"tag-kate-mckinnon","12":"tag-kjendis","13":"tag-kjendisdesken","14":"tag-no","15":"tag-norge","16":"tag-norway","17":"tag-skuespiller","18":"tag-underholdning"},"share_on_mastodon":{"url":"","error":""},"_links":{"self":[{"href":"https:\/\/www.europesays.com\/no\/wp-json\/wp\/v2\/posts\/31113","targetHints":{"allow":["GET"]}}],"collection":[{"href":"https:\/\/www.europesays.com\/no\/wp-json\/wp\/v2\/posts"}],"about":[{"href":"https:\/\/www.europesays.com\/no\/wp-json\/wp\/v2\/types\/post"}],"author":[{"embeddable":true,"href":"https:\/\/www.europesays.com\/no\/wp-json\/wp\/v2\/users\/2"}],"replies":[{"embeddable":true,"href":"https:\/\/www.europesays.com\/no\/wp-json\/wp\/v2\/comments?post=31113"}],"version-history":[{"count":0,"href":"https:\/\/www.europesays.com\/no\/wp-json\/wp\/v2\/posts\/31113\/revisions"}],"wp:featuredmedia":[{"embeddable":true,"href":"https:\/\/www.europesays.com\/no\/wp-json\/wp\/v2\/media\/31114"}],"wp:attachment":[{"href":"https:\/\/www.europesays.com\/no\/wp-json\/wp\/v2\/media?parent=31113"}],"wp:term":[{"taxonomy":"category","embeddable":true,"href":"https:\/\/www.europesays.com\/no\/wp-json\/wp\/v2\/categories?post=31113"},{"taxonomy":"post_tag","embeddable":true,"href":"https:\/\/www.europesays.com\/no\/wp-json\/wp\/v2\/tags?post=31113"}],"curies":[{"name":"wp","href":"https:\/\/api.w.org\/{rel}","templated":true}]}}