{"id":311250,"date":"2026-08-03T15:14:15","date_gmt":"2026-08-03T15:14:15","guid":{"rendered":"https:\/\/www.europesays.com\/no\/311250\/"},"modified":"2026-08-03T15:14:15","modified_gmt":"2026-08-03T15:14:15","slug":"barn-pakjort-i-as-veldig-alvorlig-dagbladet-no","status":"publish","type":"post","link":"https:\/\/www.europesays.com\/no\/311250\/","title":{"rendered":"Barn p\u00e5kj\u00f8rt i \u00c5s: &#8211; Veldig alvorlig &#8211; dagbladet.no"},"content":{"rendered":"<ol>\n<li><a href=\"https:\/\/news.google.com\/rss\/articles\/CBMigAFBVV95cUxQZ2lqaHBhdTN1aGhzU2U0bWVYa05FTGRSYTJKYlhnM1czMmVmb3Z4YUpneGJKTUpyNHg2NXc1RXFJWlFLYk5welZ1MjQ5UkdRdHduVGUwTlBadnhZM21teDdQTGJrYmY0QmxnaXZ3N3VmMm1UeFZqUjRYN2w4Nndzaw?oc=5\" target=\"_blank\" rel=\"nofollow noopener\">Barn p\u00e5kj\u00f8rt i \u00c5s: &#8211; Veldig alvorlig<\/a>&nbsp;&nbsp;dagbladet.no<\/li>\n<li><a href=\"https:\/\/news.google.com\/rss\/articles\/CBMijAFBVV95cUxQOE15ZjhrZTJEV0oyRGk4elgwM2EwSzJRVmloUV9xSThEZEZGb1NXRXIybjVkOFRjd3l5ZTl6YUdock12SVVTYW5jclcyU1IxeVhpbVB0OGZKVGczU3d1VzlnRzNSYS1MOTJDZFJDLXIwSEhOWXVzMkQ3czVxaWdXVjRVcVZyQjdCTC1VUg?oc=5\" target=\"_blank\" rel=\"nofollow noopener\">Barn p\u00e5kj\u00f8rt i \u00c5s: Livreddende f\u00f8rstehjelp p\u00e5g\u00e5r<\/a>&nbsp;&nbsp;TV 2<\/li>\n<li><a href=\"https:\/\/news.google.com\/rss\/articles\/CBMiTkFVX3lxTE5oU0pFa3lKbmFGaUFvSmJ3bWRpTG9NcUdOOE13YnB4VHQzdGFjNFRZSFN3OFYtelZ6VDBnVzh3UjRYak5LQVBfZGNXeGJzQQ?oc=5\" target=\"_blank\" rel=\"nofollow noopener\">Person p\u00e5kj\u00f8rt i \u00c5s: \u2013 P\u00e5g\u00e5r hjerte- og lungeredning<\/a>&nbsp;&nbsp;Teknisk Ukeblad<\/li>\n<li><a href=\"https:\/\/news.google.com\/rss\/articles\/CBMigAFBVV95cUxPX2o2RFFCaVZqVTI0aFVMTlJMUlhoODIyWlNONEFBdU1NQURmZVFiWGVyU29SOVZUbkJfekhIVGNTTzBGblUwLWdvWHo0TU5DRGM4TG1iaE9uTE1IdENUQXJsZHRrN2FOaEROQmtrXzh5ZUktM0cyR1pnRHF3MTd3eQ?oc=5\" target=\"_blank\" rel=\"nofollow noopener\">Politiet, Politiet i \u00d8st | Barn p\u00e5kj\u00f8rt i \u00c5s \u2013 luftambulanse p\u00e5 vei<\/a>&nbsp;&nbsp;\u00c5s Avis<\/li>\n<li><a href=\"https:\/\/news.google.com\/rss\/articles\/CBMiqwFBVV95cUxPaUJSUDNtNkFjSFNqX25CdXZvb0t2NkJ3RGZhNWszWl9uUlQtX2t5eUpjbTFKT0kxOTY3clFULVlVdDZWSzByM05zemZmaGNfVTZ5bVlmUWlVRjJoRmx1dTVfQmZTa0F3R1B1QUhVVEFKbkRIUzJoM0V2TzJWMHc2bWtQUVRaSmNjRFI2VGN2Mkdkb1dEZm41ZG82XzY0UG1QTWtvekVaSmdPbzQ?oc=5\" target=\"_blank\" rel=\"nofollow noopener\">Barn p\u00e5kj\u00f8rt i \u00c5s: Luftambulanse p\u00e5 vei<\/a>&nbsp;&nbsp;TV 2<\/li>\n<\/ol>\n","protected":false},"excerpt":{"rendered":"Barn p\u00e5kj\u00f8rt i \u00c5s: &#8211; Veldig alvorlig&nbsp;&nbsp;dagbladet.no Barn p\u00e5kj\u00f8rt i \u00c5s: Livreddende f\u00f8rstehjelp p\u00e5g\u00e5r&nbsp;&nbsp;TV 2 Person p\u00e5kj\u00f8rt i&hellip;\n","protected":false},"author":2,"featured_media":311251,"comment_status":"","ping_status":"","sticky":false,"template":"","format":"standard","meta":{"footnotes":"","_share_on_mastodon":"0"},"categories":[12],"tags":[9939,20,21,24,25,15,2539,22,23,13,30,28,29,14,16,26,27,51,42,43,44,45],"class_list":["post-311250","post","type-post","status-publish","format-standard","has-post-thumbnail","category-verden","tag-asne-seierstad","tag-breaking-news","tag-breakingnews","tag-featured-news","tag-featurednews","tag-headlines","tag-innenriks","tag-latest-news","tag-latestnews","tag-news","tag-no","tag-norge","tag-norway","tag-nyheter","tag-overskrifter","tag-top-stories","tag-topstories","tag-ulykke","tag-verden","tag-world","tag-world-news","tag-worldnews"],"share_on_mastodon":{"url":"https:\/\/pubeurope.com\/@no\/117032233598581688","error":""},"_links":{"self":[{"href":"https:\/\/www.europesays.com\/no\/wp-json\/wp\/v2\/posts\/311250","targetHints":{"allow":["GET"]}}],"collection":[{"href":"https:\/\/www.europesays.com\/no\/wp-json\/wp\/v2\/posts"}],"about":[{"href":"https:\/\/www.europesays.com\/no\/wp-json\/wp\/v2\/types\/post"}],"author":[{"embeddable":true,"href":"https:\/\/www.europesays.com\/no\/wp-json\/wp\/v2\/users\/2"}],"replies":[{"embeddable":true,"href":"https:\/\/www.europesays.com\/no\/wp-json\/wp\/v2\/comments?post=311250"}],"version-history":[{"count":0,"href":"https:\/\/www.europesays.com\/no\/wp-json\/wp\/v2\/posts\/311250\/revisions"}],"wp:featuredmedia":[{"embeddable":true,"href":"https:\/\/www.europesays.com\/no\/wp-json\/wp\/v2\/media\/311251"}],"wp:attachment":[{"href":"https:\/\/www.europesays.com\/no\/wp-json\/wp\/v2\/media?parent=311250"}],"wp:term":[{"taxonomy":"category","embeddable":true,"href":"https:\/\/www.europesays.com\/no\/wp-json\/wp\/v2\/categories?post=311250"},{"taxonomy":"post_tag","embeddable":true,"href":"https:\/\/www.europesays.com\/no\/wp-json\/wp\/v2\/tags?post=311250"}],"curies":[{"name":"wp","href":"https:\/\/api.w.org\/{rel}","templated":true}]}}