{"id":311512,"date":"2026-08-03T19:09:30","date_gmt":"2026-08-03T19:09:30","guid":{"rendered":"https:\/\/www.europesays.com\/no\/311512\/"},"modified":"2026-08-03T19:09:30","modified_gmt":"2026-08-03T19:09:30","slug":"tesla-nar-milepael-med-10-millioner-produserte-elbiler","status":"publish","type":"post","link":"https:\/\/www.europesays.com\/no\/311512\/","title":{"rendered":"Tesla n\u00e5r milep\u00e6l med 10 millioner produserte elbiler"},"content":{"rendered":"<p class=\"kicker text-red color_mobile_text-red hasTextColor hasTextColorMobile\" style=\"\">Tesla:<\/p>\n<p class=\"subtitle \" style=\"\">Brukte kortere tid fra \u00e9n til ti enn fra null til \u00e9n.<\/p>\n<p>\n    Her ruller Tesla nummer 10 000 000 ut fra produksjonsb\u00e5ndet i Fremont. Ikke overraskende var det en Model Y. Foto: Tesla\n  <\/p>\n<p>(Elbil24): F\u00f8r helga produserte Tesla sin elbil nummer 10\u00a0000\u00a0000. Det ble en svart Model Y som rullet av produksjonsb\u00e5ndet ved fabrikken i Fremont i California.<\/p>\n<p>Den opprinnelige fabrikken er fortsatt et viktig produksjonssted, selv om det n\u00e5 ogs\u00e5 produseres biler blant annet i Berlin og Shanghai.<\/p>\n<p>Ni millioner p\u00e5 seks \u00e5r\t<\/p>\n<p>Tesla brukte \u00e5tte \u00e5r p\u00e5 \u00e5 produsere den f\u00f8rste millionen med biler \u2013 fra oppstarten i 2012 til 2020. Seks \u00e5r senere har de alts\u00e5 produsert ni ganger s\u00e5 mange biler \u2013 p\u00e5 kortere tid.<\/p>\n<p class=\"font-weight-bold m-font-weight-bold\" data-lab-font_weight=\"font-weight-bold\">If\u00f8lge <a href=\"https:\/\/thedriven.io\/2026\/08\/01\/tesla-produces-its-10-millionth-ev-six-years-after-making-its-first-million\/)\" rel=\"nofollow noopener\" target=\"_blank\">The Driven<\/a> tok den siste millionen med elbiler bare 211 dager. Det tilsvarer over 4700 nye biler hver dag.<\/p>\n<p>At jubileumsmodellen skulle v\u00e6re en Model Y er ingen stor overraskelse \u2013 bilen som har v\u00e6rt verdens mest solgte bil flere \u00e5r p\u00e5 rad. Tesla har dessuten <a href=\"https:\/\/www.elbil24.no\/nyheter\/stopper-produksjonen-av-to-modeller\/84160004\" rel=\"nofollow noopener\" target=\"_blank\">avsluttet produksjonen av modellene S og X<\/a>.<\/p>\n<p>I Norge er det kun Tesla Model Y blant elbilene som er registrert i mer enn 100\u00a0000 eksemplarer. P\u00e5 tredjeplass p\u00e5 den samme lista er Tesla Model 3 med 58\u00a0000 registreringer. Nissan Leaf skiller dem med dr\u00f8ye 81\u00a0000 registrerte biler.<\/p>\n<p>    <a itemprop=\"url\" href=\"https:\/\/www.elbil24.no\/pro\/test-av-teslas-billigste-en-pris-ingen-klarer-a-matche\/84462585\" rel=\"nofollow noopener\" target=\"_blank\"><\/p>\n<p>        <img loading=\"lazy\" decoding=\"async\" src=\"https:\/\/www.europesays.com\/no\/wp-content\/uploads\/2026\/08\/84469758.webp\" width=\"980\" height=\"441\" alt=\"\" class=\"lazyload\" style=\"--aspect-ratio-image: 2.22; \"\/><\/p>\n<p>        Test av Teslas billigste: \u2013 En pris ingen klarer \u00e5 matche<\/p>\n<p>    <\/a><\/p>\n<p>Verdien faller\t<\/p>\n<p>Det er imidlertid ikke bare solskinn for Tesla om dagen. Hittil i \u00e5r er aksjen ned dr\u00f8ye 22 prosent, og s\u00e6rlig etter at de siste kvartalstallene kom, <a href=\"https:\/\/www.elbil24.no\/nyheter\/verste-pa-ett-ar\/84936877\" rel=\"nofollow noopener\" target=\"_blank\">stupte kursen br\u00e5tt<\/a>.<\/p>\n<p>Nylig kom dessuten nyheten om at amerikanske trafikkmyndigheter (NHTSA) har startet en unders\u00f8kelse av 1,2 millioner Model 3 og Y p\u00e5 grunn av en mulig feil med fj\u00e6ringen som kan f\u00f8re til styringstap, melder blant annet <a href=\"https:\/\/www.electrive.com\/2026\/08\/03\/nhtsa-opens-probe-into-1-2-million-teslas\/\" rel=\"nofollow noopener\" target=\"_blank\">Electrive<\/a>.<\/p>\n","protected":false},"excerpt":{"rendered":"Tesla: Brukte kortere tid fra \u00e9n til ti enn fra null til \u00e9n. Her ruller Tesla nummer 10&hellip;\n","protected":false},"author":2,"featured_media":311513,"comment_status":"","ping_status":"","sticky":false,"template":"","format":"standard","meta":{"footnotes":"","_share_on_mastodon":"0"},"categories":[56],"tags":[60,61,267,62,30,28,29,14,272,277],"class_list":["post-311512","post","type-post","status-publish","format-standard","has-post-thumbnail","category-naeringsliv","tag-business","tag-economy","tag-elbil","tag-naeringsliv","tag-no","tag-norge","tag-norway","tag-nyheter","tag-tesla","tag-tesla-model-y"],"share_on_mastodon":{"url":"https:\/\/pubeurope.com\/@no\/117033158135467908","error":""},"_links":{"self":[{"href":"https:\/\/www.europesays.com\/no\/wp-json\/wp\/v2\/posts\/311512","targetHints":{"allow":["GET"]}}],"collection":[{"href":"https:\/\/www.europesays.com\/no\/wp-json\/wp\/v2\/posts"}],"about":[{"href":"https:\/\/www.europesays.com\/no\/wp-json\/wp\/v2\/types\/post"}],"author":[{"embeddable":true,"href":"https:\/\/www.europesays.com\/no\/wp-json\/wp\/v2\/users\/2"}],"replies":[{"embeddable":true,"href":"https:\/\/www.europesays.com\/no\/wp-json\/wp\/v2\/comments?post=311512"}],"version-history":[{"count":0,"href":"https:\/\/www.europesays.com\/no\/wp-json\/wp\/v2\/posts\/311512\/revisions"}],"wp:featuredmedia":[{"embeddable":true,"href":"https:\/\/www.europesays.com\/no\/wp-json\/wp\/v2\/media\/311513"}],"wp:attachment":[{"href":"https:\/\/www.europesays.com\/no\/wp-json\/wp\/v2\/media?parent=311512"}],"wp:term":[{"taxonomy":"category","embeddable":true,"href":"https:\/\/www.europesays.com\/no\/wp-json\/wp\/v2\/categories?post=311512"},{"taxonomy":"post_tag","embeddable":true,"href":"https:\/\/www.europesays.com\/no\/wp-json\/wp\/v2\/tags?post=311512"}],"curies":[{"name":"wp","href":"https:\/\/api.w.org\/{rel}","templated":true}]}}