{"id":311542,"date":"2026-08-03T19:47:13","date_gmt":"2026-08-03T19:47:13","guid":{"rendered":"https:\/\/www.europesays.com\/no\/311542\/"},"modified":"2026-08-03T19:47:13","modified_gmt":"2026-08-03T19:47:13","slug":"nyheter-forbruker-skyhoy-strompris-norgesprisen-endres-hadeland","status":"publish","type":"post","link":"https:\/\/www.europesays.com\/no\/311542\/","title":{"rendered":"Nyheter, Forbruker | Skyh\u00f8y str\u00f8mpris: Norgesprisen endres &#8211; Hadeland"},"content":{"rendered":"<ol>\n<li><a href=\"https:\/\/news.google.com\/rss\/articles\/CBMigAFBVV95cUxNdXdtbEx1TWFFaG9OdXM5Vk1wblkwWnJiRmpwUnY3MHRhdEltY2xQM1JxMWF1eGo1ekt0aGlELWxBUWktZWRoeFNWMzRILUNuMmswRFExOWVORFcwTS1ieHZTOFg1N2JBV3AwQUk0SkJEaUlfQ3NaVktHRThua1llRQ?oc=5\" target=\"_blank\" rel=\"nofollow noopener\">Nyheter, Forbruker | Skyh\u00f8y str\u00f8mpris: Norgesprisen endres<\/a>&nbsp;&nbsp;Hadeland<\/li>\n<li><a href=\"https:\/\/news.google.com\/rss\/articles\/CBMimAFBVV95cUxPM1JEcXowTllFT0RPeW1XNXdWcUFCRFdVbW1EemdSNkJwd184MG9HWGNsTDFIeFVfTEh1Wm9kQnlCQlhIc094eU54b1dOdU1zcTZyM1pZbVJLdEJ4dmoxcVFDMU5VV19yZkp0R0V4Qlp4S3VJRlRabEdGUUpjVnA3YWVDVlc0NlJrMFNBYkNHSlB4TG8tYnNZVA?oc=5\" target=\"_blank\" rel=\"nofollow noopener\">Norgespris-suksess: Halverte str\u00f8mregningen din<\/a>&nbsp;&nbsp;Nettavisen<\/li>\n<li><a href=\"https:\/\/news.google.com\/rss\/articles\/CBMif0FVX3lxTFBuZWlvNG1jWGN5anQtWlhfWW9IR1dnR09DaXVzMVdLTE9hRmdZMzR0VjVFaTBRb3Q2R04tckZweWNvZUEyZGZibklHYlowYzNqdEFHNm5waFpLSjFJYnJ4QUhEMUdQaWN5U0xaLVdGVjlMRHBpWWdhb0pVRVdzbm8?oc=5\" target=\"_blank\" rel=\"nofollow noopener\">Svorka: \u2013 Flere b\u00f8r vurdere dette<\/a>&nbsp;&nbsp;driva.no<\/li>\n<li><a href=\"https:\/\/news.google.com\/rss\/articles\/CBMijwFBVV95cUxPTHRaTy1XcFZLZ1hEak9wa3RjYmxLd3JiSVVDUUJncEtCNkNGVXlISjctaFNVTUIyLWVFQjVkMzZlMW50bGpJQjlOWGV2Ujd3NURSa3RpZ1hqNl8tQVFuQm5keWFnYXA0QWRjR1MtNFdfbmllS0NoSTNpaDFmVHc4UEtZeUFvN05wbFZKMG42MA?oc=5\" target=\"_blank\" rel=\"nofollow noopener\">Har du Norgespris? \u2013 Nei, seier desse damene<\/a>&nbsp;&nbsp;hallingdolen.no<\/li>\n<li><a href=\"https:\/\/news.google.com\/rss\/articles\/CBMi0AFBVV95cUxPcm56NFBDUmhaQzJ1eTh2YnQtWXpCSHQxZDBVQjhvbTUzQ2psNXk5bDFCWWM3MGhfbEh2aVo3RWZNc0hxSUluQXJGWjhmTklWX0xNMkEweFVjdHdYQkpOZ29sbGJHUzlrZWpyTUFQQ2Q1V0ZoT1pFSnctZjJzOGJ1cWxNZldyUmtpbGFoQmgtX0hyTWs4TC14QUpSYUplQy1Hc0I5S2RyZHZQVU52WDNjdW9FV0drbjNVWkRfUzRBYU1PQV9jbXQwazlPdmQzMFpM?oc=5\" target=\"_blank\" rel=\"nofollow noopener\">N\u00e5 er det laber interesse for Norgespris \u2013 i ett omr\u00e5de takket bare to stykker ja i juli (+)<\/a>&nbsp;&nbsp;europower.no<\/li>\n<\/ol>\n","protected":false},"excerpt":{"rendered":"Nyheter, Forbruker | Skyh\u00f8y str\u00f8mpris: Norgesprisen endres&nbsp;&nbsp;Hadeland Norgespris-suksess: Halverte str\u00f8mregningen din&nbsp;&nbsp;Nettavisen Svorka: \u2013 Flere b\u00f8r vurdere dette&nbsp;&nbsp;driva.no Har&hellip;\n","protected":false},"author":2,"featured_media":311543,"comment_status":"","ping_status":"","sticky":false,"template":"","format":"standard","meta":{"footnotes":"","_share_on_mastodon":"0"},"categories":[10],"tags":[36,20,21,24,25,823,15,22,23,13,30,28,3333,29,14,16,572,1510,1501,26,27],"class_list":["post-311542","post","type-post","status-publish","format-standard","has-post-thumbnail","category-norge","tag-art","tag-breaking-news","tag-breakingnews","tag-featured-news","tag-featurednews","tag-forbruker","tag-headlines","tag-latest-news","tag-latestnews","tag-news","tag-no","tag-norge","tag-norgespris","tag-norway","tag-nyheter","tag-overskrifter","tag-okonomi","tag-story","tag-strompriser","tag-top-stories","tag-topstories"],"share_on_mastodon":{"url":"https:\/\/pubeurope.com\/@no\/117033306966812101","error":""},"_links":{"self":[{"href":"https:\/\/www.europesays.com\/no\/wp-json\/wp\/v2\/posts\/311542","targetHints":{"allow":["GET"]}}],"collection":[{"href":"https:\/\/www.europesays.com\/no\/wp-json\/wp\/v2\/posts"}],"about":[{"href":"https:\/\/www.europesays.com\/no\/wp-json\/wp\/v2\/types\/post"}],"author":[{"embeddable":true,"href":"https:\/\/www.europesays.com\/no\/wp-json\/wp\/v2\/users\/2"}],"replies":[{"embeddable":true,"href":"https:\/\/www.europesays.com\/no\/wp-json\/wp\/v2\/comments?post=311542"}],"version-history":[{"count":0,"href":"https:\/\/www.europesays.com\/no\/wp-json\/wp\/v2\/posts\/311542\/revisions"}],"wp:featuredmedia":[{"embeddable":true,"href":"https:\/\/www.europesays.com\/no\/wp-json\/wp\/v2\/media\/311543"}],"wp:attachment":[{"href":"https:\/\/www.europesays.com\/no\/wp-json\/wp\/v2\/media?parent=311542"}],"wp:term":[{"taxonomy":"category","embeddable":true,"href":"https:\/\/www.europesays.com\/no\/wp-json\/wp\/v2\/categories?post=311542"},{"taxonomy":"post_tag","embeddable":true,"href":"https:\/\/www.europesays.com\/no\/wp-json\/wp\/v2\/tags?post=311542"}],"curies":[{"name":"wp","href":"https:\/\/api.w.org\/{rel}","templated":true}]}}