{"id":31156,"date":"2025-09-09T22:32:34","date_gmt":"2025-09-09T22:32:34","guid":{"rendered":"https:\/\/www.europesays.com\/no\/31156\/"},"modified":"2025-09-09T22:32:34","modified_gmt":"2025-09-09T22:32:34","slug":"aron-bizet-donnum-om-a-reise-fra-kona-celin-det-er-spesielt","status":"publish","type":"post","link":"https:\/\/www.europesays.com\/no\/31156\/","title":{"rendered":"Aron Bizet D\u00f8nnum om \u00e5 reise fra kona Celin: \u2013 Det er spesielt"},"content":{"rendered":"\n<p class=\"_lead_ew2ao_2 _lead_xtcu6_50 layout-component text-serif-m layout-normal text-serif-l layout-component layout-wide layout-padded _wide_17hqh_1 layout-padded\">Dr\u00f8mmebryllup i Italia. S\u00e5 dro stjerneparet Aron og Celin Bizet D\u00f8nnum til hvert sitt fotballand. <\/p>\n<p><img alt=\"BRYLLUPSREISE: Med Celin Bizet D\u00f8nnum i EM-troppen ble bryllupsreisen med Aron Bizet D\u00f8nnum lagt til Sveits.  Foto: VEGARD GR\u00d8TT \/ BILDBYR\u00c5N\" class=\"_image_qp4xg_65 layout-component layout-wide\" data-fullscreen- data-track-element-type=\"Article image fullscreen\" data-track-name=\"ImageFullscreen\" fetchpriority=\"high\" decoding=\"sync\" loading=\"eager\" height=\"4000\" itemprop=\"image\"  src=\"https:\/\/www.europesays.com\/no\/wp-content\/uploads\/2025\/09\/bce4335d-82d0-4495-a61e-9bb00795a45b\"  style=\"object-position:0% 0%\" width=\"6000\"\/>BRYLLUPSREISE: Med Celin Bizet D\u00f8nnum i EM-troppen ble bryllupsreisen med Aron Bizet D\u00f8nnum lagt til Sveits.  Foto: VEGARD GR\u00d8TT \/ BILDBYR\u00c5N<\/p>\n<ul aria-hidden=\"true\" class=\"_images_1y6fe_106\">\n<li><a class=\"_link_1y6fe_111\" href=\"https:\/\/www.vg.no\/forfatter\/steffen-stenersen\" style=\"z-index:2\" title=\"Steffen Stenersen\" rel=\"nofollow noopener\" target=\"_blank\"><img alt=\"Bilde av Steffen Stenersen\" class=\"_image_1y6fe_88\" fetchpriority=\"low\" loading=\"lazy\" decoding=\"async\" itemprop=\"image\"  src=\"https:\/\/www.europesays.com\/no\/wp-content\/uploads\/2025\/09\/1757457153_910_53060b84-6e6f-4eee-9b23-952f524bbbf0\"  width=\"480\"\/><\/a><\/li>\n<li><a class=\"_link_1y6fe_111\" href=\"https:\/\/www.vg.no\/forfatter\/vegard-aulstad\" style=\"z-index:1\" title=\"Vegard Aulstad\" rel=\"nofollow noopener\" target=\"_blank\"><img alt=\"Bilde av Vegard Aulstad\" class=\"_image_1y6fe_88\" fetchpriority=\"low\" loading=\"lazy\" decoding=\"async\" itemprop=\"image\"  src=\"https:\/\/www.europesays.com\/no\/wp-content\/uploads\/2025\/09\/1757457153_24_185ece5a-5a5e-48f4-9395-7549ed7312d6\"  width=\"480\"\/><\/a><\/li>\n<\/ul>\n<p>Rapporterer fra Storo, Oslo  Oppdatert mandag 8. september kl. 05:10    <\/p>\n<ul class=\"_list_ew2ao_3 _list_64s2r_85 _unordered_ew2ao_99 text-sans-m\">\n<li class=\"_item_ew2ao_30\">Aron og Celine Bizet D\u00f8nnum giftet seg i et stjernespekket bryllup ved Comosj\u00f8en.  <\/li>\n<li class=\"_item_ew2ao_30\">Etter Fotball-EM dro Celine til Manchester United og Aron til Toulouse.  <\/li>\n<li class=\"_item_ew2ao_30\">Til tross for avstanden, er begge forn\u00f8yde med situasjonen og ser frem til en felles fremtid.  <\/li>\n<li class=\"_item_ew2ao_30\">Aron har imponert i Toulouse og har en allsidig rolle p\u00e5 landslaget.<\/li>\n<\/ul>\n<p>Vis mer <\/p>\n<p class=\"_paragraph_ew2ao_4 _paragraph_xtcu6_10 layout-component text-serif-m layout-normal text-serif-m layout-padded\">\u2013 Sommeren har v\u00e6rt veldig fin. Jeg har f\u00e5tt oppleve det st\u00f8rste \u00f8yeblikket i mitt liv, sier landslagsspiller Aron Bizet D\u00f8nnum n\u00e5r han treffer VG p\u00e5 landslagets spillerhotell. <\/p>\n<p class=\"_paragraph_ew2ao_4 _paragraph_xtcu6_10 layout-component text-serif-m layout-normal text-serif-m layout-padded\">Siden sist han var p\u00e5 landslagssamling, har han lagt p\u00e5 et ekstra etternavn. Ved Comosj\u00f8ens bredder fikk han sin store kj\u00e6rlighet Celin Bizet som kone. Et stjernespekket bryllup som ut fra bildene leverte s\u00e5 det holdt. <\/p>\n<p class=\"_paragraph_ew2ao_4 _paragraph_xtcu6_10 layout-component text-serif-m layout-normal text-serif-m layout-padded\">\u2013 Det var helt topp. Langt over all forventning. Jeg vet hun har sagt at jeg ikke har planlagt noe, men denne hjernen har jobbet godt. Vi planla bra og gledet oss veldig mye til dagen. Den ble fantastisk, sier han og smiler. <\/p>\n<p class=\"_paragraph_ew2ao_4 _paragraph_xtcu6_10 layout-component text-serif-m layout-normal text-serif-m layout-padded\">Bryllupsreisen ble ikke like spektakul\u00e6r. D\u00f8nnum reiste til Sveits for \u00e5 f\u00f8lge sin kone i EM med Norge. <\/p>\n<p class=\"_paragraph_ew2ao_4 _paragraph_xtcu6_10 layout-component text-serif-m layout-normal text-serif-m layout-padded\">S\u00e5 reiste de begge hver til sitt. <\/p>\n<ul class=\"_list_ew2ao_3 _list_xtcu6_9 _unordered_ew2ao_99 layout-component text-serif-m layout-normal text-serif-m layout-padded\">\n<li class=\"_item_ew2ao_30\">Celin til Manchester for \u00e5 forberede sesongen med United. <\/li>\n<li class=\"_item_ew2ao_30\">Aron til Toulouse hvor han har blitt en n\u00f8kkelspiller siden overgangen fra belgisk fotball. <\/li>\n<\/ul>\n<p class=\"_paragraph_ew2ao_4 _paragraph_xtcu6_10 layout-component text-serif-m layout-normal text-serif-m layout-padded\">\u00abSavner deg. Mange mil mellom oss, men hele fremtiden sammen. Elsker hver Facetime med deg\u00bb, skrev Celin i en Instagram-oppdatering for noen dager siden. <\/p>\n<p class=\"_paragraph_ew2ao_4 _paragraph_xtcu6_10 layout-component text-serif-m layout-normal text-serif-m layout-padded\"><strong class=\"_strong_ew2ao_25\">Savnet virker ikke \u00e5 ha g\u00e5tt utover det sportslige: <\/strong><\/p>\n<p class=\"_paragraph_ew2ao_4 _paragraph_xtcu6_10 layout-component text-serif-m layout-normal text-serif-m layout-padded\">\u2013 Vi er veldig glade i hverandre og bor fra hverandre. Da savner vi hverandre i ny og ne, sier Aron. <\/p>\n<p class=\"_paragraph_ew2ao_4 _paragraph_xtcu6_10 layout-component text-serif-m layout-normal text-serif-m layout-padded\">\u2013 Hvordan er det \u00e5 reise fra hverandre s\u00e5 kort tid etter \u00e5 ha giftet seg? <\/p>\n<p class=\"_paragraph_ew2ao_4 _paragraph_xtcu6_10 layout-component text-serif-m layout-normal text-serif-m layout-padded\">\u2013 Det er spesielt, men vi er veldig stolte over at vi f\u00e5r til ting p\u00e5 hver v\u00e5r kant. Vi st\u00e5r i det og klarer det fint, sier D\u00f8nnum. <\/p>\n<p class=\"_paragraph_ew2ao_4 _paragraph_xtcu6_10 layout-component text-serif-m layout-normal text-serif-m layout-padded\">Noen meldinger i sosiale medier tyder p\u00e5 at Toulouse-fansen frykter at nordmannen skal forsvinne til en klubb n\u00e6rmere kj\u00e6rligheten. <\/p>\n<p class=\"_paragraph_ew2ao_4 _paragraph_xtcu6_10 layout-component text-serif-m layout-normal text-serif-m layout-padded\">\u2013 Det er selvf\u00f8lgelig et m\u00e5l \u00e5 kunne bo med kona si. N\u00e5 er ikke damelaget til Toulouse bra nok for henne, s\u00e5 vi f\u00e5r se. Vi f\u00e5r ta ett \u00e5r av gangen, men det er et m\u00e5l i fremtiden \u00e5 bo sammen, sier han. <\/p>\n<p><img alt=\"EN GOD NUMMER TO: N\u00e5r kona er langt unna, er kompis og landslagskamerat Erling Braut Haaland god \u00e5 ha.   Foto: VEGARD GR\u00d8TT \/ Bildbyr\u00e5n\" class=\"_image_qp4xg_65 layout-component layout-normal\" data-fullscreen- data-track-element-type=\"Article image fullscreen\" data-track-name=\"ImageFullscreen\" decoding=\"async\" loading=\"lazy\" height=\"2526\" itemprop=\"image\"  src=\"https:\/\/www.europesays.com\/no\/wp-content\/uploads\/2025\/09\/7735cc86-215f-4471-b8e8-fa23a2bbfc96\"  style=\"object-position:0% 0%\" width=\"3789\"\/>EN GOD NUMMER TO: N\u00e5r kona er langt unna, er kompis og landslagskamerat Erling Braut Haaland god \u00e5 ha.   Foto: VEGARD GR\u00d8TT \/ Bildbyr\u00e5n<\/p>\n<p class=\"_paragraph_ew2ao_4 _paragraph_xtcu6_10 layout-component text-serif-m layout-normal text-serif-m layout-padded\">Rent sportslig er det lite \u00e5 v\u00e6re misforn\u00f8yd med i Frankrike for den gamle V\u00e5lerenga-spilleren. Han har stort sett spilt det aller meste for laget som i fjor ble nummer ti i Ligue 1. <\/p>\n<p class=\"_paragraph_ew2ao_4 _paragraph_xtcu6_10 layout-component text-serif-m layout-normal text-serif-m layout-padded\">Derfor har ikke D\u00f8nnum noe umiddelbar hast med \u00e5 komme seg videre. Ogs\u00e5 St\u00e5le Solbakken, Norges landslagssjef, mener 27-\u00e5ringen er p\u00e5 et veldig bra sted. <\/p>\n<p class=\"_paragraph_ew2ao_4 _paragraph_xtcu6_10 layout-component text-serif-m layout-normal text-serif-m layout-padded\">\u2013 Det er viktig \u00e5 se seg tilbake, hvor man er og hva man har f\u00e5tt til. Man skal ogs\u00e5 v\u00e6re flink til \u00e5 se fremover, s\u00e5 det er ikke alltid like lett \u00e5 leve i nuet og v\u00e6re stolt av det man har f\u00e5tt til. Jeg er veldig forn\u00f8yd, sier Bizet D\u00f8nnum. <\/p>\n<p><img alt=\"\" class=\"_image_qp4xg_65 layout-component layout-normal\" data-fullscreen- data-track-element-type=\"Article image fullscreen\" data-track-name=\"ImageFullscreen\" decoding=\"async\" loading=\"lazy\" height=\"2560\" itemprop=\"image\"  src=\"https:\/\/www.europesays.com\/no\/wp-content\/uploads\/2025\/09\/4d7fe090-5cde-4d37-9af9-bdaa63b4ded9\"  style=\"object-position:0% 0%\" width=\"2048\"\/><\/p>\n<p class=\"_paragraph_ew2ao_4 _paragraph_xtcu6_10 layout-component text-serif-m layout-normal text-serif-m layout-padded\">Statistikk: <a href=\"https:\/\/www.sofascore.com\/football\/player\/aron-donnum\/863133?utm_source=vg.no&amp;utm_medium=FootballPlayerCard\" class=\"_link_ew2ao_39\" rel=\"nofollow noopener\" target=\"_blank\">Sofascore.com<\/a><\/p>\n<p class=\"_paragraph_ew2ao_4 _paragraph_xtcu6_10 layout-component text-serif-m layout-normal text-serif-m layout-padded\">P\u00e5 landslaget har han f\u00e5tt en slags jokerrolle. En spiller St\u00e5le Solbakken kan hive inn der det trengs. <\/p>\n<p class=\"_paragraph_ew2ao_4 _paragraph_xtcu6_10 layout-component text-serif-m layout-normal text-serif-m layout-padded\">\u2013 Jeg tror ikke det er en posisjon som ikke er for meg lenger. Det er vel bare spiss, stopper og keeper jeg ikke har spilt, smiler han overfor VG. <\/p>\n<p><img alt=\"\" class=\"_image_qp4xg_65 layout-component layout-normal\" data-fullscreen- data-track-element-type=\"Article image fullscreen\" data-track-name=\"ImageFullscreen\" decoding=\"async\" loading=\"lazy\" height=\"2560\" itemprop=\"image\"  src=\"https:\/\/www.europesays.com\/no\/wp-content\/uploads\/2025\/09\/d2bd07b9-06ea-444d-92b0-a24e5b6b9651\"  style=\"object-position:0% 0%\" width=\"2048\"\/><\/p>\n<p class=\"_paragraph_ew2ao_4 _paragraph_xtcu6_10 layout-component text-serif-m layout-normal text-serif-m layout-padded\">Han liker utfordringen med \u00e5 spille i forskjellige posisjoner. Det er rett og slett lite \u00e5 klage over for Aron Bizet D\u00f8nnum. B\u00e5de privat, i klubblag og p\u00e5 landslag. <\/p>\n<p class=\"_paragraph_ew2ao_4 _paragraph_xtcu6_10 layout-component text-serif-m layout-normal text-serif-m layout-padded\">\u2013 Jeg er veldig stolt av \u00e5 v\u00e6re her. Man lever av \u00e5 spille, men jeg er klar for \u00e5 starte, klar for \u00e5 komme inn fra benken. Eller klar for \u00e5 v\u00e6re bidragsyter i gruppa. Jeg er bare stolt over \u00e5 bidra for landet mitt. <\/p>\n","protected":false},"excerpt":{"rendered":"Dr\u00f8mmebryllup i Italia. S\u00e5 dro stjerneparet Aron og Celin Bizet D\u00f8nnum til hvert sitt fotballand. BRYLLUPSREISE: Med Celin&hellip;\n","protected":false},"author":2,"featured_media":31157,"comment_status":"","ping_status":"","sticky":false,"template":"","format":"standard","meta":{"footnotes":""},"categories":[59],"tags":[4949,3163,30,28,29,83,82],"class_list":{"0":"post-31156","1":"post","2":"type-post","3":"status-publish","4":"format-standard","5":"has-post-thumbnail","7":"category-sport","8":"tag-aron-donnum","9":"tag-herrelandslaget-fotball","10":"tag-no","11":"tag-norge","12":"tag-norway","13":"tag-sport","14":"tag-sports"},"share_on_mastodon":{"url":"","error":""},"_links":{"self":[{"href":"https:\/\/www.europesays.com\/no\/wp-json\/wp\/v2\/posts\/31156","targetHints":{"allow":["GET"]}}],"collection":[{"href":"https:\/\/www.europesays.com\/no\/wp-json\/wp\/v2\/posts"}],"about":[{"href":"https:\/\/www.europesays.com\/no\/wp-json\/wp\/v2\/types\/post"}],"author":[{"embeddable":true,"href":"https:\/\/www.europesays.com\/no\/wp-json\/wp\/v2\/users\/2"}],"replies":[{"embeddable":true,"href":"https:\/\/www.europesays.com\/no\/wp-json\/wp\/v2\/comments?post=31156"}],"version-history":[{"count":0,"href":"https:\/\/www.europesays.com\/no\/wp-json\/wp\/v2\/posts\/31156\/revisions"}],"wp:featuredmedia":[{"embeddable":true,"href":"https:\/\/www.europesays.com\/no\/wp-json\/wp\/v2\/media\/31157"}],"wp:attachment":[{"href":"https:\/\/www.europesays.com\/no\/wp-json\/wp\/v2\/media?parent=31156"}],"wp:term":[{"taxonomy":"category","embeddable":true,"href":"https:\/\/www.europesays.com\/no\/wp-json\/wp\/v2\/categories?post=31156"},{"taxonomy":"post_tag","embeddable":true,"href":"https:\/\/www.europesays.com\/no\/wp-json\/wp\/v2\/tags?post=31156"}],"curies":[{"name":"wp","href":"https:\/\/api.w.org\/{rel}","templated":true}]}}