{"id":31158,"date":"2025-09-09T22:34:12","date_gmt":"2025-09-09T22:34:12","guid":{"rendered":"https:\/\/www.europesays.com\/no\/31158\/"},"modified":"2025-09-09T22:34:12","modified_gmt":"2025-09-09T22:34:12","slug":"oneplus-dropper-hasselblad-teknologien-i-kameraet","status":"publish","type":"post","link":"https:\/\/www.europesays.com\/no\/31158\/","title":{"rendered":"Oneplus dropper Hasselblad-teknologien i kameraet"},"content":{"rendered":"<p class=\"first_para\">Mobilkameraene har kommet langt de siste \u00e5rene. F\u00f8rst og fremst fordi produsentene har innsett at de trenger hjelp fra noen med mer erfaring. Derfor har mange mobilprodusenter inng\u00e5tt samarbeid med kameraselskaper. Hos Sony Mobile har de denne ekspertisen internt, mens Xiaomi har alliert seg med Leica og Oneplus med Hasselblad. Men n\u00e5 n\u00e6rmer partnerskapet til sistnevnte seg slutten.<\/p>\n<p>I et <a href=\"https:\/\/community.oneplus.com\/thread\/1900250129764450306\" target=\"_blank\" rel=\"noopener nofollow\">blogginnlegg<\/a> forteller Oneplus-sjef Pete Lau om selskapets planer. Han starter med \u00e5 takke Hasselblad for de fem siste \u00e5rene, der de har \u00abjobbet side om side i laboratoriet i jakten p\u00e5 perfekte farger og balansen mellom lys og skygge\u00bb. Han sier at \u00abdisse \u00e5rene var mer enn et partnerskap, de var en mesterklasse\u00bb.<\/p>\n<blockquote>\n<p>To Hasselblad: thank you for your craft, your trust, and for showing us the heights passion and precision can reach<\/p>\n<\/blockquote>\n<p>Men Lau sier at det n\u00e5 er p\u00e5 tide \u00e5 g\u00e5 videre til neste kapittel i utviklingen, der selskapet bygger sin egen bildebehandlingsmotor. Dette er den s\u00e5kalte Oneplus Detailmax Engine, som skal s\u00f8rge for at lyset p\u00e5 bildesensoren resulterer i et best mulig bilde.<\/p>\n<p><a href=\"https:\/\/www.lydogbillede.dk\/wp-content\/uploads\/2025\/09\/IMG_0231.jpg\" target=\"_blank\" rel=\"noopener nofollow\" data-slb-active=\"1\" data-slb-asset=\"903345566\" data-slb-group=\"slb\"><img fetchpriority=\"high\" decoding=\"async\" class=\"size-medium wp-image-481212\" src=\"https:\/\/www.europesays.com\/no\/wp-content\/uploads\/2025\/09\/IMG_0231-989x749.jpg\" alt=\"Oneplus dropper Hasselblad-teknologien i kameraet 1\" width=\"989\" height=\"749\" title=\"Oneplus dropper Hasselblad-teknologien i kameraet 1\"\/><\/a>Hasselblad-kameraet p\u00e5 en Oneplus-mobil (Foto: Jonas Ekelund)<\/p>\n<p>Hva som anses som \u00abbest\u00bb i denne sammenhengen, har kommet frem i intervjuer selskapet har gjennomf\u00f8rt med brukere det siste \u00e5ret. Svaret er at folk vil ha bilder som er klare og realistiske. De fleste liker ikke tekniske termer, men sier at det f\u00f8rste de gj\u00f8r er \u00e5 zoome inn p\u00e5 et bilde for \u00e5 se at det er skarpt og detaljert.<\/p>\n<p><a href=\"https:\/\/www.europesays.com\/no\/wp-content\/uploads\/2025\/09\/1_1.jpg\" target=\"_blank\" rel=\"noopener\" data-slb-active=\"1\" data-slb-asset=\"356863662\" data-slb-group=\"slb\"><img loading=\"lazy\" decoding=\"async\" class=\"size-full wp-image-481214\" src=\"https:\/\/www.europesays.com\/no\/wp-content\/uploads\/2025\/09\/1_1.jpg\" alt=\"Oneplus dropper Hasselblad-teknologien i kameraet 2\" width=\"900\" height=\"900\" title=\"Oneplus dropper Hasselblad-teknologien i kameraet 2\"\/><\/a>(Foto: Oneplus)<\/p>\n<p>M\u00e5let med bildebehandlingsmotoren er derfor \u00e5 presentere bilder som er s\u00e5 naturtro som mulig, uten \u00e5 benytte seg av filtre eller korreksjoner. Lau forteller at han allerede er i gang med \u00e5 teste en prototype, og de f\u00f8rste resultatene er lovende. \u00abN\u00e5r du zoomer inn p\u00e5 et bilde, vil du forst\u00e5 hvorfor jeg er overbevist om at du vil like resultatet.\u00bb<\/p>\n<p>Ryktene sier at Oneplus planlegger \u00e5 ha motoren klar til neste flaggskipmobil lanseres. Med andre ord innen utgangen av \u00e5ret eller tidlig i 2026.<\/p>\n<p>    <a href=\"https:\/\/www.lydogbilde.no\/forfatter\/jonas-ekelund\/\" rel=\"nofollow noopener\" target=\"_blank\"><br \/>\n        <img decoding=\"async\" style=\"border-radius:50px;width:90px;\" alt=\"Jonas Ekelund\" src=\"https:\/\/www.europesays.com\/no\/wp-content\/uploads\/2025\/08\/jonas_ekelund.png\"\/> <\/a>   <\/p>\n<p>\n(f. 1969): Journalist og nyhetsredakt\u00f8r. Jonas har jobbet for Lyd &amp; Bilde siden 2007 med det meste som kan kalles b\u00e6rbart. Det vill si mobiler, tr\u00e5dl\u00f8se h\u00f8yttalere og hodetelefoner. Iblant kommer testingen inn p\u00e5 kollegaenes omr\u00e5der innenfor multiromslyd, hjemmekino og foto. Han startet sin bane som teknikkjournalist p\u00e5 IDG og skrev blant annet for PC f\u00f6r Alla, Internetworld og det som senere ble M3.\n<\/p>\n<p>    <a href=\"https:\/\/www.lydogbilde.no\/paywallmnd\" rel=\"nofollow noopener\" target=\"_blank\"> <img decoding=\"async\" src=\"https:\/\/www.europesays.com\/no\/wp-content\/uploads\/2025\/08\/LB-Total-NO.png\"\/><\/a><\/p>\n","protected":false},"excerpt":{"rendered":"Mobilkameraene har kommet langt de siste \u00e5rene. F\u00f8rst og fremst fordi produsentene har innsett at de trenger hjelp&hellip;\n","protected":false},"author":2,"featured_media":31159,"comment_status":"","ping_status":"","sticky":false,"template":"","format":"standard","meta":{"footnotes":""},"categories":[57],"tags":[30,28,29,65,63,64,66,70,69,67,68],"class_list":{"0":"post-31158","1":"post","2":"type-post","3":"status-publish","4":"format-standard","5":"has-post-thumbnail","7":"category-vitenskap-og-teknologi","8":"tag-no","9":"tag-norge","10":"tag-norway","11":"tag-science","12":"tag-science-and-technology","13":"tag-scienceandtechnology","14":"tag-technology","15":"tag-teknologi","16":"tag-vitenskap","17":"tag-vitenskap-og-teknologi","18":"tag-vitenskapteknologi"},"share_on_mastodon":{"url":"","error":""},"_links":{"self":[{"href":"https:\/\/www.europesays.com\/no\/wp-json\/wp\/v2\/posts\/31158","targetHints":{"allow":["GET"]}}],"collection":[{"href":"https:\/\/www.europesays.com\/no\/wp-json\/wp\/v2\/posts"}],"about":[{"href":"https:\/\/www.europesays.com\/no\/wp-json\/wp\/v2\/types\/post"}],"author":[{"embeddable":true,"href":"https:\/\/www.europesays.com\/no\/wp-json\/wp\/v2\/users\/2"}],"replies":[{"embeddable":true,"href":"https:\/\/www.europesays.com\/no\/wp-json\/wp\/v2\/comments?post=31158"}],"version-history":[{"count":0,"href":"https:\/\/www.europesays.com\/no\/wp-json\/wp\/v2\/posts\/31158\/revisions"}],"wp:featuredmedia":[{"embeddable":true,"href":"https:\/\/www.europesays.com\/no\/wp-json\/wp\/v2\/media\/31159"}],"wp:attachment":[{"href":"https:\/\/www.europesays.com\/no\/wp-json\/wp\/v2\/media?parent=31158"}],"wp:term":[{"taxonomy":"category","embeddable":true,"href":"https:\/\/www.europesays.com\/no\/wp-json\/wp\/v2\/categories?post=31158"},{"taxonomy":"post_tag","embeddable":true,"href":"https:\/\/www.europesays.com\/no\/wp-json\/wp\/v2\/tags?post=31158"}],"curies":[{"name":"wp","href":"https:\/\/api.w.org\/{rel}","templated":true}]}}