{"id":31166,"date":"2025-09-09T23:06:39","date_gmt":"2025-09-09T23:06:39","guid":{"rendered":"https:\/\/www.europesays.com\/no\/31166\/"},"modified":"2025-09-09T23:06:39","modified_gmt":"2025-09-09T23:06:39","slug":"hedvig-og-birgitte-apner-opp-om-deltakelsen-i-tv2-serien-skolebytte","status":"publish","type":"post","link":"https:\/\/www.europesays.com\/no\/31166\/","title":{"rendered":"Hedvig og Birgitte \u00e5pner opp om deltakelsen i TV2-serien &#8216;skolebytte&#8217;."},"content":{"rendered":"<p>TV 2-serien\u00a0Skolebytte\u00a0fikk raskt h\u00f8ye seertall etter premieren i slutten av august.<\/p>\n<p>I dokumentarserien f\u00f8lger vi 12 niendeklassinger fra henholdsvis Bj\u00f8r\u00e5sen skole p\u00e5 Roms\u00e5s i Oslo \u00f8st og Uranienborg skole p\u00e5 Frogner i Oslo vest, som sammen danner en ny klasse.<\/p>\n<p>De krysser \u00f8st\/vest-grensa som tradisjonelt har g\u00e5tt ved Akerselva, elva som renner gjennom byen og deler den i to. Serien gir et n\u00e6rt innblikk i ungdommenes liv p\u00e5 hver sin side av byen. Blant annet f\u00e5r man bli med hjem til to m\u00f8dre \u2013 en fra \u00f8st og en fra vest.<\/p>\n<p>Det er n\u00e5 n\u00e6rmere to \u00e5r siden serien ble spilt inn, men erfaringene har de tatt med seg videre i hverdagen. Flere av deltakerne forteller at opplevelsen har gitt dem nye perspektiver.<\/p>\n<p>KK har tatt en prat med Hedvig og hennes mor, Birgitte, for \u00e5 h\u00f8re hvordan tiden etter innspillingen har v\u00e6rt, og hva de sitter igjen med i ettertid.<\/p>\n<p>    <a itemprop=\"url\" href=\"https:\/\/www.kk.no\/underholdning\/nar-barna-horer-pling-fra-mikroen-skjonner-de-at-det-er-mat\/83543083\" rel=\"nofollow noopener\" target=\"_blank\"><\/p>\n<p>      <img loading=\"lazy\" decoding=\"async\" src=\"https:\/\/www.europesays.com\/no\/wp-content\/uploads\/2025\/09\/1757459194_634_83546360.webp\" width=\"980\" height=\"441\" title=\"- N\u00e5r barna h\u00f8rer \u00abpling\u00bb fra mikroen, skj\u00f8nner de at det er mat\" alt=\"\" class=\"lazyload\" style=\"--aspect-ratio-image: 2.22; \"\/><\/p>\n<p>        &#8211; N\u00e5r barna h\u00f8rer \u00abpling\u00bb fra mikroen, skj\u00f8nner de at det er mat<\/p>\n<p>    <\/a><\/p>\n<p>Fordommer\t<\/p>\n<p>I den f\u00f8rste episoden ser vi elevene fra Uranienborg skole bli kj\u00f8rt i minibuss til Roms\u00e5s, og uttrykke forundring over hvorvidt de fortsatt befant seg i Oslo.<\/p>\n<p>Blant dem var Hedvig fra Oslo vest. Selv om hun n\u00e5 g\u00e5r p\u00e5 videreg\u00e5ende og har lagt ungdomsskoletiden bak seg, er det mye hun tar med seg fra deltakelsen.<\/p>\n<p>\u2013 Det var et veldig spennende prosjekt \u00e5 v\u00e6re med p\u00e5. Da vi satt i minibussen visste vi ikke hvilken skole vi skulle til f\u00f8r vi var framme.<\/p>\n<p>Selv hadde hun f\u00e5tt beskjed om at de skulle v\u00e6re med p\u00e5 et prosjekt, men n\u00f8yaktig hva og hvor de skulle var det ingen av elevene som visste.<\/p>\n<p>    <a itemprop=\"url\" href=\"https:\/\/www.kk.no\/underholdning\/det-er-pa-kanten-til-ondskap\/83554989\" rel=\"nofollow noopener\" target=\"_blank\"><\/p>\n<p>      <img loading=\"lazy\" decoding=\"async\" src=\"https:\/\/www.europesays.com\/no\/wp-content\/uploads\/2025\/09\/83555050.webp\" width=\"980\" height=\"441\" title=\"- Det er p\u00e5 kanten til ondskap\" alt=\"\" class=\"lazyload\" style=\"--aspect-ratio-image: 2.22; \"\/><\/p>\n<p>        &#8211; Det er p\u00e5 kanten til ondskap<\/p>\n<p>    <\/a><\/p>\n<p>Da elevene omsider kom ut av bussen, var de kommet til\u00a0 ungdomsskolen p\u00e5 Roms\u00e5s. Her skulle de m\u00f8te resten av elevene som snart skulle bli deres klassekamerater.<\/p>\n<p>Hedvig tenker tilbake til dagen de m\u00f8tte de andre elevene.\u00a0<\/p>\n<p>\u2013 Jeg tror vi alle hadde fordommer mot hverandre i forkant. Men det fine var at man s\u00e5 en endring. I starten var vi alle litt skeptiske til hverandre. Da var vi ganske lukket, men s\u00e5 etter hvert begynte vi \u00e5 \u00e5pne oss mer opp.<\/p>\n<p>Serien viser tydelig hvilke fordommer ungdommene hadde om hverandre. Flere av vestkantelevene trodde for eksempel at \u00f8stkantungdommer ranet med kniv, eller at de levde i et \u00abghetto\u00bb-milj\u00f8.<\/p>\n<p>Motsatt vei tenkte flere av \u00f8stkantungdommene at de fra vest var bl\u00e6rete, bortskjemte og at \u00abfaffa betaler\u00bb.<\/p>\n<p>\u2013 Men da vi etterhvert ble kjent, viste det seg at vi egentlig ikke var s\u00e5 forskjellige som vi kanskje hadde trodd. Alle ble ganske gode venner etter at vi tilbrakte s\u00e5 mye tid sammen.<\/p>\n<p>Hun opplevde at skillet mellom \u00aboss og dem\u00bb gradvis ble visket ut.<\/p>\n<p>\u2013 Til slutt var vi ikke to forskjellige skoleklasser. Vi ble en sammensveiset klasse, og jeg tror ingen gruet seg til \u00e5 g\u00e5 p\u00e5 skolen. Det var veldig fint.<\/p>\n<p>    <a itemprop=\"url\" href=\"https:\/\/www.kk.no\/underholdning\/tror-han-hadde-vaert-stolt-av-meg\/83542080\" rel=\"nofollow noopener\" target=\"_blank\"><\/p>\n<p>      <img loading=\"lazy\" decoding=\"async\" src=\"https:\/\/www.europesays.com\/no\/wp-content\/uploads\/2025\/09\/83542879.webp\" width=\"980\" height=\"441\" title=\"- Tror han hadde v\u00e6rt stolt av meg\" alt=\"\" class=\"lazyload\" style=\"--aspect-ratio-image: 2.22; \"\/><\/p>\n<p>        &#8211; Tror han hadde v\u00e6rt stolt av meg<\/p>\n<p>    <\/a><\/p>\n<p>Mor og datter\t<\/p>\n<p>P\u00e5 Frogner, i en leilighet i en gammel byg\u00e5rd fra 1890-tallet, bor Hedvig sammen med moren sin, Birgitte. Hun veksler annenhver uke mellom \u00e5 bo der og hos faren ettersom de har delt omsorg for henne.<\/p>\n<p>I serien f\u00e5r man blant annet se Hedvig og moren invitere Monica og Elias fra Roms\u00e5s p\u00e5 middag. F\u00f8r dette var de ogs\u00e5 p\u00e5 bes\u00f8k p\u00e5 Roms\u00e5s.<\/p>\n<p>\u2013 Det var veldig hyggelig, Elias og Hedvig ble litt av et radarpar, forklarer hennes mor, Birgitte.<\/p>\n<p>Ogs\u00e5 Hedvig er enig i at det var fint \u00e5 samle de to m\u00f8drene fra \u00f8st og vest.<\/p>\n<p>\u2013 Det var noe hyggelig med at det bare var oss fire. Leiligheten deres hadde mange likhetstrekk med v\u00e5r, selv om den var en del mindre.<\/p>\n<p>Hedvig har to voksne s\u00f8stre p\u00e5 morssiden og fire s\u00f8sken p\u00e5 farsiden. Hun forteller om et godt forhold til begge foreldrene sine, b\u00e5de mor og far. Ettersom s\u00f8strene p\u00e5 morssiden er en del eldre, har det i stor grad v\u00e6rt Hedvig og mammaen gjennom oppveksten.<\/p>\n<p>\u2013 Jeg har et godt forhold til b\u00e5de mamma og pappa.\u00a0<\/p>\n<p>\u2013 Mamma og jeg er veldig et radarpar. Jeg har bodd alene med henne stort sett, utenom de ukene jeg er hos pappa. S\u00e5 vi har et veldig n\u00e6rt forhold, der vi er \u00e5pne og kan fortelle alt til hverandre.<\/p>\n<p>          <img loading=\"lazy\" decoding=\"async\" src=\"https:\/\/www.europesays.com\/no\/wp-content\/uploads\/2025\/09\/83562602.webp\" width=\"686\" height=\"686\" title=\"TETT B\u00c5ND: Birgitte og Hedvig har lenge hatt et tett b\u00e5nd, og kan snakke sammen om det meste. Foto: Privat\" alt=\"\" class=\"\" style=\"--aspect-ratio-image: 1.00; \"\/><\/p>\n<p>\n          TETT B\u00c5ND: Birgitte og Hedvig har lenge hatt et tett b\u00e5nd, og kan snakke sammen om det meste. Foto: Privat\n      <\/p>\n<p>Det kan ogs\u00e5 Birgitte si seg enig i.<\/p>\n<p>\u2013 Vi har det fint sammen, og har stor respekt for hverandre. Jeg er glad for at Hedvig f\u00f8ler hun kan fortelle meg hva som skjer i livet sitt.<\/p>\n<p>Birgitte stopper opp litt, f\u00f8r hun legger til en detalj hun mener er viktig i mor\u2013datter-relasjonen deres.<\/p>\n<p>\u2013 Og s\u00e5 har vi mye humor. Det hadde Elias og moren ogs\u00e5. Det er fint \u00e5 kunne ha det g\u00f8y sammen med barna sine. Selv om man som mor ogs\u00e5 m\u00e5 v\u00e6re grensesettende og litt mer streng innimellom.<\/p>\n<p>Underveis i innspillingen hadde de ofte middager sammen, bare de to, mamma Birgitte og Hedvig.<\/p>\n<p>\u2013 Jeg fikk hele veien oppdateringer fra Hedvig om hvordan hun hadde det, og hvordan det var \u00e5 v\u00e6re med. Mitt inntrykk er at de ble fort kjent med hverandre, og at det var god stemning hele veien.<\/p>\n<p>Viser hvordan det er \u00e5 v\u00e6re ung\t<\/p>\n<p>\u2013 Som mor synes jeg det var g\u00f8y \u00e5 erfare hvor like de var som ungdommer. Det er uten tvil \u00f8konomiske forskjeller, men det fine med serien er at den f\u00e5r fram at ungdommer er ungdommer uansett \u00f8konomisk bakgrunn.<\/p>\n<p>Serien er laget p\u00e5 ungdommenes premisser, og man blir godt kjent med ulike personligheter i de to klassene.<\/p>\n<p>\u2013 Det jeg likte veldig godt med serien er at elevene var seg selv fullt ut. De ble ikke bedt om \u00e5 ta p\u00e5 seg en rolle, eller fortalt hva de skulle si.<\/p>\n<p>    <a itemprop=\"url\" href=\"https:\/\/www.kk.no\/underholdning\/vi-holdt-helt-tett-om-at-vi-egentlig-er-gode-venner-1\/83549156\" rel=\"nofollow noopener\" target=\"_blank\"><\/p>\n<p>      <img loading=\"lazy\" decoding=\"async\" src=\"https:\/\/www.europesays.com\/no\/wp-content\/uploads\/2025\/09\/1757459199_90_83549329.webp\" width=\"980\" height=\"441\" title=\"\u2013 Vi holdt helt tett om at vi egentlig er gode venner\" alt=\"\" class=\"lazyload\" style=\"--aspect-ratio-image: 2.22; \"\/><\/p>\n<p>        \u2013 Vi holdt helt tett om at vi egentlig er gode venner<\/p>\n<p>    <\/a><\/p>\n<p>Hun tror ogs\u00e5 det er en fordel for elevene at det n\u00e5 har g\u00e5tt nesten to \u00e5r siden innspillingen.<\/p>\n<p>\u2013 Det gj\u00f8r at de kan se tilbake p\u00e5 det med litt avstand, tenke at \u00abdet var niendeklasse-meg, og n\u00e5 g\u00e5r jeg p\u00e5 videreg\u00e5ende\u00bb. For man utvikler seg mye p\u00e5 de \u00e5rene.<\/p>\n<p>Hedvig g\u00e5r n\u00e5 f\u00f8rste \u00e5ret p\u00e5 Oslo Handelsgymnasium. Hun mener serien ogs\u00e5 er viktig for andre ungdommer \u00e5 se.<\/p>\n<p>\u2013 De fleste ungdommer p\u00e5 v\u00e5r alder har nok fordommer. Jeg tror det kan v\u00e6re veldig fint for dem \u00e5 se serier som dette, for \u00e5 bryte ned noen av dem og forst\u00e5 at alle egentlig er ganske like. For til syvende og sist er vi nettopp det \u2013 ungdommer.<\/p>\n","protected":false},"excerpt":{"rendered":"TV 2-serien\u00a0Skolebytte\u00a0fikk raskt h\u00f8ye seertall etter premieren i slutten av august. I dokumentarserien f\u00f8lger vi 12 niendeklassinger fra&hellip;\n","protected":false},"author":2,"featured_media":31167,"comment_status":"","ping_status":"","sticky":false,"template":"","format":"standard","meta":{"footnotes":""},"categories":[10],"tags":[20,21,24,25,15,22,23,13,30,28,29,14,4985,4986,16,4987,26,27,1130,72,3985],"class_list":{"0":"post-31166","1":"post","2":"type-post","3":"status-publish","4":"format-standard","5":"has-post-thumbnail","7":"category-norge","8":"tag-breaking-news","9":"tag-breakingnews","10":"tag-featured-news","11":"tag-featurednews","12":"tag-headlines","13":"tag-latest-news","14":"tag-latestnews","15":"tag-news","16":"tag-no","17":"tag-norge","18":"tag-norway","19":"tag-nyheter","20":"tag-oslo-ost","21":"tag-oslo-vest","22":"tag-overskrifter","23":"tag-skolebytte","24":"tag-top-stories","25":"tag-topstories","26":"tag-tv2","27":"tag-underholdning","28":"tag-ungdom"},"share_on_mastodon":{"url":"","error":""},"_links":{"self":[{"href":"https:\/\/www.europesays.com\/no\/wp-json\/wp\/v2\/posts\/31166","targetHints":{"allow":["GET"]}}],"collection":[{"href":"https:\/\/www.europesays.com\/no\/wp-json\/wp\/v2\/posts"}],"about":[{"href":"https:\/\/www.europesays.com\/no\/wp-json\/wp\/v2\/types\/post"}],"author":[{"embeddable":true,"href":"https:\/\/www.europesays.com\/no\/wp-json\/wp\/v2\/users\/2"}],"replies":[{"embeddable":true,"href":"https:\/\/www.europesays.com\/no\/wp-json\/wp\/v2\/comments?post=31166"}],"version-history":[{"count":0,"href":"https:\/\/www.europesays.com\/no\/wp-json\/wp\/v2\/posts\/31166\/revisions"}],"wp:featuredmedia":[{"embeddable":true,"href":"https:\/\/www.europesays.com\/no\/wp-json\/wp\/v2\/media\/31167"}],"wp:attachment":[{"href":"https:\/\/www.europesays.com\/no\/wp-json\/wp\/v2\/media?parent=31166"}],"wp:term":[{"taxonomy":"category","embeddable":true,"href":"https:\/\/www.europesays.com\/no\/wp-json\/wp\/v2\/categories?post=31166"},{"taxonomy":"post_tag","embeddable":true,"href":"https:\/\/www.europesays.com\/no\/wp-json\/wp\/v2\/tags?post=31166"}],"curies":[{"name":"wp","href":"https:\/\/api.w.org\/{rel}","templated":true}]}}