{"id":31170,"date":"2025-09-09T23:47:13","date_gmt":"2025-09-09T23:47:13","guid":{"rendered":"https:\/\/www.europesays.com\/no\/31170\/"},"modified":"2025-09-09T23:47:13","modified_gmt":"2025-09-09T23:47:13","slug":"blind-mann-i-rullestol-arrestert-under-terrorlov","status":"publish","type":"post","link":"https:\/\/www.europesays.com\/no\/31170\/","title":{"rendered":"Blind mann i rullestol arrestert under terrorlov"},"content":{"rendered":"\n<p class=\"_lead_ew2ao_2 _lead_xtcu6_50 layout-component text-serif-m layout-normal text-serif-l layout-component layout-wide layout-padded _wide_17hqh_1 layout-padded\">Britiske Mike Higgins (62) holdt et skilt med teksten \u00abJeg motsetter meg folkemord. Jeg st\u00f8tter Palestine Action\u00bb. S\u00e5 ble han arrestert under terrorloven.<\/p>\n<p><img alt=\" Foto: Joseph Hadden \/ Pa Photos \/ NTB\" class=\"_image_qp4xg_65 layout-component layout-wide\" data-fullscreen- data-track-element-type=\"Article image fullscreen\" data-track-name=\"ImageFullscreen\" fetchpriority=\"high\" decoding=\"sync\" loading=\"eager\" height=\"2978\" itemprop=\"image\"  src=\"https:\/\/www.europesays.com\/no\/wp-content\/uploads\/2025\/09\/de389004-e69e-450e-bde5-63f215777408\"  style=\"object-position:0% 0%\" width=\"3375\"\/> Foto: Joseph Hadden \/ Pa Photos \/ NTB<\/p>\n<ul aria-hidden=\"true\" class=\"_images_1y6fe_106\">\n<li><a class=\"_link_1y6fe_111\" href=\"https:\/\/www.vg.no\/forfatter\/isak-loeve-pilskog-loe\" style=\"z-index:1\" title=\"Isak L\u00f8ve Pilskog Loe\" rel=\"nofollow noopener\" target=\"_blank\"><img alt=\"Bilde av Isak L\u00f8ve Pilskog Loe\" class=\"_image_1y6fe_88\" fetchpriority=\"low\" loading=\"lazy\" decoding=\"async\" itemprop=\"image\"  src=\"https:\/\/www.europesays.com\/no\/wp-content\/uploads\/2025\/09\/1757461628_606_8b0354e3-bf53-460c-9c1c-790321a0c923\"  width=\"480\"\/><\/a><\/li>\n<\/ul>\n<p> Oppdatert onsdag 10. september kl. 01:05     <\/p>\n<p class=\"_paragraph_ew2ao_4 _paragraph_xtcu6_10 layout-component text-serif-m layout-normal text-serif-m layout-padded\">Mike Higgins sitter i rullestol. Han er blind. Han har h\u00f8rselsproblemer og andre fysiske utfordringer.<\/p>\n<p class=\"_paragraph_ew2ao_4 _paragraph_xtcu6_10 layout-component text-serif-m layout-normal text-serif-m layout-padded\">Likevel ble 62-\u00e5ringen arrestert under Storbritannias terrorlov for \u00e5 holde et skilt i Parliament Square i <a href=\"https:\/\/www.vg.no\/tag\/london?utm_source=vg-article&amp;utm_medium=auto-tagger&amp;utm_campaign=Pp74Ep\" class=\"_link_ew2ao_39\" rel=\"nofollow noopener\" target=\"_blank\">London<\/a>.<\/p>\n<p class=\"_paragraph_ew2ao_4 _paragraph_xtcu6_10 layout-component text-serif-m layout-normal text-serif-m layout-padded\">\u2013 Og jeg er en terrorist? Det er jo det som er latterlig, sa han til France 24 s\u00f8ndag.<\/p>\n<p class=\"_paragraph_ew2ao_4 _paragraph_xtcu6_10 layout-component text-serif-m layout-normal text-serif-m layout-padded\">\u2013 Jeg har allerede blitt arrestert under terrorloven, og jeg mistenker at jeg blir det i dag ogs\u00e5.<\/p>\n<p class=\"_paragraph_ew2ao_4 _paragraph_xtcu6_10 layout-component text-serif-m layout-normal text-serif-m layout-padded\">Skiltet hans hadde teksten: \u00abJeg motsetter meg folkemord. Jeg st\u00f8tter Palestine ActionPalestine ActionEn britisk aktivistgruppe\u00bb.<\/p>\n<p>Nesten 900 arrestert p\u00e5 \u00e9n dag<\/p>\n<p class=\"_paragraph_ew2ao_4 _paragraph_xtcu6_10 layout-component text-serif-m layout-normal text-serif-m layout-padded\">L\u00f8rdag ble nesten 900 personer arrestert under en demonstrasjon i London, if\u00f8lge <a href=\"https:\/\/news.met.police.uk\/pressreleases\/update-on-demonstration-in-support-of-palestine-action-3403168\" class=\"_link_ew2ao_39\" rel=\"nofollow noopener\" target=\"_blank\">London-politiet<\/a>. <\/p>\n<p class=\"_paragraph_ew2ao_4 _paragraph_xtcu6_10 layout-component text-serif-m layout-normal text-serif-m layout-padded\">Det var den st\u00f8rste enkeltdagen med arrestasjoner siden Palestine Action ble forbudt i juli.<\/p>\n<p class=\"_paragraph_ew2ao_4 _paragraph_xtcu6_10 layout-component text-serif-m layout-normal text-serif-m layout-padded\">Totalt har n\u00e5 nesten 1600 personer blitt arrestert for \u00e5 st\u00f8tte gruppen, mange av dem for \u00e5 holde skilt i stillhet, skriver flere mediehus.<\/p>\n<p><img alt=\"Foto: James Manning \/ Pa Photos \/ NTB\" class=\"_image_qp4xg_65 layout-component layout-left\" data-fullscreen- data-track-element-type=\"Article image fullscreen\" data-track-name=\"ImageFullscreen\" decoding=\"async\" loading=\"lazy\" height=\"3640\" itemprop=\"image\"  src=\"https:\/\/www.europesays.com\/no\/wp-content\/uploads\/2025\/09\/93d69802-6cdf-4157-bcd0-2facfba6e53e\"  style=\"object-position:0% 0%\" width=\"4848\"\/>Foto: James Manning \/ Pa Photos \/ NTB<img alt=\"Foto: JUSTIN TALLIS \/ AFP \/ NTB\" class=\"_image_qp4xg_65 layout-component layout-normal\" data-fullscreen- data-track-element-type=\"Article image fullscreen\" data-track-name=\"ImageFullscreen\" decoding=\"async\" loading=\"lazy\" height=\"3250\" itemprop=\"image\"  src=\"https:\/\/www.europesays.com\/no\/wp-content\/uploads\/2025\/09\/348d84d8-3419-4637-8610-b2d295106281\"  style=\"object-position:0% 0%\" width=\"3802\"\/>Foto: JUSTIN TALLIS \/ AFP \/ NTB<img alt=\"Foto: Jeff Moore \/ Pa Photos \/ NTB\" class=\"_image_qp4xg_65 layout-component layout-right\" data-fullscreen- data-track-element-type=\"Article image fullscreen\" data-track-name=\"ImageFullscreen\" decoding=\"async\" loading=\"lazy\" height=\"5760\" itemprop=\"image\"  src=\"https:\/\/www.europesays.com\/no\/wp-content\/uploads\/2025\/09\/17273a15-95bb-4433-bddb-0b38d71d20e0\"  style=\"object-position:0% 0%\" width=\"8640\"\/>Foto: Jeff Moore \/ Pa Photos \/ NTB<\/p>\n<p class=\"_paragraph_ew2ao_4 _paragraph_xtcu6_10 layout-component text-serif-m layout-normal text-serif-m layout-padded\">Politiet sa at 857 av de 890 som ble arrestert l\u00f8rdag, ble tatt under terrorloven for \u00e5 st\u00f8tte en forbudt organisasjon. 33 ble arrestert for andre lovbrudd, inkludert 17 for \u00e5 ha angrepet politifolk.<\/p>\n<p class=\"_paragraph_ew2ao_4 _paragraph_xtcu6_10 layout-component text-serif-m layout-normal text-serif-m layout-padded\">Terror, etter internasjonale standarder, gjelder forbrytelser som drap, alvorlig skade eller gisseltagning \u2013 ikke skade p\u00e5 eiendom. <\/p>\n<p class=\"_paragraph_ew2ao_4 _paragraph_xtcu6_10 layout-component text-serif-m layout-normal text-serif-m layout-padded\">Politiets nestleder Claire Smart sa:<\/p>\n<p class=\"_paragraph_ew2ao_4 _paragraph_xtcu6_10 layout-component text-serif-m layout-normal text-serif-m layout-padded\">\u2013 <strong class=\"_strong_ew2ao_25\">Volden vi m\u00f8tte under aksjonen var koordinert og utf\u00f8rt av en gruppe personer, mange med masker for \u00e5 skjule identiteten, fast bestemt p\u00e5 \u00e5 skape mest mulig uro.<\/strong><\/p>\n<p class=\"_paragraph_ew2ao_4 _paragraph_xtcu6_10 layout-component text-serif-m layout-normal text-serif-m layout-padded\">Organisasjonen Defend Our Juries, som arrangerte protesten, avviste p\u00e5standene om vold fra demonstrantenes side som \u00abrett og slett latterlige\u00bb.<\/p>\n<p><img alt=\"Foto: James Manning \/ Pa Photos \/ NTB\" class=\"_image_qp4xg_65 layout-component layout-right\" data-fullscreen- data-track-element-type=\"Article image fullscreen\" data-track-name=\"ImageFullscreen\" decoding=\"async\" loading=\"lazy\" height=\"4000\" itemprop=\"image\"  src=\"https:\/\/www.europesays.com\/no\/wp-content\/uploads\/2025\/09\/b9d99861-7d92-4413-b7a8-4ed04e56d64f\"  style=\"object-position:0% 0%\" width=\"5328\"\/>Foto: James Manning \/ Pa Photos \/ NTB<img alt=\"Foto: James Manning \/ Pa Photos \/ NTB\" class=\"_image_qp4xg_65 layout-component layout-normal\" data-fullscreen- data-track-element-type=\"Article image fullscreen\" data-track-name=\"ImageFullscreen\" decoding=\"async\" loading=\"lazy\" height=\"4000\" itemprop=\"image\"  src=\"https:\/\/www.europesays.com\/no\/wp-content\/uploads\/2025\/09\/3ecdfa4b-5daa-48c6-acc8-4961dbca7708\"  style=\"object-position:0% 0%\" width=\"6000\"\/>Foto: James Manning \/ Pa Photos \/ NTB<img alt=\"Foto: Joanna Chan \/ AP \/ NTB\" class=\"_image_qp4xg_65 layout-component layout-left\" data-fullscreen- data-track-element-type=\"Article image fullscreen\" data-track-name=\"ImageFullscreen\" decoding=\"async\" loading=\"lazy\" height=\"3504\" itemprop=\"image\"  src=\"https:\/\/www.europesays.com\/no\/wp-content\/uploads\/2025\/09\/69a2cd04-d6dd-4589-95e4-ebf34ed6770f\"  style=\"object-position:0% 0%\" width=\"5257\"\/>Foto: Joanna Chan \/ AP \/ NTBM\u00e5tte b\u00e6res gjennom folkemengden<\/p>\n<p class=\"_paragraph_ew2ao_4 _paragraph_xtcu6_10 layout-component text-serif-m layout-normal text-serif-m layout-padded\">Higgins var blant de 532 som ble arrestert under en tidligere demonstrasjon 9. august. Videoer av arrestasjonen hans har blitt sett millioner av ganger p\u00e5 sosiale medier.<\/p>\n<p class=\"_paragraph_ew2ao_4 _paragraph_xtcu6_10 layout-component text-serif-m layout-normal text-serif-m layout-padded\">\u2013 Jeg viste ikke skiltet, men jeg bar det under armen, fortalte han <a href=\"https:\/\/www.theguardian.com\/uk-news\/2025\/sep\/06\/disabled-man-arrested-palestine-action-protest-police\" class=\"_link_ew2ao_39\" rel=\"nofollow noopener\" target=\"_blank\">The Guardian<\/a> om l\u00f8rdagens demonstrasjon.<\/p>\n<p class=\"_paragraph_ew2ao_4 _paragraph_xtcu6_10 layout-component text-serif-m layout-normal text-serif-m layout-padded\">Politiet spurte om han visste hva som sto p\u00e5 skiltet. Han sa at han visste det. Da ble han arrestert.<\/p>\n<p class=\"_root_1xq52_1\" lang=\"en\" dir=\"auto\">Mike Higgins heroi \ud83e\udee1<\/p>\n<p class=\"_root_175ot_1\" lang=\"en\" dir=\"auto\">BREAKING: Mike Higgins, a blind disabled man, was arrested under the Terrorism Act once again for holding a sign which says &laquo;I oppose genocide. I support Palestine Action&raquo;<\/p>\n<p class=\"_paragraph_ew2ao_4 _paragraph_xtcu6_10 layout-component text-serif-m layout-normal text-serif-m layout-padded\">Fordi den n\u00e6rmeste utgang hadde trapper, m\u00e5tte politiet ta ham gjennom hele plassen. Da skal en store folkemengde ha samlet seg rundt betjentene og ropt: \u00abSkam dere\u00bb, skriver avisen.<\/p>\n<p class=\"_paragraph_ew2ao_4 _paragraph_xtcu6_10 layout-component text-serif-m layout-normal text-serif-m layout-padded\">\u2013 De var med rette sinte over at politiet arresterte folk, og s\u00e6rlig en 62 \u00e5r gammel blind og fysisk funksjonshemmet mann, sier Higgins.<\/p>\n<p><img alt=\"Foto: Jeff Moore \/ Pa Photos \/ NTB\" class=\"_image_qp4xg_65 layout-component layout-left\" data-fullscreen- data-track-element-type=\"Article image fullscreen\" data-track-name=\"ImageFullscreen\" decoding=\"async\" loading=\"lazy\" height=\"5760\" itemprop=\"image\"  src=\"https:\/\/www.europesays.com\/no\/wp-content\/uploads\/2025\/09\/0eb51826-80e3-4b4b-9f01-d1b6cc1290fe\"  style=\"object-position:0% 0%\" width=\"8640\"\/>Foto: Jeff Moore \/ Pa Photos \/ NTB<img alt=\"Foto: Jeff Moore \/ Pa Photos \/ NTB\" class=\"_image_qp4xg_65 layout-component layout-right\" data-fullscreen- data-track-element-type=\"Article image fullscreen\" data-track-name=\"ImageFullscreen\" decoding=\"async\" loading=\"lazy\" height=\"4672\" itemprop=\"image\"  src=\"https:\/\/www.europesays.com\/no\/wp-content\/uploads\/2025\/09\/02777c45-7ed3-43f7-b9b5-70a40a081310\"  style=\"object-position:0% 0%\" width=\"7008\"\/>Foto: Jeff Moore \/ Pa Photos \/ NTBSt\u00f8ttet av kjente kulturpersonligheter<\/p>\n<p class=\"_paragraph_ew2ao_4 _paragraph_xtcu6_10 layout-component text-serif-m layout-normal text-serif-m layout-padded\">Palestine Action ble forbudt etter at aktivister br\u00f8t seg inn p\u00e5 en luftforsvarsbase i juni og sprayet r\u00f8d maling p\u00e5 to milit\u00e6rfly. Skadene ble ansl\u00e5tt til 7 millioner pund, if\u00f8lge <a href=\"https:\/\/www.aljazeera.com\/news\/2025\/9\/6\/police-make-mass-arrests-at-palestine-action-rally-outside-uk-parliament\" class=\"_link_ew2ao_39\" rel=\"nofollow noopener\" target=\"_blank\">Al Jazeera<\/a>.<\/p>\n<p class=\"_paragraph_ew2ao_4 _paragraph_xtcu6_10 layout-component text-serif-m layout-normal text-serif-m layout-padded\">\u00c5 v\u00e6re medlem av eller st\u00f8tte gruppen kan n\u00e5 straffes med opptil 14 \u00e5rs fengsel.<\/p>\n<p class=\"_paragraph_ew2ao_4 _paragraph_xtcu6_10 layout-component text-serif-m layout-normal text-serif-m layout-padded\">Gruppen har st\u00f8tte fra kjente kulturpersonligheter som den irske bestselgerforfatteren Sally Rooney og Robert Del Naja fra bandet Massive Attack.<\/p>\n<p><img alt=\"Foto: TAYFUN SALCI \/ EPA \/ NTB\" class=\"_image_qp4xg_65 layout-component layout-left\" data-fullscreen- data-track-element-type=\"Article image fullscreen\" data-track-name=\"ImageFullscreen\" decoding=\"async\" loading=\"lazy\" height=\"4000\" itemprop=\"image\"  src=\"https:\/\/www.europesays.com\/no\/wp-content\/uploads\/2025\/09\/49d736ea-6550-4ec6-b4be-c14102aa2e0a\"  style=\"object-position:0% 0%\" width=\"6000\"\/>Foto: TAYFUN SALCI \/ EPA \/ NTB<img alt=\"Foto: James Manning \/ Pa Photos \/ NTB\" class=\"_image_qp4xg_65 layout-component layout-right\" data-fullscreen- data-track-element-type=\"Article image fullscreen\" data-track-name=\"ImageFullscreen\" decoding=\"async\" loading=\"lazy\" height=\"3640\" itemprop=\"image\"  src=\"https:\/\/www.europesays.com\/no\/wp-content\/uploads\/2025\/09\/b2a6eea6-8865-4ee2-9727-f7ba97d2e1e1\"  style=\"object-position:0% 0%\" width=\"5456\"\/>Foto: James Manning \/ Pa Photos \/ NTB<\/p>\n<p class=\"_paragraph_ew2ao_4 _paragraph_xtcu6_10 layout-component text-serif-m layout-normal text-serif-m layout-padded\">Palestine Action har g\u00e5tt rettens vei for \u00e5 utfordre forbudet. <\/p>\n<p class=\"_paragraph_ew2ao_4 _paragraph_xtcu6_10 layout-component text-serif-m layout-normal text-serif-m layout-padded\">Britisk h\u00f8yesterett <a href=\"https:\/\/www.reuters.com\/world\/middle-east\/palestine-action-wins-bid-challenge-uk-ban-under-anti-terrorism-laws-2025-07-30\/\" class=\"_link_ew2ao_39\" rel=\"nofollow noopener\" target=\"_blank\">ga nylig gruppen gr\u00f8nt lys<\/a> for \u00e5 f\u00f8re saken for domstolen. <\/p>\n<p class=\"_paragraph_ew2ao_4 _paragraph_xtcu6_10 layout-component text-serif-m layout-normal text-serif-m layout-padded\">Regjeringen <a href=\"https:\/\/www.bbc.com\/news\/articles\/ckgejwx3grlo\" class=\"_link_ew2ao_39\" rel=\"nofollow noopener\" target=\"_blank\">har anket avgj\u00f8relsen<\/a>, og neste h\u00f8ring er i slutten av september.<\/p>\n<p><img decoding=\"async\" alt=\"Bilde av Volker T\u00fcrk\" class=\"_image_ygndg_42\" height=\"60\" itemprop=\"image\" loading=\"lazy\"  src=\"https:\/\/www.europesays.com\/no\/wp-content\/uploads\/2025\/09\/07c2b2f4-336a-4256-ad97-3341ab0785a8\"  width=\"40\"\/><strong class=\"_name_ygndg_51 title-serif-xs\">Volker T\u00fcrk<\/strong><\/p>\n<p class=\"_paragraph_ew2ao_4 text-sans-m _description_ygndg_56\">FNs h\u00f8ykommiss\u00e6r for menneskerettigheter<\/p>\n<p class=\"_paragraph_ew2ao_4 _paragraph_xtcu6_10 layout-component text-serif-m layout-normal text-serif-m layout-padded\">FNs h\u00f8ykommiss\u00e6r for menneskerettigheter, Volker T\u00fcrk, har rettet kraftig kritikk mot den britiske regjeringens beslutning om \u00e5 forby aktivistgruppen Palestine Action. <\/p>\n<p class=\"_paragraph_ew2ao_4 _paragraph_xtcu6_10 layout-component text-serif-m layout-normal text-serif-m layout-padded\">Med advarsler om at den nye lovgivningen \u00ab<a href=\"https:\/\/www.ohchr.org\/en\/press-releases\/2025\/07\/uk-palestine-action-ban-disturbing-misuse-uk-counter-terrorism-legislation\" class=\"_link_ew2ao_39\" rel=\"nofollow noopener\" target=\"_blank\">misbruker alvoret og virkningen av terrorisme<\/a>\u00bb, sier han at tiltaket er uforholdsmessig.<\/p>\n<p class=\"_paragraph_ew2ao_4 _paragraph_xtcu6_10 layout-component text-serif-m layout-normal text-serif-m layout-padded\">Terrorlovgivningen brukes mot handlinger som ikke er terror, if\u00f8lge T\u00fcrk, og at dette kan begrense ytrings- og forsamlingsfriheten i Storbritannia.<\/p>\n","protected":false},"excerpt":{"rendered":"Britiske Mike Higgins (62) holdt et skilt med teksten \u00abJeg motsetter meg folkemord. Jeg st\u00f8tter Palestine Action\u00bb. S\u00e5&hellip;\n","protected":false},"author":2,"featured_media":31171,"comment_status":"","ping_status":"","sticky":false,"template":"","format":"standard","meta":{"footnotes":""},"categories":[12],"tags":[20,21,24,25,53,15,22,23,863,13,30,28,29,14,16,865,26,27,42,43,44,45],"class_list":{"0":"post-31170","1":"post","2":"type-post","3":"status-publish","4":"format-standard","5":"has-post-thumbnail","7":"category-verden","8":"tag-breaking-news","9":"tag-breakingnews","10":"tag-featured-news","11":"tag-featurednews","12":"tag-gaza","13":"tag-headlines","14":"tag-latest-news","15":"tag-latestnews","16":"tag-london","17":"tag-news","18":"tag-no","19":"tag-norge","20":"tag-norway","21":"tag-nyheter","22":"tag-overskrifter","23":"tag-storbritannia","24":"tag-top-stories","25":"tag-topstories","26":"tag-verden","27":"tag-world","28":"tag-world-news","29":"tag-worldnews"},"share_on_mastodon":{"url":"","error":""},"_links":{"self":[{"href":"https:\/\/www.europesays.com\/no\/wp-json\/wp\/v2\/posts\/31170","targetHints":{"allow":["GET"]}}],"collection":[{"href":"https:\/\/www.europesays.com\/no\/wp-json\/wp\/v2\/posts"}],"about":[{"href":"https:\/\/www.europesays.com\/no\/wp-json\/wp\/v2\/types\/post"}],"author":[{"embeddable":true,"href":"https:\/\/www.europesays.com\/no\/wp-json\/wp\/v2\/users\/2"}],"replies":[{"embeddable":true,"href":"https:\/\/www.europesays.com\/no\/wp-json\/wp\/v2\/comments?post=31170"}],"version-history":[{"count":0,"href":"https:\/\/www.europesays.com\/no\/wp-json\/wp\/v2\/posts\/31170\/revisions"}],"wp:featuredmedia":[{"embeddable":true,"href":"https:\/\/www.europesays.com\/no\/wp-json\/wp\/v2\/media\/31171"}],"wp:attachment":[{"href":"https:\/\/www.europesays.com\/no\/wp-json\/wp\/v2\/media?parent=31170"}],"wp:term":[{"taxonomy":"category","embeddable":true,"href":"https:\/\/www.europesays.com\/no\/wp-json\/wp\/v2\/categories?post=31170"},{"taxonomy":"post_tag","embeddable":true,"href":"https:\/\/www.europesays.com\/no\/wp-json\/wp\/v2\/tags?post=31170"}],"curies":[{"name":"wp","href":"https:\/\/api.w.org\/{rel}","templated":true}]}}