{"id":31178,"date":"2025-09-10T00:46:08","date_gmt":"2025-09-10T00:46:08","guid":{"rendered":"https:\/\/www.europesays.com\/no\/31178\/"},"modified":"2025-09-10T00:46:08","modified_gmt":"2025-09-10T00:46:08","slug":"det-er-en-skam-for-oss","status":"publish","type":"post","link":"https:\/\/www.europesays.com\/no\/31178\/","title":{"rendered":"\u2013 Det er en skam for oss"},"content":{"rendered":"\n<p class=\"_lead_ew2ao_2 _lead_xtcu6_50 layout-component text-serif-m layout-normal text-serif-l layout-component layout-wide layout-padded _wide_17hqh_1 layout-padded\">Moldovas hovedtrener Serghei Cle\u015fcenco (53) var en slagen mann etter tidenes Moldova-tap. Han f\u00e5r st\u00f8tte fra St\u00e5le Solbakken.<\/p>\n<p><img alt=\"SKUFFET: Serghei Cle\u015fcenco, her fra en pressekonferanse i juni. Foto: Michal Meissner \/ EPA \/ NTB\" class=\"_image_qp4xg_65 layout-component layout-wide\" data-fullscreen- data-track-element-type=\"Article image fullscreen\" data-track-name=\"ImageFullscreen\" fetchpriority=\"high\" decoding=\"sync\" loading=\"eager\" height=\"2360\" itemprop=\"image\"  src=\"https:\/\/www.europesays.com\/no\/wp-content\/uploads\/2025\/09\/33389afd-5813-4074-baa8-fd7c973a069b\"  style=\"object-position:0% 0%\" width=\"3535\"\/>SKUFFET: Serghei Cle\u015fcenco, her fra en pressekonferanse i juni. Foto: Michal Meissner \/ EPA \/ NTB Oppdatert onsdag 10. september kl. 02:24    <\/p>\n<ul class=\"_list_ew2ao_3 _list_64s2r_85 _unordered_ew2ao_99 text-sans-m\">\n<li class=\"_item_ew2ao_30\">Moldova-ledet av Serghei Cle\u015fcenco, led tidenes tap med 11-1 mot Norge p\u00e5 Ullevaal.<\/li>\n<li class=\"_item_ew2ao_30\">St\u00e5le Solbakken uttrykte sympati for Cle\u015fcenco etter det knusende nederlaget.<\/li>\n<li class=\"_item_ew2ao_30\">Moldovas tidligere verste tap var 0-8 mot Danmark i 2021.<\/li>\n<li class=\"_item_ew2ao_30\">Til tross for tapene, kan Moldova fremdeles n\u00e5 VM-playoff p\u00e5 grunn av fjor\u00e5rets Nations League-seire.<\/li>\n<\/ul>\n<p>Vis mer <\/p>\n<p class=\"_paragraph_ew2ao_4 _paragraph_xtcu6_10 layout-component text-serif-m layout-normal text-serif-m layout-padded\">\u2013 Jeg vet hvor vondt han har det. Han l\u00f8p rett i garderoben, jeg fikk s\u00e5 vidt takket ham for kampen. Det der er vondt, sier Solbakken om sin trenerkollega etter kampen.<\/p>\n<p class=\"_paragraph_ew2ao_4 _paragraph_xtcu6_10 layout-component text-serif-m layout-normal text-serif-m layout-padded\">Da hadde Moldova blitt filleristet p\u00e5 Ullevaal. 11\u20131 sto det p\u00e5 m\u00e5ltavlen til slutt. Tidenes tap i Moldovisk fotballhistorie. Den forrige bunnoteringen var 0\u20138 borte mot Danmark i 2021.<\/p>\n<p class=\"_paragraph_ew2ao_4 _paragraph_xtcu6_10 layout-component text-serif-m layout-normal text-serif-m layout-padded\">\u2013 Det er en skam for oss. Det er min skyld. Og jeg skj\u00f8nner at vi m\u00e5 tenke oss godt om hva vi skal gj\u00f8re videre, sa Cle\u015fcenco etter stortapet. <\/p>\n<p class=\"_paragraph_ew2ao_4 _paragraph_xtcu6_10 layout-component text-serif-m layout-normal text-serif-m layout-padded\">Fotballpodden oppsummerte i natt:<\/p>\n<p class=\"_paragraph_ew2ao_4 _paragraph_xtcu6_10 layout-component text-serif-m layout-normal text-serif-m layout-padded\">Pressekonferansen til Moldovas trener ble kort.<\/p>\n<p class=\"_paragraph_ew2ao_4 _paragraph_xtcu6_10 layout-component text-serif-m layout-normal text-serif-m layout-padded\">Etter tre sp\u00f8rsm\u00e5l reiste han seg.<\/p>\n<p class=\"_paragraph_ew2ao_4 _paragraph_xtcu6_10 layout-component text-serif-m layout-normal text-serif-m layout-padded\">\u2013 Det var det jeg hadde \u00e5 si, fortsatte Cle\u015fcenco.<\/p>\n<p class=\"_paragraph_ew2ao_4 _paragraph_xtcu6_10 layout-component text-serif-m layout-normal text-serif-m layout-padded\">Du kan se video av seansen her:<\/p>\n<p class=\"_paragraph_ew2ao_4 _paragraph_xtcu6_10 layout-component text-serif-m layout-normal text-serif-m layout-padded\">\u00d8rjan H\u00e5skjold Nyland m\u00e5tte plukke \u00e9n ball ut av sitt m\u00e5l. Cristian Avram i det motsatte m\u00e5let hentet ut elleve.<\/p>\n<p class=\"_paragraph_ew2ao_4 _paragraph_xtcu6_10 layout-component text-serif-m layout-normal text-serif-m layout-padded\">\u2013 Det er selvsagt trist for dem \u00e5 hente s\u00e5 mange baller ut av nettet, sier Nyland.<\/p>\n<p class=\"_paragraph_ew2ao_4 _paragraph_xtcu6_10 layout-component text-serif-m layout-normal text-serif-m layout-padded\">\u2013 F\u00e5 du litt vondt i keeperhjertet?<\/p>\n<p class=\"_paragraph_ew2ao_4 _paragraph_xtcu6_10 layout-component text-serif-m layout-normal text-serif-m layout-padded\">\u2013 Jeg f\u00f8ler med ham som st\u00e5r p\u00e5 andre siden. Det er nok ikke hyggelig.<\/p>\n<p><img alt=\"SJANSEL\u00d8S: Cristian Avram hang ikke med da Erling Braut Haaland hamret inn fem scoringer p\u00e5 \u00e9n kveld.  Foto: Bj\u00f8rn S. Delebekk \/ VG\" class=\"_image_qp4xg_65 layout-component layout-normal\" data-fullscreen- data-track-element-type=\"Article image fullscreen\" data-track-name=\"ImageFullscreen\" decoding=\"async\" loading=\"lazy\" height=\"2560\" itemprop=\"image\"  src=\"https:\/\/www.europesays.com\/no\/wp-content\/uploads\/2025\/09\/d2f90b38-4b90-4c7b-aea5-0f82ff552d34\"  style=\"object-position:0% 0%\" width=\"3840\"\/>SJANSEL\u00d8S: Cristian Avram hang ikke med da Erling Braut Haaland hamret inn fem scoringer p\u00e5 \u00e9n kveld.  Foto: Bj\u00f8rn S. Delebekk \/ VG<\/p>\n<p class=\"_paragraph_ew2ao_4 _paragraph_xtcu6_10 layout-component text-serif-m layout-normal text-serif-m layout-padded\">Men \u00e9n ting kan Moldova tr\u00f8ste seg med: Til tross for at de har tapt alle fem kampene, med en total m\u00e5lforskjell p\u00e5 \u221222, s\u00e5 ligger de godt an til \u00e5 klare VM-playoff.<\/p>\n<p class=\"_paragraph_ew2ao_4 _paragraph_xtcu6_10 layout-component text-serif-m layout-normal text-serif-m layout-padded\">\u00c5rsaken er at de vant sin Nations League-gruppe foran Malta og Andorra i fjor. S\u00e5 gjenst\u00e5r det \u00e5 se om de har noe \u00e5 stille opp med der.<\/p>\n","protected":false},"excerpt":{"rendered":"Moldovas hovedtrener Serghei Cle\u015fcenco (53) var en slagen mann etter tidenes Moldova-tap. Han f\u00e5r st\u00f8tte fra St\u00e5le Solbakken.&hellip;\n","protected":false},"author":2,"featured_media":31179,"comment_status":"","ping_status":"","sticky":false,"template":"","format":"standard","meta":{"footnotes":""},"categories":[59],"tags":[92,3163,30,28,29,83,82],"class_list":{"0":"post-31178","1":"post","2":"type-post","3":"status-publish","4":"format-standard","5":"has-post-thumbnail","7":"category-sport","8":"tag-fotball","9":"tag-herrelandslaget-fotball","10":"tag-no","11":"tag-norge","12":"tag-norway","13":"tag-sport","14":"tag-sports"},"share_on_mastodon":{"url":"","error":""},"_links":{"self":[{"href":"https:\/\/www.europesays.com\/no\/wp-json\/wp\/v2\/posts\/31178","targetHints":{"allow":["GET"]}}],"collection":[{"href":"https:\/\/www.europesays.com\/no\/wp-json\/wp\/v2\/posts"}],"about":[{"href":"https:\/\/www.europesays.com\/no\/wp-json\/wp\/v2\/types\/post"}],"author":[{"embeddable":true,"href":"https:\/\/www.europesays.com\/no\/wp-json\/wp\/v2\/users\/2"}],"replies":[{"embeddable":true,"href":"https:\/\/www.europesays.com\/no\/wp-json\/wp\/v2\/comments?post=31178"}],"version-history":[{"count":0,"href":"https:\/\/www.europesays.com\/no\/wp-json\/wp\/v2\/posts\/31178\/revisions"}],"wp:featuredmedia":[{"embeddable":true,"href":"https:\/\/www.europesays.com\/no\/wp-json\/wp\/v2\/media\/31179"}],"wp:attachment":[{"href":"https:\/\/www.europesays.com\/no\/wp-json\/wp\/v2\/media?parent=31178"}],"wp:term":[{"taxonomy":"category","embeddable":true,"href":"https:\/\/www.europesays.com\/no\/wp-json\/wp\/v2\/categories?post=31178"},{"taxonomy":"post_tag","embeddable":true,"href":"https:\/\/www.europesays.com\/no\/wp-json\/wp\/v2\/tags?post=31178"}],"curies":[{"name":"wp","href":"https:\/\/api.w.org\/{rel}","templated":true}]}}