{"id":31215,"date":"2025-09-10T04:22:08","date_gmt":"2025-09-10T04:22:08","guid":{"rendered":"https:\/\/www.europesays.com\/no\/31215\/"},"modified":"2025-09-10T04:22:08","modified_gmt":"2025-09-10T04:22:08","slug":"argentina-tapte-overraskende-for-ecuador","status":"publish","type":"post","link":"https:\/\/www.europesays.com\/no\/31215\/","title":{"rendered":"Argentina tapte overraskende for Ecuador"},"content":{"rendered":"\n<p class=\"_lead_ew2ao_2 _lead_xtcu6_50 layout-component text-serif-m layout-normal text-serif-l layout-component layout-wide layout-padded _wide_17hqh_1 layout-padded\">B\u00e5de Ecuador og Argentina er allerede klare for fotball-VM neste \u00e5r. Sistnevnte stilte uten Lionel Messi og tapte kampen mellom de to tirsdag.<\/p>\n<p><img alt=\"Enner Valencia satte inn straffen som ga Ecuador seieren.  Foto: Patricio Teran \/ AP \/ NTB\" class=\"_image_qp4xg_65 layout-component layout-wide\" data-fullscreen- data-track-element-type=\"Article image fullscreen\" data-track-name=\"ImageFullscreen\" fetchpriority=\"high\" decoding=\"sync\" loading=\"eager\" height=\"2164\" itemprop=\"image\"  src=\"https:\/\/www.europesays.com\/no\/wp-content\/uploads\/2025\/09\/350b617d-ac61-4202-a9f8-9bed8450606b\"  style=\"object-position:0% 0%\" width=\"3246\"\/>Enner Valencia satte inn straffen som ga Ecuador seieren.  Foto: Patricio Teran \/ AP \/ NTB<\/p>\n<ul aria-hidden=\"true\" class=\"_images_1y6fe_106\">\n<li><a class=\"_link_1y6fe_111\" href=\"https:\/\/www.vg.no\/forfatter\/ntb\" style=\"z-index:1\" title=\"NTB\" rel=\"nofollow noopener\" target=\"_blank\"><img alt=\"Bilde av NTB\" class=\"_image_1y6fe_88\" fetchpriority=\"low\" loading=\"lazy\" decoding=\"async\" itemprop=\"image\"  src=\"https:\/\/www.europesays.com\/no\/wp-content\/uploads\/2025\/09\/1757478128_520_c33980b0-5d07-4027-84a1-813f90a7c8d6\"  width=\"480\"\/><\/a><\/li>\n<\/ul>\n<p> Oppdatert onsdag 10. september kl. 05:39     <\/p>\n<p class=\"_paragraph_ew2ao_4 _paragraph_xtcu6_10 layout-component text-serif-m layout-normal text-serif-m layout-padded\">Ecuador er nummer 25 p\u00e5 Fifa-rangeringen og kunne ha v\u00e6rt en enkel motstander for regjerende verdensmester og verdensener <a href=\"https:\/\/www.vg.no\/tag\/argentina?utm_source=vg-article&amp;utm_medium=auto-tagger&amp;utm_campaign=dRyqyB\" class=\"_link_ew2ao_39\" rel=\"nofollow noopener\" target=\"_blank\">Argentina<\/a>. Slik ble det ikke. <\/p>\n<p class=\"_paragraph_ew2ao_4 _paragraph_xtcu6_10 layout-component text-serif-m layout-normal text-serif-m layout-padded\">Argentinas landslagssjef Lionel Scaloni lot Lionel Messi f\u00e5 hvile seg til MLS-klubbkamper og hadde ikke med superstjernen i troppen til bortekampen i Guayaquil.<\/p>\n<p class=\"_paragraph_ew2ao_4 _paragraph_xtcu6_10 layout-component text-serif-m layout-normal text-serif-m layout-padded\">I hans frav\u00e6r var Nicol\u00e1s Otamendi kaptein. I kampens 31. minutt fikk han r\u00f8dt kort for \u00e5 ha dyttet Enner Valencia i ryggen og hindret en klar m\u00e5lsjanse for Ecuador.<\/p>\n<p class=\"_paragraph_ew2ao_4 _paragraph_xtcu6_10 layout-component text-serif-m layout-normal text-serif-m layout-padded\">Valencia ble kampens eneste m\u00e5lscorer da han satte inn en straffe hele 13 minutter p\u00e5 overtid i f\u00f8rste omgang, etter en langvarig var-vurdering. <\/p>\n<p class=\"_paragraph_ew2ao_4 _paragraph_xtcu6_10 layout-component text-serif-m layout-normal text-serif-m layout-padded\">Ecuadors Mois\u00e9s Caicedo p\u00e5dro seg det andre gule kortet i kampen i det 65. minutt og m\u00e5tte g\u00e5 i garderoben.<\/p>\n<p class=\"_paragraph_ew2ao_4 _paragraph_xtcu6_10 layout-component text-serif-m layout-normal text-serif-m layout-padded\">VM spilles i USA, Canada og Mexico neste \u00e5r.<\/p>\n","protected":false},"excerpt":{"rendered":"B\u00e5de Ecuador og Argentina er allerede klare for fotball-VM neste \u00e5r. Sistnevnte stilte uten Lionel Messi og tapte&hellip;\n","protected":false},"author":2,"featured_media":31216,"comment_status":"","ping_status":"","sticky":false,"template":"","format":"standard","meta":{"footnotes":""},"categories":[59],"tags":[2756,4994,3408,30,28,29,83,82],"class_list":{"0":"post-31215","1":"post","2":"type-post","3":"status-publish","4":"format-standard","5":"has-post-thumbnail","7":"category-sport","8":"tag-argentina","9":"tag-ecuador","10":"tag-lionel-messi","11":"tag-no","12":"tag-norge","13":"tag-norway","14":"tag-sport","15":"tag-sports"},"share_on_mastodon":{"url":"","error":""},"_links":{"self":[{"href":"https:\/\/www.europesays.com\/no\/wp-json\/wp\/v2\/posts\/31215","targetHints":{"allow":["GET"]}}],"collection":[{"href":"https:\/\/www.europesays.com\/no\/wp-json\/wp\/v2\/posts"}],"about":[{"href":"https:\/\/www.europesays.com\/no\/wp-json\/wp\/v2\/types\/post"}],"author":[{"embeddable":true,"href":"https:\/\/www.europesays.com\/no\/wp-json\/wp\/v2\/users\/2"}],"replies":[{"embeddable":true,"href":"https:\/\/www.europesays.com\/no\/wp-json\/wp\/v2\/comments?post=31215"}],"version-history":[{"count":0,"href":"https:\/\/www.europesays.com\/no\/wp-json\/wp\/v2\/posts\/31215\/revisions"}],"wp:featuredmedia":[{"embeddable":true,"href":"https:\/\/www.europesays.com\/no\/wp-json\/wp\/v2\/media\/31216"}],"wp:attachment":[{"href":"https:\/\/www.europesays.com\/no\/wp-json\/wp\/v2\/media?parent=31215"}],"wp:term":[{"taxonomy":"category","embeddable":true,"href":"https:\/\/www.europesays.com\/no\/wp-json\/wp\/v2\/categories?post=31215"},{"taxonomy":"post_tag","embeddable":true,"href":"https:\/\/www.europesays.com\/no\/wp-json\/wp\/v2\/tags?post=31215"}],"curies":[{"name":"wp","href":"https:\/\/api.w.org\/{rel}","templated":true}]}}