{"id":31231,"date":"2025-09-10T04:57:10","date_gmt":"2025-09-10T04:57:10","guid":{"rendered":"https:\/\/www.europesays.com\/no\/31231\/"},"modified":"2025-09-10T04:57:10","modified_gmt":"2025-09-10T04:57:10","slug":"valgresultatet-er-en-katastrofe-for-senterpartiet","status":"publish","type":"post","link":"https:\/\/www.europesays.com\/no\/31231\/","title":{"rendered":"\u2013 Valgresultatet er en katastrofe for Senterpartiet"},"content":{"rendered":"\n<p class=\"_lead_ew2ao_2 _lead_xtcu6_50 layout-component text-serif-m layout-normal text-serif-l layout-component layout-wide layout-padded _wide_17hqh_1 layout-padded\">\u2013 Valgresultatet er en katastrofe for Senterpartiet, sier Per Olaf Lundteigen. <\/p>\n<p><img alt=\" Foto: Mattis Sandblad \/ VG\" class=\"_image_qp4xg_65 layout-component layout-wide\" data-fullscreen- data-track-element-type=\"Article image fullscreen\" data-track-name=\"ImageFullscreen\" fetchpriority=\"high\" decoding=\"sync\" loading=\"eager\" height=\"2743\" itemprop=\"image\"  src=\"https:\/\/www.europesays.com\/no\/wp-content\/uploads\/2025\/09\/35d69294-eec4-4f42-ae10-49549850f69a\"  style=\"object-position:0% 0%\" width=\"3302\"\/> Foto: Mattis Sandblad \/ VG<\/p>\n<ul aria-hidden=\"true\" class=\"_images_1y6fe_106\">\n<li><a class=\"_link_1y6fe_111\" href=\"https:\/\/www.vg.no\/forfatter\/alf-bjarne-johnsen\" style=\"z-index:2\" title=\"Alf Bjarne Johnsen\" rel=\"nofollow noopener\" target=\"_blank\"><img alt=\"Bilde av Alf Bjarne Johnsen\" class=\"_image_1y6fe_88\" fetchpriority=\"low\" loading=\"lazy\" decoding=\"async\" itemprop=\"image\"  src=\"https:\/\/www.europesays.com\/no\/wp-content\/uploads\/2025\/09\/1757480228_92_a8952b63-f4d3-424e-ab5c-93e67076c9b0\"  width=\"480\"\/><\/a><\/li>\n<li><a class=\"_link_1y6fe_111\" href=\"https:\/\/www.vg.no\/forfatter\/frank-ertesvaag\" style=\"z-index:1\" title=\"Frank Ertesv\u00e5g\" rel=\"nofollow noopener\" target=\"_blank\"><img alt=\"Bilde av Frank Ertesv\u00e5g\" class=\"_image_1y6fe_88\" fetchpriority=\"low\" loading=\"lazy\" decoding=\"async\" itemprop=\"image\"  src=\"https:\/\/www.europesays.com\/no\/wp-content\/uploads\/2025\/09\/1757480229_975_77e9adab-9419-475b-b494-fe98c1a693d1\"  width=\"480\"\/><\/a><\/li>\n<\/ul>\n<p> Oppdatert onsdag 10. september kl. 06:21     <\/p>\n<p class=\"_paragraph_ew2ao_4 _paragraph_xtcu6_10 layout-component text-serif-m layout-normal text-serif-m layout-padded\">Den 72 \u00e5r gamle partiveteranen peker p\u00e5 Sp-toppene Trygve Slagsvold Vedum og Geir Pollestad, og sier at de to  har det st\u00f8rste ansvaret for valgnederlaget.  <\/p>\n<p class=\"_paragraph_ew2ao_4 _paragraph_xtcu6_10 layout-component text-serif-m layout-normal text-serif-m layout-padded\">Selv forlater Lundteigen n\u00e5 Stortinget etter seks perioder \u2013 24 \u00e5r \u2013 p\u00e5 Buskerud-benken. <\/p>\n<p class=\"_paragraph_ew2ao_4 _paragraph_xtcu6_10 layout-component text-serif-m layout-normal text-serif-m layout-padded\">\u2013 Partiet m\u00e5 erkjenne at vi gjorde et katastrofevalg. Og ikke minst partilederen m\u00e5 erkjenne det.  Han og Geir Pollestad har v\u00e6rt arkitektene bak den omtrentlige politikken som har v\u00e6rt f\u00f8rt i mange \u00e5r, og har hovedansvaret, sier Lundteigen.<\/p>\n<p class=\"_paragraph_ew2ao_4 _paragraph_xtcu6_10 layout-component text-serif-m layout-normal text-serif-m layout-padded\">\u2013  S\u00e5 n\u00e5 m\u00e5 en bygge organisasjonen p\u00e5 nytt, drive talentspeiding og utvikle ny politikk p\u00e5 de omr\u00e5dene som ang\u00e5r folk mest, sier Lundteigen til VG, dagen etter stortingsvalget. <\/p>\n<p>Mister 19 stortingsplasser <\/p>\n<p class=\"_paragraph_ew2ao_4 _paragraph_xtcu6_10 layout-component text-serif-m layout-normal text-serif-m layout-padded\"><strong class=\"_strong_ew2ao_25\">Med valgresultatet p\u00e5 5,6 prosent, krymper Senterpartiets stortingsgruppe fra 28 til ni representanter.  <\/strong><\/p>\n<p><img alt=\"Per Olaf Lundteigen (Sp) forlater Stortinget etter seks perioder. Her er han p\u00e5 vei inn til et landsstyrem\u00f8te i L\u00f8renskog i 2024.  Foto: Helge Mikalsen \/ VG\" class=\"_image_qp4xg_65 layout-component layout-normal\" data-fullscreen- data-track-element-type=\"Article image fullscreen\" data-track-name=\"ImageFullscreen\" decoding=\"async\" loading=\"lazy\" height=\"5504\" itemprop=\"image\"  src=\"https:\/\/www.europesays.com\/no\/wp-content\/uploads\/2025\/09\/4f2e3be5-b77a-42ff-8aa2-d8f326fd7ded\"  style=\"object-position:0% 0%\" width=\"8256\"\/>Per Olaf Lundteigen (Sp) forlater Stortinget etter seks perioder. Her er han p\u00e5 vei inn til et landsstyrem\u00f8te i L\u00f8renskog i 2024.  Foto: Helge Mikalsen \/ VG<\/p>\n<p class=\"_paragraph_ew2ao_4 _paragraph_xtcu6_10 layout-component text-serif-m layout-normal text-serif-m layout-padded\">Lundteigen er oppgitt over partiets nye status:  Sp berget s\u00e5 vidt  mandater fra tradisjonelle Sp-fylker som Rogaland, Sogn og Fjordane, og fra Tr\u00f8ndelag-fylkene.<\/p>\n<p class=\"_paragraph_ew2ao_4 _paragraph_xtcu6_10 layout-component text-serif-m layout-normal text-serif-m layout-padded\">\u2013 Og n\u00e5 har vi ingen fra fylkene rundt Oslofjorden p\u00e5 Stortinget, sier han. <\/p>\n<p class=\"_paragraph_ew2ao_4 _paragraph_xtcu6_10 layout-component text-serif-m layout-normal layout-padded\"><strong class=\"_strong_ew2ao_25\">Les ogs\u00e5:<\/strong> <a href=\"https:\/\/www.vg.no\/i\/Pp7gPe\" data-track-element-type=\"Link\" data-track-id=\"link:Pp7gPe\" class=\"_link_ew2ao_39\" rel=\"nofollow noopener\" target=\"_blank\">Ras av Sp-folk fra Tinget: \u2013 M\u00e5 finne meg noe annet \u00e5 gj\u00f8re<\/a><\/p>\n<p>Tillitssvikt mot Vedum <\/p>\n<p class=\"_paragraph_ew2ao_4 _paragraph_xtcu6_10 layout-component text-serif-m layout-normal text-serif-m layout-padded\"><strong class=\"_strong_ew2ao_25\">\u2013 B\u00f8r Vedum g\u00e5 av som partileder etter valget?<\/strong><\/p>\n<p class=\"_paragraph_ew2ao_4 _paragraph_xtcu6_10 layout-component text-serif-m layout-normal text-serif-m layout-padded\">\u2013 Det er omfattende svikt i tilliten til Vedum som leder n\u00e5. Det er det veldig mange Sp-folk og tillitsvalgte som mener, sier Lundteigen.<\/p>\n<p class=\"_paragraph_ew2ao_4 _paragraph_xtcu6_10 layout-component text-serif-m layout-normal text-serif-m layout-padded\"><strong class=\"_strong_ew2ao_25\">\u2013 Men hva mener du? B\u00f8r Vedum g\u00e5 av? <\/strong><\/p>\n<p class=\"_paragraph_ew2ao_4 _paragraph_xtcu6_10 layout-component text-serif-m layout-normal text-serif-m layout-padded\">Partiveteranen tenker seg om i noen sekunder.<\/p>\n<p class=\"_paragraph_ew2ao_4 _paragraph_xtcu6_10 layout-component text-serif-m layout-normal text-serif-m layout-padded\">\u2013 Det vil jeg diskutere med mitt fylkeslag i Buskerud f\u00f8r jeg sier noe, svarer han.<\/p>\n<p><img alt=\"Sp-leder Trygve Slagsvold Vedum p\u00e5 vei til partilederdebtt p\u00e5 Stortinget natt til tirsdag.   Foto: Helge Mikalsen \/ VG\" class=\"_image_qp4xg_65 layout-component layout-normal\" data-fullscreen- data-track-element-type=\"Article image fullscreen\" data-track-name=\"ImageFullscreen\" decoding=\"async\" loading=\"lazy\" height=\"5504\" itemprop=\"image\"  src=\"https:\/\/www.europesays.com\/no\/wp-content\/uploads\/2025\/09\/8e94a0c2-e970-4f14-aade-dd52a10aba50\"  style=\"object-position:0% 0%\" width=\"8256\"\/>Sp-leder Trygve Slagsvold Vedum p\u00e5 vei til partilederdebtt p\u00e5 Stortinget natt til tirsdag.   Foto: Helge Mikalsen \/ VG<\/p>\n<p class=\"_paragraph_ew2ao_4 _paragraph_xtcu6_10 layout-component text-serif-m layout-normal text-serif-m layout-padded\"><strong class=\"_strong_ew2ao_25\">\u2013 Hvor var det strategien slo feil for Sp?<\/strong><\/p>\n<p class=\"_paragraph_ew2ao_4 _paragraph_xtcu6_10 layout-component text-serif-m layout-normal text-serif-m layout-padded\">\u2013 Partiledelsen har fors\u00f8mt utvikling av ny politikk, i alle fall i fire \u00e5r. De har ikke f\u00e5tt fram saker som har vakt allmenn begeistring hos folk flest. Senterpartiet m\u00e5 gjenreise seg i rollen som det gr\u00f8nne alternativet i norsk politikk, svarer han.  <\/p>\n<p class=\"_paragraph_ew2ao_4 _paragraph_xtcu6_10 layout-component text-serif-m layout-normal layout-padded\"><strong class=\"_strong_ew2ao_25\">Les ogs\u00e5:<\/strong> <a href=\"https:\/\/www.vg.no\/i\/wgaR04\" data-track-element-type=\"Link\" data-track-id=\"link:wgaR04\" class=\"_link_ew2ao_39\" rel=\"nofollow noopener\" target=\"_blank\">Kommentar: Svakt Sp f\u00e5r mye makt <\/a><\/p>\n<p>Pollestad: Ikke godt nok <\/p>\n<p class=\"_paragraph_ew2ao_4 _paragraph_xtcu6_10 layout-component text-serif-m layout-normal text-serif-m layout-padded\">VG har forelagt Lundteigens uttalelser for Trygve Slagsvold Vedum og Geir Pollestad.<\/p>\n<p class=\"_paragraph_ew2ao_4 _paragraph_xtcu6_10 layout-component text-serif-m layout-normal text-serif-m layout-padded\">\u2013 Vi er enige i at valget ikke ble godt nok. Det har Trygve sagt selv. Vi gjorde to av de beste stortingsvalgene i Senterpartiets historie i 2017 og 2021. Den politiske kursen og sakene har blitt l\u00f8pende dr\u00f8ftet i stortingsgruppa, skriver Pollestad i en SMS til VG. <\/p>\n<p><img decoding=\"async\" alt=\"Bilde av Geir Pollestad \" class=\"_image_ygndg_42\" height=\"30\" itemprop=\"image\" loading=\"lazy\"  src=\"https:\/\/www.europesays.com\/no\/wp-content\/uploads\/2025\/09\/e0b65034-57e1-4d4e-987b-04b0ed825969\"  width=\"40\"\/><strong class=\"_name_ygndg_51 title-serif-xs\">Geir Pollestad <\/strong><\/p>\n<p class=\"_paragraph_ew2ao_4 _paragraph_xtcu6_10 layout-component text-serif-m layout-normal text-serif-m layout-padded\">\u2013 N\u00e5 er vi i en vippeposisjon som gir oss makt p\u00e5 Stortinget. Den skal vi bruke for \u00e5 utvikle hele Norge. Med gode l\u00f8sninger og politiske gjennomslag for folk og n\u00e6ringsliv tror jeg at vi vil komme sterkere tilbake ved neste valg, legger han til. <\/p>\n","protected":false},"excerpt":{"rendered":"\u2013 Valgresultatet er en katastrofe for Senterpartiet, sier Per Olaf Lundteigen. Foto: Mattis Sandblad \/ VG Oppdatert onsdag&hellip;\n","protected":false},"author":2,"featured_media":31232,"comment_status":"","ping_status":"","sticky":false,"template":"","format":"standard","meta":{"footnotes":""},"categories":[10],"tags":[20,21,24,25,1829,15,22,23,13,30,28,29,14,16,1225,820,333,199,26,27,280,205],"class_list":{"0":"post-31231","1":"post","2":"type-post","3":"status-publish","4":"format-standard","5":"has-post-thumbnail","7":"category-norge","8":"tag-breaking-news","9":"tag-breakingnews","10":"tag-featured-news","11":"tag-featurednews","12":"tag-geir-pollestad","13":"tag-headlines","14":"tag-latest-news","15":"tag-latestnews","16":"tag-news","17":"tag-no","18":"tag-norge","19":"tag-norway","20":"tag-nyheter","21":"tag-overskrifter","22":"tag-per-olaf-lundteigen","23":"tag-senterpartiet-sp","24":"tag-stortinget","25":"tag-stortingsvalg","26":"tag-top-stories","27":"tag-topstories","28":"tag-trygve-slagsvold-vedum","29":"tag-vgsamfunn"},"share_on_mastodon":{"url":"","error":""},"_links":{"self":[{"href":"https:\/\/www.europesays.com\/no\/wp-json\/wp\/v2\/posts\/31231","targetHints":{"allow":["GET"]}}],"collection":[{"href":"https:\/\/www.europesays.com\/no\/wp-json\/wp\/v2\/posts"}],"about":[{"href":"https:\/\/www.europesays.com\/no\/wp-json\/wp\/v2\/types\/post"}],"author":[{"embeddable":true,"href":"https:\/\/www.europesays.com\/no\/wp-json\/wp\/v2\/users\/2"}],"replies":[{"embeddable":true,"href":"https:\/\/www.europesays.com\/no\/wp-json\/wp\/v2\/comments?post=31231"}],"version-history":[{"count":0,"href":"https:\/\/www.europesays.com\/no\/wp-json\/wp\/v2\/posts\/31231\/revisions"}],"wp:featuredmedia":[{"embeddable":true,"href":"https:\/\/www.europesays.com\/no\/wp-json\/wp\/v2\/media\/31232"}],"wp:attachment":[{"href":"https:\/\/www.europesays.com\/no\/wp-json\/wp\/v2\/media?parent=31231"}],"wp:term":[{"taxonomy":"category","embeddable":true,"href":"https:\/\/www.europesays.com\/no\/wp-json\/wp\/v2\/categories?post=31231"},{"taxonomy":"post_tag","embeddable":true,"href":"https:\/\/www.europesays.com\/no\/wp-json\/wp\/v2\/tags?post=31231"}],"curies":[{"name":"wp","href":"https:\/\/api.w.org\/{rel}","templated":true}]}}