{"id":312343,"date":"2026-08-04T15:46:16","date_gmt":"2026-08-04T15:46:16","guid":{"rendered":"https:\/\/www.europesays.com\/no\/312343\/"},"modified":"2026-08-04T15:46:16","modified_gmt":"2026-08-04T15:46:16","slug":"skien-odd-kvinner-na-har-de-solgt-en-av-de-beste-en-stor-mulighet-for-meg","status":"publish","type":"post","link":"https:\/\/www.europesays.com\/no\/312343\/","title":{"rendered":"Skien, Odd kvinner | N\u00e5 har de solgt en av de beste: \u2013 En stor mulighet for meg"},"content":{"rendered":"\n<p>\u2013 Dette er en stor mulighet for meg, og jeg ser fram til \u00e5 fortsette karrieren i en av Norges beste klubber. Samtidig er det vemodig \u00e5 forlate klubben jeg er s\u00e5 glad i, sier Aurbekkholen.<\/p>\n<p>20-\u00e5ringen, som ble k\u00e5ret til \u00e5rets spiller siste sesong, har v\u00e6rt ettertraktet fra en rekke klubber i flere land det siste \u00e5ret. Kontrakten med Odd g\u00e5r ut etter sesongen, og interessen har blitt intensivert gjennom sommeren. Odds daglige leder, Hans Kristian Lahus, bekrefter at de har avsl\u00e5tt flere bud p\u00e5 sin toppscorer, men at timingen n\u00e5 var riktig for \u00e5 la Aurbekkholen g\u00e5, skriver Odd i pressemeldingen.<\/p>\n<p>\u2013 Vi skulle aller helst beholdt Hannah i Odd, og var tydelige p\u00e5 at det var det vi \u00f8nsket. Samtidig har vi forst\u00e5else for at hun n\u00e5 \u00f8nsker \u00e5 fors\u00f8ke seg p\u00e5 et h\u00f8yere niv\u00e5. Og som med alle spillere p\u00e5 utg\u00e5ende kontrakter, s\u00e5 blir det til slutt en vurdering om en skal la spilleren g\u00e5 gratis, eller om en skal sikre en kompensasjon, forklarer Lahus, uten at han vil kommentere hva Odd sitter igjen med for sin juvel.<\/p>\n<p>Takker klubben<\/p>\n<p>Aurbekkholen gjennomf\u00f8rte medisinsk test i Aalesund i g\u00e5r, og slutter seg til sin nye klubb noks\u00e5 umiddelbart. Men aller f\u00f8rst skal hun hjemom og hente et flyttelass, og ikke minst ta farvel med lagvenninnene p\u00e5 Skagerak Arena.<\/p>\n<p>\u2013 \u00c5rene i Odd har betydd alt for meg og min utvikling, og jeg takker klubben og alle menneskene her for en helt fantastisk periode. Odd har v\u00e6rt som en familie, og jeg kommer til \u00e5 savne venninnene og det unike milj\u00f8et i garderoben. S\u00e5 er jeg ogs\u00e5 takknemlig for at Odd lar meg f\u00e5 muligheten til denne overgangen. Det f\u00f8les riktig for meg \u00e5 ta dette steget n\u00e5, forteller Aurbekkholen<\/p>\n<p>Aurbekkholen kom til Odd fra Hei f\u00f8r 2022-sesongen, og har spilt over 100 kamper for klubben. N\u00e5 bytter hun ut sort og hvitt med oransje og bl\u00e5tt, og g\u00e5r til en storklubb i norsk m\u00e5lestokk. Aalesund ligger p\u00e5 andreplass i Toppserien, og jakter serieleder Brann inn i h\u00f8stsesongen.<\/p>\n<p>\u2013 Hannah har skrevet seg med gullskrift inn i klubbens historie. Vi hadde ikke v\u00e6rt der vi er i dag uten henne. Vi takker for alle opplevelsene hun har gitt oss p\u00e5 Skagerak Arena, og \u00f8nsker henne lykke til i Aalesund, avslutter Lahus.<\/p>\n","protected":false},"excerpt":{"rendered":"\u2013 Dette er en stor mulighet for meg, og jeg ser fram til \u00e5 fortsette karrieren i en&hellip;\n","protected":false},"author":2,"featured_media":312344,"comment_status":"","ping_status":"","sticky":false,"template":"","format":"standard","meta":{"footnotes":"","_share_on_mastodon":"0"},"categories":[59],"tags":[36,30,28,29,25131,393,83,82,1510],"class_list":["post-312343","post","type-post","status-publish","format-standard","has-post-thumbnail","category-sport","tag-art","tag-no","tag-norge","tag-norway","tag-odd-kvinner","tag-skien","tag-sport","tag-sports","tag-story"],"share_on_mastodon":{"url":"https:\/\/pubeurope.com\/@no\/117038021716873970","error":""},"_links":{"self":[{"href":"https:\/\/www.europesays.com\/no\/wp-json\/wp\/v2\/posts\/312343","targetHints":{"allow":["GET"]}}],"collection":[{"href":"https:\/\/www.europesays.com\/no\/wp-json\/wp\/v2\/posts"}],"about":[{"href":"https:\/\/www.europesays.com\/no\/wp-json\/wp\/v2\/types\/post"}],"author":[{"embeddable":true,"href":"https:\/\/www.europesays.com\/no\/wp-json\/wp\/v2\/users\/2"}],"replies":[{"embeddable":true,"href":"https:\/\/www.europesays.com\/no\/wp-json\/wp\/v2\/comments?post=312343"}],"version-history":[{"count":0,"href":"https:\/\/www.europesays.com\/no\/wp-json\/wp\/v2\/posts\/312343\/revisions"}],"wp:featuredmedia":[{"embeddable":true,"href":"https:\/\/www.europesays.com\/no\/wp-json\/wp\/v2\/media\/312344"}],"wp:attachment":[{"href":"https:\/\/www.europesays.com\/no\/wp-json\/wp\/v2\/media?parent=312343"}],"wp:term":[{"taxonomy":"category","embeddable":true,"href":"https:\/\/www.europesays.com\/no\/wp-json\/wp\/v2\/categories?post=312343"},{"taxonomy":"post_tag","embeddable":true,"href":"https:\/\/www.europesays.com\/no\/wp-json\/wp\/v2\/tags?post=312343"}],"curies":[{"name":"wp","href":"https:\/\/api.w.org\/{rel}","templated":true}]}}