{"id":31242,"date":"2025-09-10T05:21:23","date_gmt":"2025-09-10T05:21:23","guid":{"rendered":"https:\/\/www.europesays.com\/no\/31242\/"},"modified":"2025-09-10T05:21:23","modified_gmt":"2025-09-10T05:21:23","slug":"dagens-horoskop-for-onsdag-10-september","status":"publish","type":"post","link":"https:\/\/www.europesays.com\/no\/31242\/","title":{"rendered":"Dagens horoskop for onsdag 10. september"},"content":{"rendered":"<p>Hver dag vil v\u00e5r astrolog Sol gi deg et innblikk i fremtiden. Er du nysgjerrig p\u00e5 kj\u00e6rlighet, jobb, \u00f8konomi, venner eller kanskje familie? La stjernetegnet ditt vise vei. Pssst, <a href=\"https:\/\/www.kk.no\/horoskop\" rel=\"nofollow noopener\" target=\"_blank\">her finner du v\u00e5rt ukeshoroskop<\/a>.<\/p>\n<p class=\"font-weight-bold m-font-weight-bold\" data-lab-font_weight=\"font-weight-bold\">Nedenfor finner du horoskopet for onsdag 10. september.\u00a0<\/p>\n<p>    KKs Astrolog<\/p>\n<ul>\n<li>Sol W. Jonassen (46).<\/li>\n<li>Utdannet Evolusjon\u00e6r Astrolog, Soulflow terapeut og meditasjonsinstrukt\u00f8r.<\/li>\n<li>Har jobbet internasjonalt med \u00e5 holde foredrag og undervise i 20 \u00e5r.<\/li>\n<\/ul>\n<p>      Vis mer<br \/>\n      Vis mindre<\/p>\n<p>V\u00c6REN\t<\/p>\n<p>F\u00f8dt: 21. mars\u201320. april<\/p>\n<p> N\u00e5r<br \/>\ndu tar et steg tilbake og virkelig kjenner etter, ser du tydelig hvor grensene<br \/>\ndine g\u00e5r \u2013 og du oppdager sannsynligvis at du t\u00e5ler mer enn du fryktet. Du er<br \/>\nen t\u00f8ff sjel, kj\u00e6re V\u00e6r. Selv om du kan bli b\u00e5de frustrert og ut\u00e5lmodig, skal<br \/>\ndet mye til for \u00e5 vippe deg av pinnen. I dag kan du f\u00e5 \u00f8ye p\u00e5 hvor dyktig du<br \/>\negentlig er til \u00e5 h\u00e5ndtere kriser, og det kan gi deg en ny trygghet \u00e5 se hvor<br \/>\nst\u00f8dig du st\u00e5r i en stressende hverdag. Husk \u00e5 gi deg selv et par gode<br \/>\nkomplimenter, og anerkjenn hvor sterk og kapabel du er \u2013 ogs\u00e5 p\u00e5 de dagene du<br \/>\nikke helt f\u00f8ler det s\u00e5nn. <\/p>\n<p>    <a itemprop=\"url\" href=\"https:\/\/www.kk.no\/helse\/dette-er-ikke-normalt-fikk-trude-hore-da-hun-fortalte-hvor-sliten-hun-var\/83044060\" rel=\"nofollow noopener\" target=\"_blank\"><\/p>\n<p>      <img loading=\"lazy\" decoding=\"async\" src=\"https:\/\/www.europesays.com\/no\/wp-content\/uploads\/2025\/09\/83067647.webp\" width=\"980\" height=\"441\" title=\"\u00abDette er ikke normalt\u00bb, fikk Trude h\u00f8re da hun fortalte hvor sliten hun var\" alt=\"\" class=\"lazyload\" style=\"--aspect-ratio-image: 2.22; \"\/><\/p>\n<p>        \u00abDette er ikke normalt\u00bb, fikk Trude h\u00f8re da hun fortalte hvor sliten hun var<\/p>\n<p>    <\/a><\/p>\n<p>TYREN\t<\/p>\n<p>F\u00f8dt: 21. april\u201321. mai<\/p>\n<p> Du<br \/>\nf\u00e5r et skikkelig motiverende spark bak i dag, og det kan komme i form av en<br \/>\nperson som vekker opp din gl\u00f8d og lidenskap p\u00e5 en m\u00e5te du ikke har kjent p\u00e5 \u00e5revis.<br \/>\nDagens kosmiske vind bl\u00e5ser sterkt og intenst, og mens M\u00e5nen seiler gjennom din<br \/>\nsektor for spiritualitet, kan du bli inspirert til \u00e5 gj\u00f8re noe du ikke ville<br \/>\nvurdert under normale omstendigheter. Dette er ikke en dag som alle andre og<br \/>\nnormale omstendigheter kan du se lenge etter, s\u00e5 n\u00e5 m\u00e5 du tenke utenfor boksen<br \/>\nog v\u00e6re \u00e5pen for at det utroligste kan skje. <\/p>\n<p>    <a itemprop=\"url\" href=\"https:\/\/www.kk.no\/mamma\/sjeldne-navn-pa-vei-ut\/73056548\" rel=\"nofollow noopener\" target=\"_blank\"><\/p>\n<p>      <img loading=\"lazy\" decoding=\"async\" src=\"https:\/\/www.europesays.com\/no\/wp-content\/uploads\/2025\/09\/1757481673_145_83523102.webp\" width=\"980\" height=\"441\" title=\"Sjeldne navn p\u00e5 vei ut\" alt=\"\" class=\"lazyload\" style=\"--aspect-ratio-image: 2.22; \"\/><\/p>\n<p>        Sjeldne navn p\u00e5 vei ut<\/p>\n<p>    <\/a><\/p>\n<p>TVILLINGENE\t<\/p>\n<p>F\u00f8dt: 22. mai\u201321. juni<\/p>\n<p> Noen<br \/>\nganger m\u00e5 du rett og slett bruke disiplin for \u00e5 kunne klare \u00e5 roe deg ned. Du<br \/>\nhar et aktivt indre og kan tenke s\u00e5 mye at det formelig knaker, men<br \/>\nnervesystemet ditt g\u00e5r noen ganger fortere enn lysets hastighet, og det kan gi<br \/>\ndeg en f\u00f8lelse av utmattelse. Det er ikke bare \u00e5 slutte \u00e5 tenke, det kan virke<br \/>\nn\u00e6rmest umulig \u00e5 f\u00e5 det til, men det du kan gj\u00f8re er \u00e5 ikke jakte etter svar<br \/>\neller insistere p\u00e5 kontroll. Du kan l\u00e6re deg selv \u00e5 bli mer mottagelig. Du kan<br \/>\nlukke \u00f8ynene og visualisere at du er helt \u00e5pen og at du blir servert det du<br \/>\ntrenger. <\/p>\n<p>    <a itemprop=\"url\" href=\"https:\/\/www.kk.no\/samliv\/tina-hadde-samboer-og-barn-sa-ble-hun-forelska-i-en-pa-jobben\/78292193\" rel=\"nofollow noopener\" target=\"_blank\"><\/p>\n<p>      <img loading=\"lazy\" decoding=\"async\" src=\"https:\/\/www.europesays.com\/no\/wp-content\/uploads\/2025\/09\/1757481675_881_78311135.webp\" width=\"980\" height=\"441\" title=\"\u00abTina\u00bb hadde samboer og barn. S\u00e5 ble hun forelska i en p\u00e5 jobben\" alt=\"\" class=\"lazyload\" style=\"--aspect-ratio-image: 2.22; \"\/><\/p>\n<p>        \u00abTina\u00bb hadde samboer og barn. S\u00e5 ble hun forelska i en p\u00e5 jobben<\/p>\n<p>    <\/a><\/p>\n<p>KREPSEN\t<\/p>\n<p>F\u00f8dt: 22. juni\u201322. juli<\/p>\n<p> Venus<br \/>\nsin ferd gjennom din sektor for selvverd har gitt selvtilliten din et l\u00f8ft. Er<br \/>\ndu singel, kan du ha m\u00f8tt en person som f\u00e5r deg til \u00e5 f\u00f8le deg levende og<br \/>\nvakker \u2013 kanskje til og med en gryende forelskelse. Uansett hva dere betyr for<br \/>\nhverandre, er du inspirert til \u00e5 utforske mer av dette spennende m\u00f8tet, og det<br \/>\nser ut til at dere begge har mye \u00e5 gi. Er du i et fast forhold, kan<br \/>\nforelskelsen ha blusset opp igjen, og alt du \u00f8nsker er \u00e5 v\u00e6re n\u00e6r den du<br \/>\nelsker. Tilbring dagen med de du virkelig bryr deg om. Et godt forhold vokser<br \/>\nut av innsats. <\/p>\n<p>    <a itemprop=\"url\" href=\"https:\/\/www.kk.no\/kultur\/disse-stjernetegnene-passer-best-sammen\/67984373\" rel=\"nofollow noopener\" target=\"_blank\"><\/p>\n<p>      <img loading=\"lazy\" decoding=\"async\" src=\"https:\/\/www.europesays.com\/no\/wp-content\/uploads\/2025\/09\/1757481676_162_67984383.webp\" width=\"980\" height=\"441\" title=\"Disse stjernetegnene passer best sammen\" alt=\"\" class=\"lazyload\" style=\"--aspect-ratio-image: 2.22; \"\/><\/p>\n<p>        Disse stjernetegnene passer best sammen<\/p>\n<p>    <\/a><\/p>\n<p>L\u00d8VEN\t<\/p>\n<p>F\u00f8dt: 23. juli\u201323. august<\/p>\n<p> Du<br \/>\nhar en beundringsverdig kapasitet til \u00e5 komme deg p\u00e5 beina igjen, og det skal<br \/>\nmye til for \u00e5 knekke spiriten din, men ogs\u00e5 du har en grense, og selv om folk<br \/>\nikke n\u00f8dvendigvis ser det p\u00e5 deg, kan du ha dager hvor du ikke ser poenget med<br \/>\nnoe som helst. Tappet for mening, er livet ogs\u00e5 ranet for vilje og kraft, og da<br \/>\nhar du et problem, for du er helt avhengig av den form for motivasjon for \u00e5<br \/>\nklare \u00e5 ta unna det livet serverer. Om du sliter med \u00e5 se poenget akkurat for<br \/>\n\u00f8yeblikket, fors\u00f8k \u00e5 ikke g\u00e5 s\u00e5 h\u00f8yt opp i det. I morgen kan alt v\u00e6re<br \/>\nannerledes. <\/p>\n<p>    <a itemprop=\"url\" href=\"https:\/\/www.kk.no\/underholdning\/hvis-du-vil-ha-snille-barn-ma-du-lage-dette-til-dem\/83537143\" rel=\"nofollow noopener\" target=\"_blank\"><\/p>\n<p>      <img loading=\"lazy\" decoding=\"async\" src=\"https:\/\/www.europesays.com\/no\/wp-content\/uploads\/2025\/09\/1757481677_626_83537191.webp\" width=\"980\" height=\"441\" title=\"- Hvis du vil ha snille barn, m\u00e5 du lage dette til dem\" alt=\"\" class=\"lazyload\" style=\"--aspect-ratio-image: 2.22; \"\/><\/p>\n<p>        &#8211; Hvis du vil ha snille barn, m\u00e5 du lage dette til dem<\/p>\n<p>    <\/a><\/p>\n<p>JOMFRUEN\t<\/p>\n<p>F\u00f8dt: 24. august\u201323. september<\/p>\n<p> M\u00e5nen<br \/>\nseiler gjennom et intenst territorium og f\u00f8r du vet ordet av det, kan du ha<br \/>\noverreagert p\u00e5 en filleting, skapt noe stort ut av noe som var lite eller p\u00e5<br \/>\nandre m\u00e5ter overdrevet. F\u00f8r du blir misforn\u00f8yd ikke bare med verden generelt,<br \/>\nmen ogs\u00e5 med deg selv, kan det v\u00e6re en lur ide \u00e5 unders\u00f8ke hva det er som r\u00f8rer<br \/>\nseg i f\u00f8lelsene dine. Sto du opp p\u00e5 feil fot og egentlig dr\u00f8mmer om \u00e5 reise p\u00e5<br \/>\nferie fra alt? Har du gjort alt for mye av noe i det siste og ikke f\u00e5tt tid til<br \/>\n\u00e5 pleie dine egne interesser? Er det noe som plager deg, finn ut av hva det er<br \/>\nf\u00f8r du kommer ut av balanse. <\/p>\n<p>    <a itemprop=\"url\" href=\"https:\/\/www.kk.no\/livet\/livredd\/83538957\" rel=\"nofollow noopener\" target=\"_blank\"><\/p>\n<p>      <img loading=\"lazy\" decoding=\"async\" src=\"https:\/\/www.europesays.com\/no\/wp-content\/uploads\/2025\/09\/83539054.webp\" width=\"980\" height=\"441\" title=\"- Tror det blir ganske annerledes\" alt=\"\" class=\"lazyload\" style=\"--aspect-ratio-image: 2.22; \"\/><\/p>\n<p>        &#8211; Tror det blir ganske annerledes<\/p>\n<p>    <\/a><\/p>\n<p>VEKTEN\t<\/p>\n<p>F\u00f8dt: 24. september\u201323. oktober<\/p>\n<p> Du<br \/>\ner en person som virkelig setter pris p\u00e5 de folkene du har i livet ditt, og<br \/>\nforhold, enten det er vennskap, familie eller kj\u00e6reste, er utrolig viktige for<br \/>\ndeg. Du trenger \u00e5 f\u00f8le tilh\u00f8righet til folk rundt deg, og de du har brukt mye<br \/>\ntid sammen med, trenger du \u00e5 ha skikkelig kvalitetstid sammen med for \u00e5 f\u00f8le<br \/>\ndeg n\u00e6ret og hel. Dagens kosmos kan bringe deg sammen med noen av de du ikke<br \/>\nser s\u00e5 ofte, og det bringer et hjertevarmt drag over dagen. Gode minner, latter<br \/>\nog glede vil minne deg p\u00e5 hvorfor du elsker akkurat disse menneskene. N\u00e5 skaper<br \/>\ndu nye fine minner. <\/p>\n<p>    <a itemprop=\"url\" href=\"https:\/\/www.kk.no\/livet\/jeg-har-blitt-fortalt-at-jeg-ma-forberede-meg-pa-a-ta-farvel\/83316604\" rel=\"nofollow noopener\" target=\"_blank\"><\/p>\n<p>      <img loading=\"lazy\" decoding=\"async\" src=\"https:\/\/www.europesays.com\/no\/wp-content\/uploads\/2025\/09\/1757481679_592_83316655.webp\" width=\"980\" height=\"441\" title=\"- Jeg har blitt fortalt at jeg m\u00e5 forberede meg p\u00e5 \u00e5 ta farvel\" alt=\"\" class=\"lazyload\" style=\"--aspect-ratio-image: 2.22; \"\/><\/p>\n<p>        &#8211; Jeg har blitt fortalt at jeg m\u00e5 forberede meg p\u00e5 \u00e5 ta farvel<\/p>\n<p>    <\/a><\/p>\n<p>SKORPIONEN\t<\/p>\n<p>F\u00f8dt: 24. oktober\u201322. november<\/p>\n<p> Du<br \/>\ntrives veldig godt n\u00e5r du f\u00f8ler p\u00e5 en dyp tilh\u00f8righet til de folkene du er<br \/>\nomgitt av, enten det er jobb eller privat. Du kan slappe skikkelig av n\u00e5r du er<br \/>\nomgitt av de som kjenner deg godt, og for deg betyr de intime relasjonene mer<br \/>\nenn alt annet p\u00e5 jord. Du bryr deg selvsagt om resten av verden, men din<br \/>\ninnerste sirkel m\u00e5 fungere skal du ha det godt. Og dagens kosmos viser deg at<br \/>\ndu er omgitt av en masse fabelaktige mennesker som du l\u00e6rer mye av og som<br \/>\nsetter pris p\u00e5 deg tilbake. En god venn er verdt sin vekt i gull. <\/p>\n<p>    <a itemprop=\"url\" href=\"https:\/\/www.kk.no\/mote\/nok-en-gang-rekordhoye-priser-for-dette\/83331041\" rel=\"nofollow noopener\" target=\"_blank\"><\/p>\n<p>      <img loading=\"lazy\" decoding=\"async\" src=\"https:\/\/www.europesays.com\/no\/wp-content\/uploads\/2025\/09\/83334559.webp\" width=\"980\" height=\"441\" title=\"Nok en gang rekordh\u00f8ye priser for dette\" alt=\"\" class=\"lazyload\" style=\"--aspect-ratio-image: 2.22; \"\/><\/p>\n<p>        Nok en gang rekordh\u00f8ye priser for dette<\/p>\n<p>    <\/a><\/p>\n<p>SKYTTEN<\/p>\n<p>F\u00f8dt: 23. november\u201321. desember<\/p>\n<p> Du<br \/>\ner god p\u00e5 \u00e5 overdrive, s\u00e5 moderasjon er noe du stadig l\u00e6rer noe nytt om. Det er<br \/>\nikke lett \u00e5 finne den perfekte balansen n\u00e5r det er s\u00e5 mye du har lyst til \u00e5 bli<br \/>\nmed p\u00e5, og siden du p\u00e5 toppen av det hele er spontan nok til \u00e5 rydde kalenderen<br \/>\nn\u00e5r det dukker opp noe g\u00f8y, kan du n\u00e5 oppleve at du er p\u00e5 etterskudd og at kaos<br \/>\nog rot er resultatet. M\u00e5nen seiler gjennom din sektor for kreativitet, s\u00e5 du er<br \/>\ninnstilt til \u00e5 ta i et tak og f\u00e5 gjort noe med situasjonen. Fors\u00f8k \u00e5 komme deg<br \/>\ntidligere i seng, om du s\u00e5 m\u00e5 ofre \u00e5 se den siste episoden av den g\u00f8ye serien<br \/>\ndu ser p\u00e5. <\/p>\n<p>    <a itemprop=\"url\" href=\"https:\/\/www.kk.no\/samliv\/fem-menn-forteller-oyeblikket-jeg-visste-jeg-matte-ga\/77550872\" rel=\"nofollow noopener\" target=\"_blank\"><\/p>\n<p>      <img loading=\"lazy\" decoding=\"async\" src=\"https:\/\/www.europesays.com\/no\/wp-content\/uploads\/2025\/09\/78218721.webp\" width=\"980\" height=\"441\" title=\"Fem menn forteller: \u00d8yeblikket jeg visste jeg m\u00e5tte g\u00e5\" alt=\"\" class=\"lazyload\" style=\"--aspect-ratio-image: 2.22; \"\/><\/p>\n<p>        Fem menn forteller: \u00d8yeblikket jeg visste jeg m\u00e5tte g\u00e5<\/p>\n<p>    <\/a><\/p>\n<p>STEINBUKKEN<\/p>\n<p>F\u00f8dt: 22. desember\u201320. januar<\/p>\n<p> Det<br \/>\ner ikke lett \u00e5 se p\u00e5 deg n\u00e5r du er skuffet, blir s\u00e5ret eller er lei deg. Du har<br \/>\ns\u00e5 lett for \u00e5 holde ditt indre liv skikkelig privat, og det skal v\u00e6re et veldig<br \/>\ntrent \u00f8ye som n\u00e5 klarer \u00e5 se at du hadde trengt en klem, en varm kopp med kakao<br \/>\neller l\u00f8ftet noen av dine mange byrder fra dine skuldre. Det er noe som har<br \/>\nn\u00e5dd helt inn i roten p\u00e5 hjertet ditt, og hva enn det er s\u00e5 har du godt av \u00e5 ta<br \/>\ndet p\u00e5 alvor. Det kan v\u00e6re du f\u00f8ler at du ikke blir tatt seri\u00f8st, og at uansett<br \/>\nhvor mange ganger du sier fra om noe, s\u00e5 g\u00e5r det ikke inn. Og da er det godt \u00e5<br \/>\nf\u00e5 en klem fra en som ser og forst\u00e5r deg. <\/p>\n<p>VANNMANNEN<\/p>\n<p>F\u00f8dt: 21. januar\u201318. februar<\/p>\n<p> Du<br \/>\nhar det i deg \u00e5 snakke rett fra leveren, og du tar deg ikke alltid bryet med \u00e5<br \/>\nbruke for mange ord. Du g\u00e5r heller rett til saken, og mens du glemmer ut<br \/>\nalskens h\u00f8fligheter, kan du bryte noen sosiale normer du egentlig syns er helt<br \/>\nmeningsl\u00f8se. Hvorfor ta s\u00e5 enormt mye hensyn til folk som ikke t\u00e5ler sannheten?<br \/>\nSkal alt pakkes inn i sukker f\u00f8r det kan svelges? Det er gode poeng, men da m\u00e5<br \/>\ndu ogs\u00e5 t\u00e5le at visse mennesker ikke alltid syns du er like taktfull. Du f\u00e5r i<br \/>\nhvert fall poenget ditt gjennom, og det var jo poenget i utgangspunktet. <\/p>\n<p>    <a itemprop=\"url\" href=\"https:\/\/www.kk.no\/helse\/helle-ble-kvitt-plantar-fascitt-pa-noen-fa-dager-helt-smertefri\/83536481\" rel=\"nofollow noopener\" target=\"_blank\"><\/p>\n<p>      <img loading=\"lazy\" decoding=\"async\" src=\"https:\/\/www.europesays.com\/no\/wp-content\/uploads\/2025\/09\/83472155.webp\" width=\"980\" height=\"441\" title=\"Plantar fascitt: Smertefri rekordraskt\" alt=\"\" class=\"lazyload\" style=\"--aspect-ratio-image: 2.22; \"\/><\/p>\n<p>        Plantar fascitt: Smertefri rekordraskt<\/p>\n<p>    <\/a><\/p>\n<p>FISKENE<\/p>\n<p>F\u00f8dt: 19. februar\u201320. mars<\/p>\n<p> Du<br \/>\nkan ikke ta alt p\u00e5 dine skuldre, og du burde selvsagt ikke v\u00e6re den som<br \/>\nkompenserer n\u00e5r andre ikke leverer, men det ligger i din natur \u00e5 gi det lille<br \/>\nekstra og du syns kanskje det er bedre at du g\u00e5r en ekstra mil enn at de det<br \/>\ngjelder f\u00e5r smake p\u00e5 konsekvensene av sin litt slappe holdning. Men, selv om<br \/>\ndet er f\u00e6lt \u00e5 se folk du er glad i f\u00e5 kjenne p\u00e5 konsekvensene av sine egne<br \/>\nhandlinger, er det ofte eneste veien til \u00e5 l\u00e6re. Du liker ikke n\u00e5r andre har<br \/>\ndet vondt, men du kan ikke ta ansvaret de ikke tar av den grunn. <\/p>\n<p>    <a itemprop=\"url\" href=\"https:\/\/www.kk.no\/kultur\/denne-treningen-passer-for-deg\/67987682\" rel=\"nofollow noopener\" target=\"_blank\"><\/p>\n<p>      <img loading=\"lazy\" decoding=\"async\" src=\"https:\/\/www.europesays.com\/no\/wp-content\/uploads\/2025\/09\/1757481683_312_67987690.webp\" width=\"980\" height=\"441\" title=\"Denne treningen passer for deg\" alt=\"\" class=\"lazyload\" style=\"--aspect-ratio-image: 2.22; \"\/><\/p>\n<p>        Denne treningen passer for deg<\/p>\n<p>    <\/a><\/p>\n","protected":false},"excerpt":{"rendered":"Hver dag vil v\u00e5r astrolog Sol gi deg et innblikk i fremtiden. Er du nysgjerrig p\u00e5 kj\u00e6rlighet, jobb,&hellip;\n","protected":false},"author":2,"featured_media":2150,"comment_status":"","ping_status":"","sticky":false,"template":"","format":"standard","meta":{"footnotes":""},"categories":[58],"tags":[4065,4064,71,4063,30,28,29,4066,72],"class_list":{"0":"post-31242","1":"post","2":"type-post","3":"status-publish","4":"format-standard","5":"has-post-thumbnail","7":"category-underholdning","8":"tag-astrologi","9":"tag-dagens_horoskop","10":"tag-entertainment","11":"tag-horoskop","12":"tag-no","13":"tag-norge","14":"tag-norway","15":"tag-stjernetegn","16":"tag-underholdning"},"share_on_mastodon":{"url":"","error":""},"_links":{"self":[{"href":"https:\/\/www.europesays.com\/no\/wp-json\/wp\/v2\/posts\/31242","targetHints":{"allow":["GET"]}}],"collection":[{"href":"https:\/\/www.europesays.com\/no\/wp-json\/wp\/v2\/posts"}],"about":[{"href":"https:\/\/www.europesays.com\/no\/wp-json\/wp\/v2\/types\/post"}],"author":[{"embeddable":true,"href":"https:\/\/www.europesays.com\/no\/wp-json\/wp\/v2\/users\/2"}],"replies":[{"embeddable":true,"href":"https:\/\/www.europesays.com\/no\/wp-json\/wp\/v2\/comments?post=31242"}],"version-history":[{"count":0,"href":"https:\/\/www.europesays.com\/no\/wp-json\/wp\/v2\/posts\/31242\/revisions"}],"wp:featuredmedia":[{"embeddable":true,"href":"https:\/\/www.europesays.com\/no\/wp-json\/wp\/v2\/media\/2150"}],"wp:attachment":[{"href":"https:\/\/www.europesays.com\/no\/wp-json\/wp\/v2\/media?parent=31242"}],"wp:term":[{"taxonomy":"category","embeddable":true,"href":"https:\/\/www.europesays.com\/no\/wp-json\/wp\/v2\/categories?post=31242"},{"taxonomy":"post_tag","embeddable":true,"href":"https:\/\/www.europesays.com\/no\/wp-json\/wp\/v2\/tags?post=31242"}],"curies":[{"name":"wp","href":"https:\/\/api.w.org\/{rel}","templated":true}]}}