{"id":31253,"date":"2025-09-10T05:36:22","date_gmt":"2025-09-10T05:36:22","guid":{"rendered":"https:\/\/www.europesays.com\/no\/31253\/"},"modified":"2025-09-10T05:36:22","modified_gmt":"2025-09-10T05:36:22","slug":"sabrina-carpenter-rett-inn-pa-forsteplass-bare-ikke-i-norge-2","status":"publish","type":"post","link":"https:\/\/www.europesays.com\/no\/31253\/","title":{"rendered":"Sabrina Carpenter rett inn p\u00e5 f\u00f8rsteplass \u2013 bare ikke i Norge"},"content":{"rendered":"<p>Det er karrierens andre f\u00f8rsteplassdebut for 26-\u00e5ringen p\u00e5 hjemmebane i USA, som oppn\u00e5dde det samme med 2024-utgivelsen \u00abShort n&#8217; Sweet\u00bb.<\/p>\n<p>\u00abMan&#8217;s Best Friend\u00bb solgte 366.000 albumenheter i USA i sin f\u00f8rste uke, av det er 244.000 tradisjonelt albumsalg. Det gj\u00f8r albumet til det mestselgende i \u00e5r av en kvinnelig artist \u2013 og det tredje mestselgende totalt, if\u00f8lge <a href=\"https:\/\/www.billboard.com\/music\/chart-beat\/sabrina-carpenter-mans-best-friend-number-one-billboard-200-1236060936\/\" rel=\"noopener nofollow\" target=\"_blank\">Billboard<\/a>.<\/p>\n<p><a href=\"https:\/\/trdby.adressa.no\/underholdning\/i\/gwbkd5\/det-historiske-laget-kommer-til-trondheim\" rel=\"nofollow noopener\" target=\"_blank\"> <img decoding=\"async\" src=\"data:image\/gif;base64,R0lGODlhEAAJAIAAAP\/\/\/wAAACH5BAEAAAAALAAAAAAQAAkAAAIKhI+py+0Po5yUFQA7\" alt=\"\"\/>   Det historiske laget kommer til Trondheim  <\/a> <\/p>\n<p>Det satte ogs\u00e5 ny rekord som det mest str\u00f8mmede albumet av en kvinnelig artist i 2025.<\/p>\n<p>Sabrina Carpenter topper ogs\u00e5 den britiske <a href=\"https:\/\/www.officialcharts.com\/charts\/albums-chart\/\" rel=\"noopener nofollow\" target=\"_blank\">Official Album Charts<\/a> -listen for innev\u00e6rende uke. Men p\u00e5 den norske <a href=\"https:\/\/topplista.no\/charts\/albums\/\" rel=\"noopener nofollow\" target=\"_blank\">Topplista<\/a> ble \u00abMan&#8217;s Best Friend\u00bb bare nummer fire i sin f\u00f8rste uke \u2013 der topper fremdeles den norskspr\u00e5klige countrykometen Tobias Sten, med Ari Bajgora like under.<\/p>\n<p><img decoding=\"async\" src=\"data:image\/gif;base64,R0lGODlhEAAJAIAAAP\/\/\/wAAACH5BAEAAAAALAAAAAAQAAkAAAIKhI+py+0Po5yUFQA7\" alt=\"\"\/><br \/>\n  Tobias Stens selvtitulerte album har v\u00e6rt p\u00e5 topp i seks uker.<br \/>\n  <strong>Foto:<\/strong> Marius S\u00f8rgjerd \/ Universal \/ Handout \/ NTB<\/p>\n<p>Da MTV Video Music Awards gikk av stabelen s\u00f8ndag, tok Sabrina Carpenter med seg tre priser hjem: For beste album med fjor\u00e5rets \u00abShort n&#8217; Sweet\u00bb, som \u00c5rets popartist, og for de visuelle effektene til \u00abManchild\u00bb-musikkvideoen.<\/p>\n<p><a href=\"https:\/\/trdby.adressa.no\/aktuelt\/i\/jQ469o\/kvinne-erkjenner-seg-skyldig-i-ha-forsynt-matthew-perry-med-ketamin\" rel=\"nofollow noopener\" target=\"_blank\"> <img decoding=\"async\" src=\"data:image\/gif;base64,R0lGODlhEAAJAIAAAP\/\/\/wAAACH5BAEAAAAALAAAAAAQAAkAAAIKhI+py+0Po5yUFQA7\" alt=\"\"\/>   Kvinne erkjenner seg skyldig i ha forsynt Matthew Perry med ketamin  <\/a> <\/p>\n","protected":false},"excerpt":{"rendered":"Det er karrierens andre f\u00f8rsteplassdebut for 26-\u00e5ringen p\u00e5 hjemmebane i USA, som oppn\u00e5dde det samme med 2024-utgivelsen \u00abShort&hellip;\n","protected":false},"author":2,"featured_media":31254,"comment_status":"","ping_status":"","sticky":false,"template":"","format":"standard","meta":{"footnotes":""},"categories":[58],"tags":[2014,2607,71,30,28,29,3943,1364,72],"class_list":{"0":"post-31253","1":"post","2":"type-post","3":"status-publish","4":"format-standard","5":"has-post-thumbnail","7":"category-underholdning","8":"tag-ari-bajgora","9":"tag-billboard","10":"tag-entertainment","11":"tag-no","12":"tag-norge","13":"tag-norway","14":"tag-sabrina-carpenter","15":"tag-tobias-sten","16":"tag-underholdning"},"share_on_mastodon":{"url":"","error":""},"_links":{"self":[{"href":"https:\/\/www.europesays.com\/no\/wp-json\/wp\/v2\/posts\/31253","targetHints":{"allow":["GET"]}}],"collection":[{"href":"https:\/\/www.europesays.com\/no\/wp-json\/wp\/v2\/posts"}],"about":[{"href":"https:\/\/www.europesays.com\/no\/wp-json\/wp\/v2\/types\/post"}],"author":[{"embeddable":true,"href":"https:\/\/www.europesays.com\/no\/wp-json\/wp\/v2\/users\/2"}],"replies":[{"embeddable":true,"href":"https:\/\/www.europesays.com\/no\/wp-json\/wp\/v2\/comments?post=31253"}],"version-history":[{"count":0,"href":"https:\/\/www.europesays.com\/no\/wp-json\/wp\/v2\/posts\/31253\/revisions"}],"wp:featuredmedia":[{"embeddable":true,"href":"https:\/\/www.europesays.com\/no\/wp-json\/wp\/v2\/media\/31254"}],"wp:attachment":[{"href":"https:\/\/www.europesays.com\/no\/wp-json\/wp\/v2\/media?parent=31253"}],"wp:term":[{"taxonomy":"category","embeddable":true,"href":"https:\/\/www.europesays.com\/no\/wp-json\/wp\/v2\/categories?post=31253"},{"taxonomy":"post_tag","embeddable":true,"href":"https:\/\/www.europesays.com\/no\/wp-json\/wp\/v2\/tags?post=31253"}],"curies":[{"name":"wp","href":"https:\/\/api.w.org\/{rel}","templated":true}]}}