{"id":31267,"date":"2025-09-10T05:55:07","date_gmt":"2025-09-10T05:55:07","guid":{"rendered":"https:\/\/www.europesays.com\/no\/31267\/"},"modified":"2025-09-10T05:55:07","modified_gmt":"2025-09-10T05:55:07","slug":"polen-skjot-ned-droner-som-krenket-luftrommet","status":"publish","type":"post","link":"https:\/\/www.europesays.com\/no\/31267\/","title":{"rendered":"Polen skj\u00f8t ned droner som krenket luftrommet"},"content":{"rendered":"<p>\u2013 Under dagens russiske angrep mot m\u00e5l i Ukraina ble v\u00e5rt luftrom krenket av droner gjentatte ganger. P\u00e5 oppdrag for forsvarets operative leder ble det brukt v\u00e5pen, og det p\u00e5g\u00e5r operasjoner for \u00e5 finne det som ble skutt ned, skriver det polske forsvaret p\u00e5 X.<\/p>\n<p>Onsdag morgen har Polens statsminister Donald Tusk kalt inn regjeringen til et hastem\u00f8te.<\/p>\n<p>Ukraina varslet<\/p>\n<p>Det ukrainske luftforsvaret advarte sent tirsdag kveld om mange fiendtlige droner over sentrale og nord\u00f8stlige deler av landet. Like f\u00f8r midnatt kunne man h\u00f8re luftvernartilleri i hovedstaden Kyiv.<\/p>\n<p>Det ble ogs\u00e5 meldt at noen droner hadde kommet inn i luftrommet over vestlige deler av Ukraina, p\u00e5 vei mot byen Lutsk. Litt over midnatt varslet luftforsvaret at dronene var kommet over i polsk luftrom.<\/p>\n<p>\u2013 Droner i Polen, p\u00e5 vei vestover mot byen Zamosc, skriver de p\u00e5 Telegram.<\/p>\n<p>Milit\u00e6rfly<\/p>\n<p>Kort tid etterp\u00e5 opplyste det polske forsvaret at de sendte milit\u00e6rfly p\u00e5 vingene for \u00e5 sikre landets luftrom.<\/p>\n<p>\u2013 Det p\u00e5g\u00e5r en operasjon knyttet til de gjentatte krenkelsene av polsk luftrom, sa Tusk natt til onsdag.<\/p>\n<p>Viseforsvarsminister Cezary Tomczyk sier president Karol Nawrocki ogs\u00e5 er orientert om milit\u00e6raksjonen, og at alle forsvarsgrenene er i beredskap. Det polske forsvaret ber folk holde seg innend\u00f8rs.<\/p>\n<p>I l\u00f8pet av natten kom det ogs\u00e5 meldinger fra det amerikanske luftfartstilsynet FAA om at flere polske flyplasser, inkludert Warszawas hovedflyplass, var stengt grunnet \u00abikke planlagt milit\u00e6r aktivitet knyttet til \u00e5 ivareta rikets sikkerhet\u00bb.<\/p>\n<p>\u2013 Uakseptabelt<\/p>\n<p>\u2013 Nattens grensekrenkelser av polsk luftrom er fullstendig uakseptabelt og en sv\u00e6rt alvorlig hendelse, sier utenriksminister Espen Barth Eide (Ap).<\/p>\n<p>\u2013 Jeg er glad for at statsminister Tusk og polske myndigheter er i n\u00e6r kontakt med Nato om det som har skjedd. Vi vil f\u00e5 flere detaljer i l\u00f8pet av morgentimene, fortsetter han.<\/p>\n<p>Eide sier ogs\u00e5 han er i kontakt med sin polske motpart Radek Sikorski samt utenriksministrene i Norden og Baltikum.<\/p>\n<p>\u2013 Den russiske angrepskrigen i Ukraina undergraver stabiliteten i Europa og setter v\u00e5r felles sikkerhet i fare. Norge gir v\u00e5r fulle st\u00f8tte til v\u00e5r allierte Polen i denne alvorlige situasjonen, sier Eide.<\/p>\n","protected":false},"excerpt":{"rendered":"\u2013 Under dagens russiske angrep mot m\u00e5l i Ukraina ble v\u00e5rt luftrom krenket av droner gjentatte ganger. P\u00e5&hellip;\n","protected":false},"author":2,"featured_media":31268,"comment_status":"","ping_status":"","sticky":false,"template":"","format":"standard","meta":{"footnotes":""},"categories":[5],"tags":[20,21,1014,24,25,15,19,22,23,17,18,13,30,28,29,14,16,3603,26,27],"class_list":{"0":"post-31267","1":"post","2":"type-post","3":"status-publish","4":"format-standard","5":"has-post-thumbnail","7":"category-overskrifter","8":"tag-breaking-news","9":"tag-breakingnews","10":"tag-droner","11":"tag-featured-news","12":"tag-featurednews","13":"tag-headlines","14":"tag-hovedoppslag","15":"tag-latest-news","16":"tag-latestnews","17":"tag-main-news","18":"tag-mainnews","19":"tag-news","20":"tag-no","21":"tag-norge","22":"tag-norway","23":"tag-nyheter","24":"tag-overskrifter","25":"tag-polen","26":"tag-top-stories","27":"tag-topstories"},"share_on_mastodon":{"url":"","error":""},"_links":{"self":[{"href":"https:\/\/www.europesays.com\/no\/wp-json\/wp\/v2\/posts\/31267","targetHints":{"allow":["GET"]}}],"collection":[{"href":"https:\/\/www.europesays.com\/no\/wp-json\/wp\/v2\/posts"}],"about":[{"href":"https:\/\/www.europesays.com\/no\/wp-json\/wp\/v2\/types\/post"}],"author":[{"embeddable":true,"href":"https:\/\/www.europesays.com\/no\/wp-json\/wp\/v2\/users\/2"}],"replies":[{"embeddable":true,"href":"https:\/\/www.europesays.com\/no\/wp-json\/wp\/v2\/comments?post=31267"}],"version-history":[{"count":0,"href":"https:\/\/www.europesays.com\/no\/wp-json\/wp\/v2\/posts\/31267\/revisions"}],"wp:featuredmedia":[{"embeddable":true,"href":"https:\/\/www.europesays.com\/no\/wp-json\/wp\/v2\/media\/31268"}],"wp:attachment":[{"href":"https:\/\/www.europesays.com\/no\/wp-json\/wp\/v2\/media?parent=31267"}],"wp:term":[{"taxonomy":"category","embeddable":true,"href":"https:\/\/www.europesays.com\/no\/wp-json\/wp\/v2\/categories?post=31267"},{"taxonomy":"post_tag","embeddable":true,"href":"https:\/\/www.europesays.com\/no\/wp-json\/wp\/v2\/tags?post=31267"}],"curies":[{"name":"wp","href":"https:\/\/api.w.org\/{rel}","templated":true}]}}