{"id":31281,"date":"2025-09-10T06:12:08","date_gmt":"2025-09-10T06:12:08","guid":{"rendered":"https:\/\/www.europesays.com\/no\/31281\/"},"modified":"2025-09-10T06:12:08","modified_gmt":"2025-09-10T06:12:08","slug":"jennifer-aniston-og-jim-curtis-bekrefter-de-forholdet-her","status":"publish","type":"post","link":"https:\/\/www.europesays.com\/no\/31281\/","title":{"rendered":"Jennifer Aniston og Jim Curtis: Bekrefter de forholdet her?"},"content":{"rendered":"<p class=\"kicker \" style=\"\">Jennifer Aniston:<\/p>\n<p>  Skuespilleren viser frem sin nye flamme i sosiale medier.\u00a0<\/p>\n<p>\n    NYTT PAR: Et nytt bilde av Jennifer Anistons sommerfl\u00f8rt vekker oppsikt. Foto: Joan Llado \/ GTres \/ SplashNews\/ NTB\n  <\/p>\n<p>Romanseryktene har den siste tiden svirret rundt Hollywood-stjernen\u00a0<a href=\"https:\/\/www.seher.no\/kjendis\/jennifer-i-het-omfavnelse\/83341173\" rel=\"nofollow noopener\" target=\"_blank\">Jennifer Aniston (56) og\u00a0hypnotis\u00f8ren Jim Curtis<\/a>. Det ferske paret har ved flere tilfeller blitt observert i lystig lag &#8211; senest under en ferietur p\u00e5 Mallorca. <\/p>\n<p>    <a itemprop=\"url\" href=\"https:\/\/www.seher.no\/kjendis\/slar-tilbake-etter-viral-video\/83566713\" rel=\"nofollow noopener\" target=\"_blank\"><\/p>\n<p>      <img loading=\"lazy\" decoding=\"async\" src=\"https:\/\/www.europesays.com\/no\/wp-content\/uploads\/2025\/09\/83567476.webp\" width=\"147\" height=\"98\" title=\"Sl\u00e5r tilbake etter viral video\" alt=\"\" class=\"lazyload\" style=\"--aspect-ratio-image: 1.50; \"\/><\/p>\n<p>        Sl\u00e5r tilbake etter viral video<\/p>\n<p>    <\/a><\/p>\n<p>N\u00e5 har hun endelig vist ham frem i sosiale medier, noe hun gj\u00f8r i et Instagram-innlegg delt med sine 44 millioner f\u00f8lgere.<\/p>\n<p>\u00abTakk, sommer\u00bb, skriver hun til bildekarusellen som viser blinkskudd fra sommerens eventyr.<\/p>\n<p>Blant bildene ser man Jim som nyter en vakker solnedgang. Den mystiske flammen er en profesjonell life coach, og det er hittil ikke avsl\u00f8rt hvordan de m\u00f8ttes eller hvor lenge de to har v\u00e6rt sammen.<\/p>\n<p>          <img loading=\"lazy\" decoding=\"async\" src=\"https:\/\/www.europesays.com\/no\/wp-content\/uploads\/2025\/09\/83569200.webp\" width=\"686\" height=\"865\" title=\"KJ\u00c6RLIGHET I LUFTEN: Et bilde som viser Jim foran en romantisk solnedgang dukket opp p\u00e5 Instagram. Foto: Skjermbilde @jenniferaniston\/Instagram\" alt=\"\" class=\"\" style=\"--aspect-ratio-image: 0.79; \"\/><\/p>\n<p>\n          KJ\u00c6RLIGHET I LUFTEN: Et bilde som viser Jim foran en romantisk solnedgang dukket opp p\u00e5 Instagram. Foto: Skjermbilde @jenniferaniston\/Instagram\n      <\/p>\n<p>I mai kan man se at Jim likte et av skuespillerens Instagram-innlegg hvor hun viste frem boken hans \u00abShift: Quantum Manifestation Guide\u00bb.<\/p>\n<p>I sommer har de som nevnt blitt observert gjentatte ganger p\u00e5 det som kan se ut til \u00e5 v\u00e6re restaurant-dater, og i juli var turtelduene p\u00e5 ferie med venneparet Jason Bateman og Amanda Anka.<\/p>\n<p>          <img loading=\"lazy\" decoding=\"async\" src=\"https:\/\/www.europesays.com\/no\/wp-content\/uploads\/2025\/09\/83569292.webp\" width=\"686\" height=\"460\" title=\"MASSASJE: Turtelduene ble ogs\u00e5 fotografert idet Jim gir Aniston en ryggmassasje. Foto: Joan Llado \/ GTres \/ SplashNews\/ NTB\" alt=\"\" class=\"\" style=\"--aspect-ratio-image: 1.49; \"\/><\/p>\n<p>\n          MASSASJE: Turtelduene ble ogs\u00e5 fotografert idet Jim gir Aniston en ryggmassasje. Foto: Joan Llado \/ GTres \/ SplashNews\/ NTB\n      <\/p>\n<p>&#8211; De har hengt mye sammen, men veldig \u00ablowkey\u00bb hjemme hos henne i Los Angeles. Det er veldig zen, og det har hun alltid v\u00e6rt enormt opptatt av. De er en god match, sa en kilde til <a href=\"https:\/\/www.usmagazine.com\/celebrity-news\/news\/jennifer-aniston-likes-jim-curtis-post-about-divorce\/\" rel=\"nofollow noopener\" target=\"_blank\">Us Weekly<\/a>\u00a0kort tid etter ferieturen.\u00a0<\/p>\n<p>        GOD FORM: \u00abBloggerne\u00bb-profilen Anny Isabella r\u00f8per at det som oftest er et annet kj\u00f8nn involvert n\u00e5r hun skal holde seg i form. Video: TV 2\/ R\u00f8d L\u00f8per<\/p>\n<p>Aniston har tidligere v\u00e6rt gift med Brad Pitt (61) og Justin Theroux (54). Hun var ogs\u00e5 sammen med skuespiller Vince Vaughn (55) i en kort periode.<\/p>\n","protected":false},"excerpt":{"rendered":"Jennifer Aniston: Skuespilleren viser frem sin nye flamme i sosiale medier.\u00a0 NYTT PAR: Et nytt bilde av Jennifer&hellip;\n","protected":false},"author":2,"featured_media":31282,"comment_status":"","ping_status":"","sticky":false,"template":"","format":"standard","meta":{"footnotes":""},"categories":[58],"tags":[4999,71,5000,1286,5001,479,2543,30,28,29,72],"class_list":{"0":"post-31281","1":"post","2":"type-post","3":"status-publish","4":"format-standard","5":"has-post-thumbnail","7":"category-underholdning","8":"tag-bekrefter-forholdet","9":"tag-entertainment","10":"tag-flamme","11":"tag-jennifer-aniston","12":"tag-jim-curtis","13":"tag-kjendis","14":"tag-kjendisdesken","15":"tag-no","16":"tag-norge","17":"tag-norway","18":"tag-underholdning"},"share_on_mastodon":{"url":"","error":""},"_links":{"self":[{"href":"https:\/\/www.europesays.com\/no\/wp-json\/wp\/v2\/posts\/31281","targetHints":{"allow":["GET"]}}],"collection":[{"href":"https:\/\/www.europesays.com\/no\/wp-json\/wp\/v2\/posts"}],"about":[{"href":"https:\/\/www.europesays.com\/no\/wp-json\/wp\/v2\/types\/post"}],"author":[{"embeddable":true,"href":"https:\/\/www.europesays.com\/no\/wp-json\/wp\/v2\/users\/2"}],"replies":[{"embeddable":true,"href":"https:\/\/www.europesays.com\/no\/wp-json\/wp\/v2\/comments?post=31281"}],"version-history":[{"count":0,"href":"https:\/\/www.europesays.com\/no\/wp-json\/wp\/v2\/posts\/31281\/revisions"}],"wp:featuredmedia":[{"embeddable":true,"href":"https:\/\/www.europesays.com\/no\/wp-json\/wp\/v2\/media\/31282"}],"wp:attachment":[{"href":"https:\/\/www.europesays.com\/no\/wp-json\/wp\/v2\/media?parent=31281"}],"wp:term":[{"taxonomy":"category","embeddable":true,"href":"https:\/\/www.europesays.com\/no\/wp-json\/wp\/v2\/categories?post=31281"},{"taxonomy":"post_tag","embeddable":true,"href":"https:\/\/www.europesays.com\/no\/wp-json\/wp\/v2\/tags?post=31281"}],"curies":[{"name":"wp","href":"https:\/\/api.w.org\/{rel}","templated":true}]}}