{"id":31287,"date":"2025-09-10T06:16:11","date_gmt":"2025-09-10T06:16:11","guid":{"rendered":"https:\/\/www.europesays.com\/no\/31287\/"},"modified":"2025-09-10T06:16:11","modified_gmt":"2025-09-10T06:16:11","slug":"jorn-albin-21-og-anton-20-dode-i-trafikkulykken-pa-andoya","status":"publish","type":"post","link":"https:\/\/www.europesays.com\/no\/31287\/","title":{"rendered":"J\u00f8rn-Albin (21) og Anton (20) d\u00f8de i trafikk\u00adulykken p\u00e5 And\u00f8ya"},"content":{"rendered":"\n<p class=\"_lead_ew2ao_2 _lead_xtcu6_50 layout-component text-serif-m layout-normal text-serif-l layout-component layout-wide layout-padded _wide_17hqh_1 layout-padded\"> \u2013\u2060\u00a0Gode forbilder for unge fiskere, sier ordf\u00f8reren om de omkomne. <\/p>\n<p><img alt=\"J\u00f8rn-Albin Flaten Rydland (til venstre) og Anton Paulsen Foto: Privat\" class=\"_image_qp4xg_65 layout-component layout-wide\" data-fullscreen- data-track-element-type=\"Article image fullscreen\" data-track-name=\"ImageFullscreen\" fetchpriority=\"high\" decoding=\"sync\" loading=\"eager\" height=\"1668\" itemprop=\"image\"  src=\"https:\/\/www.europesays.com\/no\/wp-content\/uploads\/2025\/09\/0ee19896-a32f-4e6b-a8fc-92f2d86c0e23\"  style=\"object-position:0% 0%\" width=\"2500\"\/>J\u00f8rn-Albin Flaten Rydland (til venstre) og Anton Paulsen Foto: Privat<\/p>\n<ul aria-hidden=\"true\" class=\"_images_1y6fe_106\">\n<li><a class=\"_link_1y6fe_111\" href=\"https:\/\/www.vg.no\/forfatter\/hedda-kurseth\" style=\"z-index:2\" title=\"Hedda Kurseth\" rel=\"nofollow noopener\" target=\"_blank\"><img alt=\"Bilde av Hedda Kurseth\" class=\"_image_1y6fe_88\" fetchpriority=\"low\" loading=\"lazy\" decoding=\"async\" itemprop=\"image\"  src=\"https:\/\/www.europesays.com\/no\/wp-content\/uploads\/2025\/09\/1757484968_120_b6ad06ce-2f4e-4492-9dd9-7cfbdae81f6d\"  width=\"480\"\/><\/a><\/li>\n<li><a class=\"_link_1y6fe_111\" href=\"https:\/\/www.vg.no\/forfatter\/preben-soerensen-olsen\" style=\"z-index:1\" title=\"Preben S\u00f8rensen Olsen\" rel=\"nofollow noopener\" target=\"_blank\"><img alt=\"Bilde av Preben S\u00f8rensen Olsen\" class=\"_image_1y6fe_88\" fetchpriority=\"low\" loading=\"lazy\" decoding=\"async\" itemprop=\"image\"  src=\"https:\/\/www.europesays.com\/no\/wp-content\/uploads\/2025\/09\/1757484968_578_64aa1fb4-b39a-43ab-9306-fd34402fdbb9\"  width=\"480\"\/><\/a><\/li>\n<\/ul>\n<p> Oppdatert onsdag 10. september kl. 08:02     <\/p>\n<p class=\"_paragraph_ew2ao_4 _paragraph_xtcu6_10 layout-component text-serif-m layout-normal text-serif-m layout-padded\">Det er politiet som onsdag har frigitt navnet p\u00e5 de to omkomne. De p\u00e5r\u00f8rende er informert om frigivelsen. <\/p>\n<p class=\"_paragraph_ew2ao_4 _paragraph_xtcu6_10 layout-component text-serif-m layout-normal text-serif-m layout-padded\">Tidlig s\u00f8ndag morgen mistet Anton Paulsen (20) og J\u00f8rn-Albin Flaten Rydland (21) livet i en trafikkulykke i Andenes kommune i Nordland.<\/p>\n<p class=\"_paragraph_ew2ao_4 _paragraph_xtcu6_10 layout-component text-serif-m layout-normal text-serif-m layout-padded\">De var begge fra And\u00f8ya. <\/p>\n<p class=\"_paragraph_ew2ao_4 _paragraph_xtcu6_10 layout-component text-serif-m layout-normal text-serif-m layout-padded\">Bilen kj\u00f8rte av veien og inn i et bolighus. <\/p>\n<p class=\"_paragraph_ew2ao_4 _paragraph_xtcu6_10 layout-component text-serif-m layout-normal text-serif-m layout-padded\">I tillegg til de to mennene, var det en kvinne i bilen. Hun ble kj\u00f8rt til sykehus. <\/p>\n<p><img alt=\"INN I BOLIGHUS: Det var her de to 20-\u00e5ringene omkom, da de kj\u00f8rte inn i et bolighus.   Foto: Jens Andre M. Birkeland\" class=\"_image_qp4xg_65 layout-component layout-normal\" data-fullscreen- data-track-element-type=\"Article image fullscreen\" data-track-name=\"ImageFullscreen\" decoding=\"async\" loading=\"lazy\" height=\"1080\" itemprop=\"image\"  src=\"https:\/\/www.europesays.com\/no\/wp-content\/uploads\/2025\/09\/43ea8b09-2078-4e52-b720-552ce91f2815\"  style=\"object-position:0% 0%\" width=\"1616\"\/>INN I BOLIGHUS: Det var her de to 20-\u00e5ringene omkom, da de kj\u00f8rte inn i et bolighus.   Foto: Jens Andre M. Birkeland\u2013 Gode forbilder for unge fiskere<\/p>\n<p class=\"_paragraph_ew2ao_4 _paragraph_xtcu6_10 layout-component text-serif-m layout-normal text-serif-m layout-padded\">Ordf\u00f8reren i And\u00f8y kommune, Kjell-Are Johansen, beskriver det hele som en forferdelig situasjon.<\/p>\n<p class=\"_paragraph_ew2ao_4 _paragraph_xtcu6_10 layout-component text-serif-m layout-normal text-serif-m layout-padded\">\u2013 Det er et lite lokalsamfunn der alle kjenner alle, sier Johansen. <\/p>\n<p class=\"_paragraph_ew2ao_4 _paragraph_xtcu6_10 layout-component text-serif-m layout-normal text-serif-m layout-padded\">S\u00f8ndag kveld var det en samlingsstund p\u00e5 skolen og i kirken. <\/p>\n<p><img alt=\"Foto: Jens Andre M. Birkeland\" class=\"_image_qp4xg_65 layout-component layout-normal\" data-fullscreen- data-track-element-type=\"Article image fullscreen\" data-track-name=\"ImageFullscreen\" decoding=\"async\" loading=\"lazy\" height=\"1080\" itemprop=\"image\"  src=\"https:\/\/www.europesays.com\/no\/wp-content\/uploads\/2025\/09\/aa6f7ecb-6b76-4811-b389-11d162103b19\"  style=\"object-position:0% 0%\" width=\"1616\"\/>Foto: Jens Andre M. Birkeland<\/p>\n<p class=\"_paragraph_ew2ao_4 _paragraph_xtcu6_10 layout-component text-serif-m layout-normal text-serif-m layout-padded\">\u2013 Der var de p\u00e5r\u00f8rende samlet og de unge fikk m\u00f8te vennene sine. Det var sterke f\u00f8lelser. Utrolig godt \u00e5 se hvordan alle tok vare p\u00e5 hverandre, sier han til VG. <\/p>\n<p class=\"_paragraph_ew2ao_4 _paragraph_xtcu6_10 layout-component text-serif-m layout-normal text-serif-m layout-padded\">Johansen sier at b\u00e5de Rydland og Paulsen var en sentral del av ungdomsmilj\u00f8et. <\/p>\n<p class=\"_paragraph_ew2ao_4 _paragraph_xtcu6_10 layout-component text-serif-m layout-normal text-serif-m layout-padded\">\u2013 Begge to var unge fiskere og opptatt av n\u00e6ringen. De var gode forbilder for unge fiskere. <\/p>\n<p><img decoding=\"async\" alt=\"Bilde av Kjell-Are Johansen \" class=\"_image_ygndg_42\" height=\"38\" itemprop=\"image\" loading=\"lazy\"  src=\"https:\/\/www.europesays.com\/no\/wp-content\/uploads\/2025\/09\/874bf2d7-6621-4019-9696-7e3e5a8b278a\"  width=\"40\"\/><strong class=\"_name_ygndg_51 title-serif-xs\">Kjell-Are Johansen <\/strong><\/p>\n<p class=\"_paragraph_ew2ao_4 text-sans-m _description_ygndg_56\">Ordf\u00f8rer i And\u00f8y kommune<\/p>\n<p class=\"_paragraph_ew2ao_4 _paragraph_xtcu6_10 layout-component text-serif-m layout-normal text-serif-m layout-padded\">Johansen legger til at de unge som kjente de to omkomne har det veldig tungt.<\/p>\n<p class=\"_paragraph_ew2ao_4 _paragraph_xtcu6_10 layout-component text-serif-m layout-normal text-serif-m layout-padded\">\u2013 Det er bare helt forferdelig og det er s\u00e5 viktig at de involverte blir tatt vare p\u00e5. <\/p>\n<p class=\"_paragraph_ew2ao_4 _paragraph_xtcu6_10 layout-component text-serif-m layout-normal text-serif-m layout-padded\">Han ber\u00f8mmer n\u00f8detatene og kriseteamet i kommunen. <\/p>\n<p>Begge drev med fiske<\/p>\n<p class=\"_paragraph_ew2ao_4 _paragraph_xtcu6_10 layout-component text-serif-m layout-normal text-serif-m layout-padded\">I et intervju med Bladet <a href=\"https:\/\/www.vg.no\/tag\/vesteraalen?utm_source=vg-article&amp;utm_medium=auto-tagger&amp;utm_campaign=GypyAm\" class=\"_link_ew2ao_39\" rel=\"nofollow noopener\" target=\"_blank\">Vester\u00e5len<\/a> fortalte Anton Paulsen (20) i fjor at han var bestemt p\u00e5 \u00e5 bli fisker. <\/p>\n<p class=\"_paragraph_ew2ao_4 _paragraph_xtcu6_10 layout-component text-serif-m layout-normal text-serif-m layout-padded\">Paulsen hadde kj\u00f8pt sin f\u00f8rste b\u00e5t med navnet MS Alvin. <\/p>\n<p class=\"_paragraph_ew2ao_4 _paragraph_xtcu6_10 layout-component text-serif-m layout-normal text-serif-m layout-padded\">\u2013 Den blir oppkalt etter katta v\u00e5r, sa han da til avisen. <\/p>\n<p class=\"_paragraph_ew2ao_4 _paragraph_xtcu6_10 layout-component text-serif-m layout-normal text-serif-m layout-padded\">Han fulgte farens fotspor ved \u00e5 satse p\u00e5 fisken\u00e6ringen, if\u00f8lge avisen. <\/p>\n<p><img alt=\"Foto: Jens Andre M. Birkeland\" class=\"_image_qp4xg_65 layout-component layout-normal\" data-fullscreen- data-track-element-type=\"Article image fullscreen\" data-track-name=\"ImageFullscreen\" decoding=\"async\" loading=\"lazy\" height=\"1080\" itemprop=\"image\"  src=\"https:\/\/www.europesays.com\/no\/wp-content\/uploads\/2025\/09\/f2cab1f0-cbd4-49a7-9714-4a98101dca99\"  style=\"object-position:0% 0%\" width=\"1616\"\/>Foto: Jens Andre M. Birkeland<\/p>\n<p class=\"_paragraph_ew2ao_4 _paragraph_xtcu6_10 layout-component text-serif-m layout-normal text-serif-m layout-padded\">\u2013 Det blir en stor endring, det \u00e5 satse for seg selv, men jeg er sikker p\u00e5 at det vil g\u00e5 bra. Jeg ser fram til \u00e5 gj\u00f8re ting selv, og til \u00e5 ha mer ansvar, sa han da. <\/p>\n<p class=\"_paragraph_ew2ao_4 _paragraph_xtcu6_10 layout-component text-serif-m layout-normal text-serif-m layout-padded\">J\u00f8rn-Albin Rydland (21) drev ogs\u00e5 med fiske. I august i \u00e5r stiftet Rydland sitt eget selskap i Br\u00f8nn\u00f8ysundregistrene. <\/p>\n<p class=\"_paragraph_ew2ao_4 _paragraph_xtcu6_10 layout-component text-serif-m layout-normal text-serif-m layout-padded\">I 2020 gjorde lokalavisen i Vester\u00e5len et intervju med Rydland, da han hadde sommerjobb p\u00e5 farens fiskeb\u00e5t.<\/p>\n<p class=\"_paragraph_ew2ao_4 _paragraph_xtcu6_10 layout-component text-serif-m layout-normal layout-padded\"><a href=\"https:\/\/www.vg.no\/nyheter\/i\/3Mv4zd\/alvorlig-trafikkulykke\" data-track-element-type=\"Link\" data-track-id=\"link:3Mv4zd\" class=\"_link_ew2ao_39\" rel=\"nofollow noopener\" target=\"_blank\">To d\u00f8de etter at bil kj\u00f8rte inn i hus p\u00e5 Andenes<\/a><\/p>\n<p class=\"_paragraph_ew2ao_4 _paragraph_xtcu6_10 layout-component text-serif-m layout-normal text-serif-m layout-padded\">\u2013 Det er et trivelig yrke. Jeg liker barskt og t\u00f8ft arbeid, og s\u00e5 er det s\u00e5 godt samhold<br \/>blant mannskapet. Vi flirer mye, sa Rydland til avisen. <\/p>\n<p class=\"_paragraph_ew2ao_4 _paragraph_xtcu6_10 layout-component text-serif-m layout-normal text-serif-m layout-padded\">\u2013 Vi vedder om hvor store fangster vi f\u00e5r, og gir hverandre litt premier. Bl\u00e5kveite er<br \/>spesielt artig \u00e5 fiske, for da m\u00e5 vi g\u00e5 lengre turer, sa han da. <\/p>\n<p>    <img decoding=\"async\" alt=\"Tips oss illustrasjon\" width=\"62px\" height=\"auto\" src=\"https:\/\/www.europesays.com\/no\/wp-content\/uploads\/2025\/08\/1754784428_95_W9avJzE.png\"\/>    <\/p>\n<p class=\"title-serif-s\">Har du tips til oss?<\/p>\n<p class=\"text-sans-m\">Send oss informasjon, bilder eller video<\/p>\n<p>  <a href=\"https:\/\/www.vg.no\/tips-oss\" rel=\"nofollow noopener\" target=\"_blank\"> Tips oss <\/a>      <\/p>\n","protected":false},"excerpt":{"rendered":"\u2013\u2060\u00a0Gode forbilder for unge fiskere, sier ordf\u00f8reren om de omkomne. J\u00f8rn-Albin Flaten Rydland (til venstre) og Anton Paulsen&hellip;\n","protected":false},"author":2,"featured_media":31288,"comment_status":"","ping_status":"","sticky":false,"template":"","format":"standard","meta":{"footnotes":""},"categories":[10],"tags":[5002,5003,31,20,21,24,25,854,15,22,23,13,30,687,28,29,14,16,26,27,1106],"class_list":{"0":"post-31287","1":"post","2":"type-post","3":"status-publish","4":"format-standard","5":"has-post-thumbnail","7":"category-norge","8":"tag-andenes","9":"tag-andoy-kommune","10":"tag-breaking","11":"tag-breaking-news","12":"tag-breakingnews","13":"tag-featured-news","14":"tag-featurednews","15":"tag-fisk","16":"tag-headlines","17":"tag-latest-news","18":"tag-latestnews","19":"tag-news","20":"tag-no","21":"tag-nordland","22":"tag-norge","23":"tag-norway","24":"tag-nyheter","25":"tag-overskrifter","26":"tag-top-stories","27":"tag-topstories","28":"tag-vesteralen"},"share_on_mastodon":{"url":"","error":""},"_links":{"self":[{"href":"https:\/\/www.europesays.com\/no\/wp-json\/wp\/v2\/posts\/31287","targetHints":{"allow":["GET"]}}],"collection":[{"href":"https:\/\/www.europesays.com\/no\/wp-json\/wp\/v2\/posts"}],"about":[{"href":"https:\/\/www.europesays.com\/no\/wp-json\/wp\/v2\/types\/post"}],"author":[{"embeddable":true,"href":"https:\/\/www.europesays.com\/no\/wp-json\/wp\/v2\/users\/2"}],"replies":[{"embeddable":true,"href":"https:\/\/www.europesays.com\/no\/wp-json\/wp\/v2\/comments?post=31287"}],"version-history":[{"count":0,"href":"https:\/\/www.europesays.com\/no\/wp-json\/wp\/v2\/posts\/31287\/revisions"}],"wp:featuredmedia":[{"embeddable":true,"href":"https:\/\/www.europesays.com\/no\/wp-json\/wp\/v2\/media\/31288"}],"wp:attachment":[{"href":"https:\/\/www.europesays.com\/no\/wp-json\/wp\/v2\/media?parent=31287"}],"wp:term":[{"taxonomy":"category","embeddable":true,"href":"https:\/\/www.europesays.com\/no\/wp-json\/wp\/v2\/categories?post=31287"},{"taxonomy":"post_tag","embeddable":true,"href":"https:\/\/www.europesays.com\/no\/wp-json\/wp\/v2\/tags?post=31287"}],"curies":[{"name":"wp","href":"https:\/\/api.w.org\/{rel}","templated":true}]}}