{"id":31289,"date":"2025-09-10T06:17:10","date_gmt":"2025-09-10T06:17:10","guid":{"rendered":"https:\/\/www.europesays.com\/no\/31289\/"},"modified":"2025-09-10T06:17:10","modified_gmt":"2025-09-10T06:17:10","slug":"to-unge-menn-dode","status":"publish","type":"post","link":"https:\/\/www.europesays.com\/no\/31289\/","title":{"rendered":"To unge menn d\u00f8de"},"content":{"rendered":"<p>  J\u00f8rn-Albin Flaten Rydland (21) og Anton Paulsen (20) d\u00f8de i trafikkulykken i Andenes s\u00f8ndag. Lokalsamfunnet er i sorg.<\/p>\n<p>\n    OMKOM: J\u00f8rn-Albin Flaten Rydland (til venstre) og Anton Paulsen omkom i ulykken. Foto: Privat\n  <\/p>\n<p>Natt til s\u00f8ndag d\u00f8de to unge menn i en bilulykke i Andenes i Nordland fylke.\u00a0 Ulykken skjedde da bilen kj\u00f8rte ut av veien og inn i et hus.\u00a0En tredje person ble fraktet til sykehus i Troms\u00f8 i luftambulanse. <\/p>\n<p>De to som d\u00f8de, var\u00a0J\u00f8rn-Albin Rydland (21) og Anton Paulsen (20).<\/p>\n<p>Det opplyser politiet. P\u00e5r\u00f8rende har godkjent at navnene til de to frigis.\u00a0<\/p>\n<p>          <img loading=\"lazy\" decoding=\"async\" src=\"https:\/\/www.europesays.com\/no\/wp-content\/uploads\/2025\/09\/83572428.webp\" width=\"980\" height=\"559\" title=\"TIL STEDE: Politiet etterforsket p\u00e5 ulykkesstedet s\u00f8ndag. Foto: Jens Andre M. Birkeland\" alt=\"\" class=\"\" style=\"--aspect-ratio-image: 1.75; \"\/><\/p>\n<p>\n          TIL STEDE: Politiet etterforsket p\u00e5 ulykkesstedet s\u00f8ndag. Foto: Jens Andre M. Birkeland\n      <\/p>\n<p>Satset for seg selv\t<\/p>\n<p>Begge de to unge mennene jobbet som fiskere. I fjor fortalte Anton Paulsen at han hadde kj\u00f8pt sin f\u00f8rste b\u00e5t, MS Alvin.<\/p>\n<p> &#8211; Det blir ei stor endring, det \u00e5 satse for seg selv, men jeg er sikker p\u00e5 at det vil g\u00e5 bra. Jeg ser fram til \u00e5 gj\u00f8re ting selv, og til \u00e5 ha mer ansvar, sa Anton til <a href=\"https:\/\/www.blv.no\/anton-19-har-kjopt-sin-forste-bat-gleder-meg-stort-til-vinterfisket\/s\/5-9-771780\" rel=\"nofollow noopener\" target=\"_blank\">Bladet Vester\u00e5len<\/a>\u00a0i september i fjor.<\/p>\n<p>Han fortalte at han tidlig bestemte seg for \u00e5 jobbe til havs, etter \u00e5 ha v\u00e6rt med faren p\u00e5 havet.\u00a0<\/p>\n<p>Ogs\u00e5 J\u00f8rn-Albin Rydland valgte \u00e5 la seg inspirere av faren, som jobbet til havs, i\u00f8lge\u00a0<a href=\"https:\/\/www.vol.no\/nyheter\/i\/MLW7K5\/dag-har-satset-ni-millioner-pa-ny-bat\" rel=\"nofollow noopener\" target=\"_blank\">And\u00f8yposten\/VOL<\/a>.<\/p>\n<p>&#8211; Sterke f\u00f8lelser\t<\/p>\n<p>&#8211; Det er grusomt, sa ordf\u00f8rer\u00a0Kjell-Are Johansen (Ap) i And\u00f8y kommune om ulykken da Dagbladet snakket med ordf\u00f8reren s\u00f8ndag ettermiddag, f\u00f8r navnene ble frigitt.<\/p>\n<p>Han fortalte at lokalsamfunnet er i sorg etter ulykken:\u00a0<\/p>\n<p>&#8211; Den ber\u00f8rer store deler av kommunen, i og med at ungdomsmilj\u00f8et v\u00e5rt ikke er det st\u00f8rste. Og de er veldig tett p\u00e5 hverandre.<\/p>\n<p>S\u00f8ndag ettermiddag m\u00f8ttes folk i lokalsamfunnet p\u00e5 And\u00f8y videreg\u00e5ende skole for \u00e5 v\u00e6re sammen i sorgen.\u00a0<\/p>\n<p>          <img loading=\"lazy\" decoding=\"async\" src=\"https:\/\/www.europesays.com\/no\/wp-content\/uploads\/2025\/09\/83560375.webp\" width=\"980\" height=\"559\" title=\"TRAGEDIE: Ordf\u00f8rer Kjell-Are Johansen forteller at store deler av lokalsamfunnet er ber\u00f8rt. Foto: Ap\" alt=\"\" class=\"\" style=\"--aspect-ratio-image: 1.75; \"\/><\/p>\n<p>\n          TRAGEDIE: Ordf\u00f8rer Kjell-Are Johansen forteller at store deler av lokalsamfunnet er ber\u00f8rt. Foto: Ap\n      <\/p>\n<p>Det var sterkt, fortalte ordf\u00f8rer\u00a0Kjell-Are Johansen.<\/p>\n<p>&#8211; Det er sterke f\u00f8lelser blant de unge. Samtidig var det godt \u00e5 se hvordan de tok vare p\u00e5 hverandre. Omsorgen de viste for hverandre, og klemmene de ga hverandre. Selv om det ikke ble sagt s\u00e5 mange ord, s\u00e5 var de der for hverandre.<\/p>\n<p>If\u00f8lge Johansen m\u00f8tte over 100 mennesker opp p\u00e5 skolen, b\u00e5de p\u00e5r\u00f8rende og venner av de omkomne og den skadde.\u00a0<\/p>\n<p>B\u00e5de ordf\u00f8reren, politiet og kriseteamet var til stede.\u00a0<\/p>\n<p>Tar vare p\u00e5 hverandre\t<\/p>\n<p>&#8211; Vi snakket om viktigheten av \u00e5 st\u00e5 sammen, ta vare p\u00e5 hverandre, v\u00e6re rause mot hverandre, ikke v\u00e6re alene og \u00e5 bruke det hjelpeapparatet som finnes, for \u00e5 st\u00f8tte hverandre, sa ordf\u00f8reren.\u00a0<\/p>\n<p>Politiet meldte om ulykken klokka 04.28 natt til s\u00f8ndag.\u00a0<\/p>\n<p>S\u00f8ndag morgen opplyste politiet i Nordland at de jobbet p\u00e5 ulykkesstedet med taktiske og tekniske unders\u00f8kelser. Ulykkesgruppen til Statens vegvesen ble varslet.<\/p>\n<p>Krisestaben til kommunen ble samlet p\u00e5 r\u00e5dhuset. Ordf\u00f8reren opplyste at det psykososiale kriseteamet vil v\u00e6re til stede b\u00e5de p\u00e5 And\u00f8y videreg\u00e5ende og Andenes skole mandag, og at de er tilgjengelig for alle som trenger det &#8211; p\u00e5r\u00f8rende, ungdom og folk i n\u00f8detatene.<\/p>\n","protected":false},"excerpt":{"rendered":"J\u00f8rn-Albin Flaten Rydland (21) og Anton Paulsen (20) d\u00f8de i trafikkulykken i Andenes s\u00f8ndag. Lokalsamfunnet er i sorg.&hellip;\n","protected":false},"author":2,"featured_media":31290,"comment_status":"","ping_status":"","sticky":false,"template":"","format":"standard","meta":{"footnotes":""},"categories":[5],"tags":[20,21,24,25,15,19,2539,22,23,17,18,13,30,28,29,14,16,26,27],"class_list":{"0":"post-31289","1":"post","2":"type-post","3":"status-publish","4":"format-standard","5":"has-post-thumbnail","7":"category-overskrifter","8":"tag-breaking-news","9":"tag-breakingnews","10":"tag-featured-news","11":"tag-featurednews","12":"tag-headlines","13":"tag-hovedoppslag","14":"tag-innenriks","15":"tag-latest-news","16":"tag-latestnews","17":"tag-main-news","18":"tag-mainnews","19":"tag-news","20":"tag-no","21":"tag-norge","22":"tag-norway","23":"tag-nyheter","24":"tag-overskrifter","25":"tag-top-stories","26":"tag-topstories"},"share_on_mastodon":{"url":"","error":""},"_links":{"self":[{"href":"https:\/\/www.europesays.com\/no\/wp-json\/wp\/v2\/posts\/31289","targetHints":{"allow":["GET"]}}],"collection":[{"href":"https:\/\/www.europesays.com\/no\/wp-json\/wp\/v2\/posts"}],"about":[{"href":"https:\/\/www.europesays.com\/no\/wp-json\/wp\/v2\/types\/post"}],"author":[{"embeddable":true,"href":"https:\/\/www.europesays.com\/no\/wp-json\/wp\/v2\/users\/2"}],"replies":[{"embeddable":true,"href":"https:\/\/www.europesays.com\/no\/wp-json\/wp\/v2\/comments?post=31289"}],"version-history":[{"count":0,"href":"https:\/\/www.europesays.com\/no\/wp-json\/wp\/v2\/posts\/31289\/revisions"}],"wp:featuredmedia":[{"embeddable":true,"href":"https:\/\/www.europesays.com\/no\/wp-json\/wp\/v2\/media\/31290"}],"wp:attachment":[{"href":"https:\/\/www.europesays.com\/no\/wp-json\/wp\/v2\/media?parent=31289"}],"wp:term":[{"taxonomy":"category","embeddable":true,"href":"https:\/\/www.europesays.com\/no\/wp-json\/wp\/v2\/categories?post=31289"},{"taxonomy":"post_tag","embeddable":true,"href":"https:\/\/www.europesays.com\/no\/wp-json\/wp\/v2\/tags?post=31289"}],"curies":[{"name":"wp","href":"https:\/\/api.w.org\/{rel}","templated":true}]}}