{"id":313203,"date":"2026-08-05T11:46:19","date_gmt":"2026-08-05T11:46:19","guid":{"rendered":"https:\/\/www.europesays.com\/no\/313203\/"},"modified":"2026-08-05T11:46:19","modified_gmt":"2026-08-05T11:46:19","slug":"tv-sor-odal-skarnes-sostre-skulle-egentlig-ikke-vaert-med-i-tv-serien-2","status":"publish","type":"post","link":"https:\/\/www.europesays.com\/no\/313203\/","title":{"rendered":"Tv, S\u00f8r-Odal | Skarnes-s\u00f8stre skulle egentlig ikke v\u00e6rt med i tv-serien"},"content":{"rendered":"\n<p>(<a rel=\"Follow nofollow noopener\" href=\"https:\/\/www.nettavisen.no\/kjendis\/fikk-fjellhytta-beskjed-pa-ferie-endte-opp-uten-lonn\/s\/5-95-3177876\" target=\"_blank\">Nettavisen<\/a>\/Gl\u00e5mdalen): \u2013 Det var en utrolig opplevelse, sa Mari Engebretsen fra Skarnes til <a href=\"https:\/\/www.glomdalen.no\/foles-som-en-feberdrom\/s\/80-19-302798\" rel=\"Follow nofollow noopener\" target=\"_blank\">Gl\u00e5mdalen tidligere i sommer<\/a>.<\/p>\n<p><b>Denne uka var det premiere p\u00e5 \u00abFjellhytta\u00bb p\u00e5 TV 2, der fire deltakerpar skal konkurrere om \u00e5 vinne sin egen fjellhytte, som denne gangen er lagt til idylliske Budor. <\/b><\/p>\n<p>\u00c5rets hytter ligger tett p\u00e5 mange aktivitetsmuligheter, som skil\u00f8yper om vinteren, turiststier og sykkelmuligheter.<\/p>\n<p>  <a href=\"https:\/\/www.glomdalen.no\/80-19-302798\" class=\"related-teaser has-image article--c-MkAkR\" rel=\"nofollow noopener\" target=\"_blank\"><\/p>\n<p>    <img decoding=\"async\" width=\"155\"  loading=\"lazy\"  src=\"https:\/\/www.europesays.com\/no\/wp-content\/uploads\/2026\/08\/1785930377_585_Mari%20Engebretsen%20og%20Stine%20Engebretsen%20fjellhytta%20tv%202.bin.jpeg\" alt=\"\" class=\"brick-c-cFOWSL\" style=\"\"\/><\/p>\n<p>\n            Les ogs\u00e5<\/p>\n<p>            \u2013 F\u00f8les som en feberdr\u00f8m\n        <\/p>\n<p>  <\/a><\/p>\n<p><a rel=\"Follow nofollow noopener\" href=\"https:\/\/www.nettavisen.no\/kjendis\/dette-er-arets-fjellhytta-deltakere-pa-tv-2\/s\/5-95-3111465\" target=\"_blank\">Blant deltakerne <\/a>finner vi s\u00f8strene Mari Engebretsen (28) og Stine Engebretsen (30).<\/p>\n<p><b>Da Nettavisen m\u00f8tte s\u00f8sterparet i sommer, kunne de avsl\u00f8re at de egentlig ikke skulle v\u00e6rt med i det hele tatt.<\/b><\/p>\n<p>De ble nemlig kastet inn i konkurransen som reserver i siste liten.\u00a0<\/p>\n<p>Var p\u00e5 ferie da TV 2 ringte<\/p>\n<p>Paret s\u00f8kte b\u00e5de \u00abFjellhytta\u00bb og \u00abSommerhytta\u00bb, men fikk nei. Likevel takket de ja til \u00e5 v\u00e6re reserver \u2013 uten store forh\u00e5pninger.<\/p>\n<p>\u2013 Vi var reserve, og fikk beskjed i mars om at vi ikke kom med, men at vi kunne st\u00e5 p\u00e5 venteliste som reserve. Vi trodde jo ikke at noen kom til \u00e5 trekke seg, sa Stine til Nettavisen under pressetreffet.\u00a0<\/p>\n<p>   <img decoding=\"async\" width=\"1600\" height=\"900\" fetchpriority=\"low\"  loading=\"lazy\"  src=\"https:\/\/www.europesays.com\/no\/wp-content\/uploads\/2026\/08\/1785930378_856_fjellhytta1%20(1)_1.jpg\" alt=\"\" class=\"brick-c-cFOWSL\" style=\"--brick-image-ratio: 1600 \/ 900;\"\/><\/p>\n<p>      VENTELISTE: S\u00f8strene Mari og Stine var p\u00e5 ventelisten for TV-deltakelsen, og trodde ikke de skulle komme med.<br \/>\n      Foto: Thea Nielsen (Nettavisen)\n    <\/p>\n<p>Da innspillingen n\u00e6rmet seg uten at de hadde h\u00f8rt noe, trodde paret l\u00f8pet var kj\u00f8rt og dro p\u00e5 ferie. S\u00e5 kom telefonen.<\/p>\n<p>\u2013 Vi fikk en telefon p\u00e5 bobilferie om at vi kunne f\u00e5 v\u00e6re med likevel fordi et par hadde trukket seg. Det var da kun to uker f\u00f8r innspilling, sa hun videre.\u00a0<\/p>\n<p>\u2013 M\u00e5tte hive oss rundt<\/p>\n<p>Med s\u00e5 kort varsel var det imidlertid vanskelig \u00e5 f\u00e5 fri fra jobb. Begge to jobber til daglig som sykepleiere.\u00a0<\/p>\n<p>\u2013 Vi er begge sykepleiere, som er et samfunnskritisk yrke, s\u00e5 det var ikke bare bare \u00e5 f\u00e5 fri. Vi m\u00e5tte bare hive oss rundt og ringe sjefene for \u00e5 f\u00e5 fri, forklarte Stine.\u00a0<\/p>\n<p>For Mari krevdes det en ekstra innsats for \u00e5 f\u00e5 kabalen til \u00e5 g\u00e5 opp \u2013 hun m\u00e5tte nemlig sjonglere den intense TV-innspillingen med helgevakter p\u00e5 sykehuset.\u00a0<\/p>\n<p>\u2013 Jeg jobbet fortsatt helgevaktene mine under innspillingen. Det endte med at vi fikk en slags permisjon uten l\u00f8nn. Vi hadde jo allerede brukt opp ferien v\u00e5r siden vi trodde ikke at vi skulle v\u00e6re med.\u00a0<\/p>\n<p>Uten l\u00f8nn og med oppbrukte feriedager var s\u00f8strene n\u00f8dt til \u00e5 f\u00e5 hjelp av samboerne.\u00a0<\/p>\n<p>\u2013 Begge har hver sin samboer som sto for det \u00f8konomiske mens vi var borte, s\u00e5 det gikk heldigvis helt fint. Det hadde ikke g\u00e5tt om vi hadde v\u00e6rt alene med kun to uker forvarsel.\u00a0<\/p>\n<p>TV 2 svarer p\u00e5 endringen<\/p>\n<p>Pressekontakt i TV 2, Sebastian Tallaksen Flaten, bekrefter reserve-innsatsen overfor Nettavisen. Han understreker at kanalen var sv\u00e6rt glade for at jentene stilte opp.<\/p>\n<p>\u2013 Vi er veldig glade for at Mari og Stine hadde mulighet til \u00e5 stille opp p\u00e5 kort varsel. Det synes vi var b\u00e5de sporty og imponerende, sier han.\u00a0<\/p>\n<p>    Vil du se neste video?<\/p>\n<p>    <a href=\"https:\/\/www.glomdalen.no\/handlende-pa-charlottenbergs-shoppingcenter\/v\/80-19-323528\" class=\"recommend-poster\" data-adp-clicklabel=\"video-recommend\" data-adp-clickvalue=\"poster\" rel=\"nofollow noopener\" target=\"_blank\"><br \/>\n      <img decoding=\"async\" width=\"200\" height=\"200\" loading=\"lazy\" src=\"https:\/\/www.europesays.com\/no\/wp-content\/uploads\/2026\/08\/1785930379_19_v-i-1ab6ff2d-e032-44b3-9905-4cee631b520a-1.jpg\" alt=\"\" class=\"brick-c-cFOWSL\" style=\"--brick-image-ratio: 200 \/ 200;\"\/><\/p>\n<p>Handlende p\u00e5 Charlottenbergs Shoppingcenter0:17<\/p>\n<p>    <\/a><\/p>\n<p>TV 2 svarer ikke p\u00e5 sp\u00f8rsm\u00e5l om hvorfor det opprinnelige paret ikke kunne delta, men understreker at det er sv\u00e6rt uvanlig at deltakere trekker seg like f\u00f8r innspilling.<\/p>\n<p>\u2013 Det er uvanlig at det skjer endringer s\u00e5 tett opp i innspilling, men vi har gode rutiner for \u00e5 h\u00e5ndtere slike situasjoner n\u00e5r de oppst\u00e5r.\u00a0<\/p>\n","protected":false},"excerpt":{"rendered":"(Nettavisen\/Gl\u00e5mdalen): \u2013 Det var en utrolig opplevelse, sa Mari Engebretsen fra Skarnes til Gl\u00e5mdalen tidligere i sommer. Denne&hellip;\n","protected":false},"author":2,"featured_media":313204,"comment_status":"","ping_status":"","sticky":false,"template":"","format":"standard","meta":{"footnotes":"","_share_on_mastodon":"0"},"categories":[58],"tags":[36,71,2461,30,28,29,971,1510,207,72],"class_list":["post-313203","post","type-post","status-publish","format-standard","has-post-thumbnail","category-underholdning","tag-art","tag-entertainment","tag-fjellhytta","tag-no","tag-norge","tag-norway","tag-sor-odal","tag-story","tag-tv","tag-underholdning"],"share_on_mastodon":{"url":"https:\/\/pubeurope.com\/@no\/117042740905053842","error":""},"_links":{"self":[{"href":"https:\/\/www.europesays.com\/no\/wp-json\/wp\/v2\/posts\/313203","targetHints":{"allow":["GET"]}}],"collection":[{"href":"https:\/\/www.europesays.com\/no\/wp-json\/wp\/v2\/posts"}],"about":[{"href":"https:\/\/www.europesays.com\/no\/wp-json\/wp\/v2\/types\/post"}],"author":[{"embeddable":true,"href":"https:\/\/www.europesays.com\/no\/wp-json\/wp\/v2\/users\/2"}],"replies":[{"embeddable":true,"href":"https:\/\/www.europesays.com\/no\/wp-json\/wp\/v2\/comments?post=313203"}],"version-history":[{"count":0,"href":"https:\/\/www.europesays.com\/no\/wp-json\/wp\/v2\/posts\/313203\/revisions"}],"wp:featuredmedia":[{"embeddable":true,"href":"https:\/\/www.europesays.com\/no\/wp-json\/wp\/v2\/media\/313204"}],"wp:attachment":[{"href":"https:\/\/www.europesays.com\/no\/wp-json\/wp\/v2\/media?parent=313203"}],"wp:term":[{"taxonomy":"category","embeddable":true,"href":"https:\/\/www.europesays.com\/no\/wp-json\/wp\/v2\/categories?post=313203"},{"taxonomy":"post_tag","embeddable":true,"href":"https:\/\/www.europesays.com\/no\/wp-json\/wp\/v2\/tags?post=313203"}],"curies":[{"name":"wp","href":"https:\/\/api.w.org\/{rel}","templated":true}]}}