{"id":313455,"date":"2026-08-05T16:26:14","date_gmt":"2026-08-05T16:26:14","guid":{"rendered":"https:\/\/www.europesays.com\/no\/313455\/"},"modified":"2026-08-05T16:26:14","modified_gmt":"2026-08-05T16:26:14","slug":"meiningar-debatt-hvor-mange-varsellamper-skal-til","status":"publish","type":"post","link":"https:\/\/www.europesays.com\/no\/313455\/","title":{"rendered":"Meiningar, Debatt | Hvor mange varsellamper skal til?"},"content":{"rendered":"<p class=\"vignette\">Debattinnlegg<\/p>\n<p class=\"disclaimer\">Dette er eit debattinnlegg, skrive av ein ekstern bidragsytar. Innlegget gir uttrykk for skribenten sine haldningar.<\/p>\n<p>Enda ei ung kvinne har mistet livet. Enda en familie har f\u00e5tt livet snudd p\u00e5 hodet og er i bunnl\u00f8s sorg.<\/p>\n<p>N\u00e5r noe s\u00e5 alvorlig skjer p\u00e5 N\u00e6rb\u00f8, rammer det langt flere enn den n\u00e6rmeste familien. Hele J\u00e6ren blir preget. Rogaland blir ber\u00f8rt. En slik tragedie setter spor langt utover kommunegrensene.<\/p>\n<p>Midt i sjokket og sorgen dukker det opp mange sp\u00f8rsm\u00e5l. Vi skylder den unge kvinnen, familien og alle som lever med vold og frykt \u00e5 snu hver en stein for \u00e5 l\u00e6re av det som har skjedd.<\/p>\n<p>En mann er siktet for drap, og saken skal etterforskes grundig. Utfallet av etterforskningen og den videre rettsprosessen vil vise hva som faktisk har skjedd. Samtidig vet vi at mange alvorlige voldssaker i n\u00e6re relasjoner i ettertid reiser sp\u00f8rsm\u00e5l om hva som kunne v\u00e6rt gjort annerledes.<\/p>\n<p>Vi vet at mange partnerdrap skjer etter at det har v\u00e6rt vold, trusler eller andre alvorlige varselsignaler. Ofte har politiet v\u00e6rt involvert. Noen ganger har ogs\u00e5 helsevesenet eller andre offentlige instanser v\u00e6rt inne i bildet.<\/p>\n<p>Likevel skjer det igjen og igjen.<\/p>\n<p>Hva m\u00e5 vi bli bedre p\u00e5?<\/p>\n<p>Alle kommuner har handlingsplaner mot vold og overgrep i n\u00e6re relasjoner. M\u00e5let er \u00e5 forebygge, avdekke og f\u00f8lge opp vold p\u00e5 en bedre m\u00e5te.<\/p>\n<p>Klarer vi \u00e5 samarbeide godt nok? Ser de ulike tjenestene hele bildet? Fanger vi opp dem som lever med h\u00f8y risiko f\u00f8r det er for sent? Kan samhandlingen mellom politi, helsevesen og kommunen bli enda bedre innenfor lovverket vi har?<\/p>\n<p>Vi vet at mange som blir utsatt for vold, av ulike grunner trekker seg fra prosessen eller ikke \u00f8nsker \u00e5 medvirke videre. Det betyr ikke n\u00f8dvendigvis at faren er over. Tvert imot kan det v\u00e6re da behovet for oppf\u00f8lging er st\u00f8rst. Kanskje er det nettopp da systemet m\u00e5 v\u00e6re p\u00e5 sitt mest v\u00e5kne.<\/p>\n<p>H\u00f8yre foreslo i fjor en norsk variant av den britiske ordningen \u00abClare\u2019s Law\u00bb. Forslaget g\u00e5r ut p\u00e5 at personer i enkelte tilfeller skal kunne f\u00e5 vite om en partner tidligere er d\u00f8mt for vold eller overgrep. Kanskje kunne slik kunnskap gjort at noen tok et annet valg \u2013 eller s\u00f8kt hjelp tidligere.<\/p>\n<p>Den unge kvinnen f\u00e5r vi ikke tilbake.<\/p>\n<p>Men hvis denne tragedien kan f\u00f8re til at ett liv blir reddet i framtiden, m\u00e5 vi ha enda st\u00f8rre fokus p\u00e5 \u00e5 se varsellampene, ta dem p\u00e5 alvor \u2013 og handle f\u00f8r det er for sent.<\/p>\n<p>For hvor mange varsellamper skal egentlig til f\u00f8r vi klarer \u00e5 forhindre den neste tragedien?<\/p>\n","protected":false},"excerpt":{"rendered":"Debattinnlegg Dette er eit debattinnlegg, skrive av ein ekstern bidragsytar. Innlegget gir uttrykk for skribenten sine haldningar. Enda&hellip;\n","protected":false},"author":2,"featured_media":313456,"comment_status":"","ping_status":"","sticky":false,"template":"","format":"standard","meta":{"footnotes":"","_share_on_mastodon":"0"},"categories":[10],"tags":[36,20,21,37,24,25,15,22,23,1939,25163,13,30,28,29,14,1533,16,26,27],"class_list":["post-313455","post","type-post","status-publish","format-standard","has-post-thumbnail","category-norge","tag-art","tag-breaking-news","tag-breakingnews","tag-debatt","tag-featured-news","tag-featurednews","tag-headlines","tag-latest-news","tag-latestnews","tag-meiningar","tag-naerbo","tag-news","tag-no","tag-norge","tag-norway","tag-nyheter","tag-opinion","tag-overskrifter","tag-top-stories","tag-topstories"],"share_on_mastodon":{"url":"https:\/\/pubeurope.com\/@no\/117043841449482862","error":""},"_links":{"self":[{"href":"https:\/\/www.europesays.com\/no\/wp-json\/wp\/v2\/posts\/313455","targetHints":{"allow":["GET"]}}],"collection":[{"href":"https:\/\/www.europesays.com\/no\/wp-json\/wp\/v2\/posts"}],"about":[{"href":"https:\/\/www.europesays.com\/no\/wp-json\/wp\/v2\/types\/post"}],"author":[{"embeddable":true,"href":"https:\/\/www.europesays.com\/no\/wp-json\/wp\/v2\/users\/2"}],"replies":[{"embeddable":true,"href":"https:\/\/www.europesays.com\/no\/wp-json\/wp\/v2\/comments?post=313455"}],"version-history":[{"count":0,"href":"https:\/\/www.europesays.com\/no\/wp-json\/wp\/v2\/posts\/313455\/revisions"}],"wp:featuredmedia":[{"embeddable":true,"href":"https:\/\/www.europesays.com\/no\/wp-json\/wp\/v2\/media\/313456"}],"wp:attachment":[{"href":"https:\/\/www.europesays.com\/no\/wp-json\/wp\/v2\/media?parent=313455"}],"wp:term":[{"taxonomy":"category","embeddable":true,"href":"https:\/\/www.europesays.com\/no\/wp-json\/wp\/v2\/categories?post=313455"},{"taxonomy":"post_tag","embeddable":true,"href":"https:\/\/www.europesays.com\/no\/wp-json\/wp\/v2\/tags?post=313455"}],"curies":[{"name":"wp","href":"https:\/\/api.w.org\/{rel}","templated":true}]}}