{"id":313547,"date":"2026-08-05T18:08:18","date_gmt":"2026-08-05T18:08:18","guid":{"rendered":"https:\/\/www.europesays.com\/no\/313547\/"},"modified":"2026-08-05T18:08:18","modified_gmt":"2026-08-05T18:08:18","slug":"osterrike-med-ny-varmerekord-malte-41-grader","status":"publish","type":"post","link":"https:\/\/www.europesays.com\/no\/313547\/","title":{"rendered":"\u00d8sterrike med ny varmerekord: M\u00e5lte 41 grader"},"content":{"rendered":"<p class=\"subtitle \" style=\"\">\u00d8sterrike har registrert sin h\u00f8yeste temperatur noensinne, opplyser landets nasjonale meteorologitjeneste.<\/p>\n<p>\n    T\u00d8RT OG VARMT: Et brannhelikopter slipper vann over en skogbrann n\u00e6r Correns i det s\u00f8r\u00f8stlige Frankrike 1. august. Foto: Clement Mahoudeau \/ Pool Photo via AP \/ NTB\n  <\/p>\n<p>Det ble f\u00f8rst m\u00e5lt 40,8 grader i Stammersdorf nord i hovedstaden Wien tirsdag, opplyser Geosphere. Seinere samme dag ble det m\u00e5lt 41,0 grader samme sted, opplyser tjenesten.<\/p>\n<p>Den forrige varmerekorden kan dermed v\u00e6re sl\u00e5tt med hele 0,5 grader. Den ble satt i Bad Deutsch-Altenburg \u00f8st i \u00d8sterrike, der det ble m\u00e5lt 40,5 grader 8. august 2013.<\/p>\n<p>Den siste heteb\u00f8lgen rammer \u00d8sterrike etter flere m\u00e5neder med h\u00f8ye temperaturer og lite nedb\u00f8r. En rekke lokale rekorder er allerede brutt.<\/p>\n<p>Landet registrerte sin fjerde varmeste juli noensinne, og ved enkelte m\u00e5lestasjoner var nedb\u00f8rsunderskuddet p\u00e5 90 prosent, if\u00f8lge v\u00e6rtjenesten.<\/p>\n<p>        To greske brannhelikoptere har kollidert i forbindelse med slokkingsarbeid av brannene i Hellas. Video: X \/ AP, reporter: Danny Son To \/ DBTV<\/p>\n<p> &#8211; Kan ikke gj\u00f8re noe\t<\/p>\n<p>Den globale oppvarmingen p\u00e5virker naturligvis jordbruket. I \u00d8sterrike har aprikoser i \u00e5r begynt \u00e5 modnes 20 dager tidligere enn snittet som er registrert i perioden fra 1961 til 1991, p\u00e5peker Geosphere.<\/p>\n<p>I Wien beskriver restauranteieren Nasir Dis (60) v\u00e6ret som \u00aben katastrofe\u00bb og viser til at han har veldig f\u00e5 bes\u00f8kende.<\/p>\n<p class=\"font-weight-bold m-font-weight-bold\" data-lab-font_weight=\"font-weight-bold\">&#8211; Vi venter bare p\u00e5 at denne heten skal v\u00e6re over. Hva kan vi gj\u00f8re? Ingenting. Ingen \u00f8nsker \u00e5 spise eller drikke noe. Alle vil bare stenge seg inne hjemme, hevder han.<\/p>\n<p>        <img loading=\"lazy\" decoding=\"async\" src=\"https:\/\/www.europesays.com\/no\/wp-content\/uploads\/2026\/08\/84976051.webp\" width=\"980\" height=\"559\" alt=\"\" class=\"\" style=\"--aspect-ratio-image: 1.75; \"\/><\/p>\n<p>\n        HETEB\u00d8LGE: Denne sommeren har Eurpoa v\u00e6rt plaget av gjentatte heteb\u00f8lger. Foto: Skjermdump Meteored\n    <\/p>\n<p>\u00d8sterrike ble allerede i juni rammet av den lengste heteb\u00f8lgen landet har registrert.<\/p>\n<p>Europa har v\u00e6rt plaget av gjentatte heteb\u00f8lger i sommer, et v\u00e6rfenomen forskere har satt i sammenheng med menneskeskapte klimaendringer.<\/p>\n<p>    <a itemprop=\"url\" href=\"https:\/\/www.dagbladet.no\/nyheter\/gir-eu-skylda-for-megabrannene\/84972300\" rel=\"nofollow noopener\" target=\"_blank\"><\/p>\n<p>        <img loading=\"lazy\" decoding=\"async\" src=\"https:\/\/www.europesays.com\/no\/wp-content\/uploads\/2026\/08\/1785953296_696_84956527.webp\" width=\"980\" height=\"441\" alt=\"\" class=\"lazyload\" style=\"--aspect-ratio-image: 2.22; \"\/><\/p>\n<p>        Gir EU skylda for megabrannene<\/p>\n<p>    <\/a><\/p>\n<p>Klimaendringene har ogs\u00e5 forverret t\u00f8rken i store deler av Europa, og ekstremvarmen er hoved\u00e5rsaken til de usedvanlig t\u00f8rre forholdene, if\u00f8lge eksperter.<\/p>\n<p>Ny fransk varmerekord\t<\/p>\n<p>Tirsdag ble det ogs\u00e5 bekreftet at juli ble den varmeste m\u00e5neden som er registrert i Frankrike, der m\u00e5lingene startet for 126 \u00e5r siden.<\/p>\n<p>Juli slo dermed de tidligere rekordene fra heteb\u00f8lgene i august 2003 og juli 2006. Temperaturen bikket 40 grader flere steder.<\/p>\n<p>Gjennomsnittstemperaturen endte p\u00e5 24,9 grader, 0,1 grad over den forrige rekorden fra august 2003 og en halv grad h\u00f8yere enn i juli 2006.<\/p>\n<p>Det var ogs\u00e5 den tredje t\u00f8rreste julim\u00e5neden som er registrert, med 70 prosent mindre regn enn gjennomsnittet, melder M\u00e9t\u00e9o-France. Det f\u00f8rte til knuskt\u00f8rr vegetasjon og \u00f8kt risiko for skogbranner.<\/p>\n<p>    <a itemprop=\"url\" href=\"https:\/\/www.dagbladet.no\/nyheter\/elva-torker-inn-dette-stopper-ikke-her\/84928064\" rel=\"nofollow noopener\" target=\"_blank\"><\/p>\n<p>        <img loading=\"lazy\" decoding=\"async\" src=\"https:\/\/www.europesays.com\/no\/wp-content\/uploads\/2026\/08\/84928087.webp\" width=\"980\" height=\"441\" alt=\"\" class=\"lazyload\" style=\"--aspect-ratio-image: 2.22; \"\/><\/p>\n<p>        Elva t\u00f8rker inn: &#8211; Dette stopper ikke her<\/p>\n<p>    <\/a><\/p>\n<p>Etter flere heteb\u00f8lger opplevde <a href=\"https:\/\/www.dagbladet.no\/nyheter\/kampen-i-gironde\/84961181\" rel=\"nofollow noopener\" target=\"_blank\">Frankrike de st\u00f8rste skogbrannene<\/a> i juli siden 1949. I Gironde s\u00f8rvest i landet ble 420 kvadratkilometer svidd av, et omr\u00e5de fire ganger s\u00e5 stort som Paris.<\/p>\n","protected":false},"excerpt":{"rendered":"\u00d8sterrike har registrert sin h\u00f8yeste temperatur noensinne, opplyser landets nasjonale meteorologitjeneste. T\u00d8RT OG VARMT: Et brannhelikopter slipper vann&hellip;\n","protected":false},"author":2,"featured_media":313548,"comment_status":"","ping_status":"","sticky":false,"template":"","format":"standard","meta":{"footnotes":"","_share_on_mastodon":"0"},"categories":[5],"tags":[20,21,274,24,25,1244,15,1310,19,4351,22,23,17,18,13,30,28,29,14,16,5433,26,27,412,2514],"class_list":["post-313547","post","type-post","status-publish","format-standard","has-post-thumbnail","category-overskrifter","tag-breaking-news","tag-breakingnews","tag-europa","tag-featured-news","tag-featurednews","tag-frankrike","tag-headlines","tag-hetebolge","tag-hovedoppslag","tag-klimaendringer","tag-latest-news","tag-latestnews","tag-main-news","tag-mainnews","tag-news","tag-no","tag-norge","tag-norway","tag-nyheter","tag-overskrifter","tag-osterrike","tag-top-stories","tag-topstories","tag-utenriks","tag-wien"],"share_on_mastodon":{"url":"https:\/\/pubeurope.com\/@no\/117044243155007368","error":""},"_links":{"self":[{"href":"https:\/\/www.europesays.com\/no\/wp-json\/wp\/v2\/posts\/313547","targetHints":{"allow":["GET"]}}],"collection":[{"href":"https:\/\/www.europesays.com\/no\/wp-json\/wp\/v2\/posts"}],"about":[{"href":"https:\/\/www.europesays.com\/no\/wp-json\/wp\/v2\/types\/post"}],"author":[{"embeddable":true,"href":"https:\/\/www.europesays.com\/no\/wp-json\/wp\/v2\/users\/2"}],"replies":[{"embeddable":true,"href":"https:\/\/www.europesays.com\/no\/wp-json\/wp\/v2\/comments?post=313547"}],"version-history":[{"count":0,"href":"https:\/\/www.europesays.com\/no\/wp-json\/wp\/v2\/posts\/313547\/revisions"}],"wp:featuredmedia":[{"embeddable":true,"href":"https:\/\/www.europesays.com\/no\/wp-json\/wp\/v2\/media\/313548"}],"wp:attachment":[{"href":"https:\/\/www.europesays.com\/no\/wp-json\/wp\/v2\/media?parent=313547"}],"wp:term":[{"taxonomy":"category","embeddable":true,"href":"https:\/\/www.europesays.com\/no\/wp-json\/wp\/v2\/categories?post=313547"},{"taxonomy":"post_tag","embeddable":true,"href":"https:\/\/www.europesays.com\/no\/wp-json\/wp\/v2\/tags?post=313547"}],"curies":[{"name":"wp","href":"https:\/\/api.w.org\/{rel}","templated":true}]}}