{"id":313805,"date":"2026-08-06T00:01:15","date_gmt":"2026-08-06T00:01:15","guid":{"rendered":"https:\/\/www.europesays.com\/no\/313805\/"},"modified":"2026-08-06T00:01:15","modified_gmt":"2026-08-06T00:01:15","slug":"minnie-merriman-9-drept-pa-campingtur-i-arbroath-i-skottland","status":"publish","type":"post","link":"https:\/\/www.europesays.com\/no\/313805\/","title":{"rendered":"Minnie Merriman (9) drept p\u00e5 campingtur i Arbroath i Skottland"},"content":{"rendered":"\n<p class=\"_lead_145nj_2 _lead_6fko5_53 layout-component text-serif-m layout-normal text-serif-l layout-component layout-wide layout-padded _wide_17hqh_1 layout-padded\">Den britiske ni\u00e5ringen var p\u00e5 campingtur da hun ble drept. Onsdag m\u00f8tte den siktede i retten. <\/p>\n<p><img alt=\"Minnie Merriman var p\u00e5 ferie med familien da hun ble drept. Foto: Scotland Police\" class=\"_image_jw3bv_65 layout-component layout-wide\" data-fullscreen- data-track-element-type=\"Article image fullscreen\" data-track-name=\"ImageFullscreen\" fetchpriority=\"high\" decoding=\"sync\" loading=\"eager\" height=\"274\" itemprop=\"image\"  src=\"https:\/\/www.europesays.com\/no\/wp-content\/uploads\/2026\/08\/62ea8d10-e80b-3b8e-9760-cf3f4732e7e0.jpeg\"  style=\"object-position:0% 0%\" width=\"202\"\/>Minnie Merriman var p\u00e5 ferie med familien da hun ble drept. Foto: Scotland Police<\/p>\n<ul aria-hidden=\"true\" class=\"_images_ntbth_112\">\n<li><a class=\"_link_ntbth_117\" href=\"https:\/\/www.vg.no\/forfatter\/milly-totland\" style=\"z-index:1\" title=\"Milly Totland\" rel=\"nofollow noopener\" target=\"_blank\"><img alt=\"Bilde av Milly Totland\" class=\"_image_ntbth_93\" fetchpriority=\"low\" loading=\"lazy\" decoding=\"async\" itemprop=\"image\"  src=\"https:\/\/www.europesays.com\/no\/wp-content\/uploads\/2026\/08\/1785974474_255_17523d02-e320-4383-8e50-e14af9bb7388.png\"  width=\"480\"\/><\/a><\/li>\n<\/ul>\n<p> Oppdatert torsdag 6. august kl. 01:26     <\/p>\n<p class=\"_paragraph_145nj_4 _paragraph_6fko5_10 layout-component text-serif-m layout-normal text-serif-m layout-padded\">Natt til mandag rykket n\u00f8detatene ut til et industriomr\u00e5de i den skotske byen Arbroath. Der fant de ni \u00e5r gamle Minnie Merriman hardt skadet. Hun ble fraktet til sykehus, hvor hun d\u00f8de av skadene. <\/p>\n<p class=\"_paragraph_145nj_4 _paragraph_6fko5_10 layout-component text-serif-m layout-normal text-serif-m layout-padded\">Onsdag m\u00f8tte drapssiktede Christopher Rice (35) i retten. Han erkjenner ikke straffskyld, if\u00f8lge <a href=\"https:\/\/news.sky.com\/story\/girl-who-died-after-being-found-injured-on-industrial-estate-in-arbroath-named-13570037\" class=\"_link_145nj_39\" rel=\"nofollow noopener\" target=\"_blank\">Sky News<\/a>.  <\/p>\n<p><img alt=\"Noen har lagt ut blomster i n\u00e6rheten av der Minnie ble funnet.  Foto: Rachel Keenan \/ Pa Photos \/ NTB\" class=\"_image_jw3bv_65 layout-component layout-normal\" data-fullscreen- data-track-element-type=\"Article image fullscreen\" data-track-name=\"ImageFullscreen\" decoding=\"async\" loading=\"lazy\" height=\"1429\" itemprop=\"image\"  src=\"https:\/\/www.europesays.com\/no\/wp-content\/uploads\/2026\/08\/41e4fccc-d6eb-3222-b97e-493756ddb4bd.jpeg\"  style=\"object-position:0% 0%\" width=\"2000\"\/>Noen har lagt ut blomster i n\u00e6rheten av der Minnie ble funnet.  Foto: Rachel Keenan \/ Pa Photos \/ NTB<\/p>\n<p class=\"_paragraph_145nj_4 _paragraph_6fko5_10 layout-component text-serif-m layout-normal text-serif-m layout-padded\">If\u00f8lge skotsk politi skal Minnie og Rice ha kjent hverandre. Politiet leter ikke etter noen andre i forbindelse med d\u00f8dsfallet hennes. <\/p>\n<p>If\u00f8lge Sky News ble den siktede varetektsfengslet og skal v\u00e6re tilbake p\u00e5 tiltalebenken innen de neste \u00e5tte dagene.<\/p>\n<p> \u2013 Vi er knust<\/p>\n<p class=\"_paragraph_145nj_4 _paragraph_6fko5_10 layout-component text-serif-m layout-normal text-serif-m layout-padded\">Den ni \u00e5r gamle jenta fra West Yorkshire i <a href=\"https:\/\/www.vg.no\/tag\/england?utm_source=vg-article&amp;utm_medium=auto-tagger&amp;utm_campaign=rr9o88\" class=\"_link_145nj_39\" rel=\"nofollow noopener\" target=\"_blank\">England<\/a> var p\u00e5 campingtur med familien da drapet skjedde. <\/p>\n<p class=\"_paragraph_145nj_4 _paragraph_6fko5_10 layout-component text-serif-m layout-normal text-serif-m layout-padded\">\u2013 Vi er knust over tapet av v\u00e5r elskede, helt utrolige, vakre og modige Minnie Moo. Familien v\u00e5r ber om at v\u00e5rt privatliv respekteres i denne ekstremt vanskelige tiden, heter det i en uttalelse fra familien. <\/p>\n<p class=\"_paragraph_145nj_4 _paragraph_6fko5_10 layout-component text-serif-m layout-normal text-serif-m layout-padded\">Politiet i Skottland\u00a0sa tidligere at de \u00f8vrige medlemmene av familien f\u00e5r st\u00f8tte av spesialiserte politibetjenter.<\/p>\n<p class=\"_paragraph_145nj_4 _paragraph_6fko5_10 layout-component text-serif-m layout-normal text-serif-m layout-padded\">\u2013 V\u00e5re tanker er med alle som er ber\u00f8rt av disse hendelsene, spesielt Minnies familie, sier kriminalinspekt\u00f8r Mike Ness. <\/p>\n<p class=\"_paragraph_145nj_4 _paragraph_6fko5_10 layout-component text-serif-m layout-normal text-serif-m layout-padded\">Politiet sier at de vil v\u00e6re til stede i omr\u00e5det mens etterforskningen fortsetter. <\/p>\n<p>Les ogs\u00e5<\/p>\n","protected":false},"excerpt":{"rendered":"Den britiske ni\u00e5ringen var p\u00e5 campingtur da hun ble drept. Onsdag m\u00f8tte den siktede i retten. Minnie Merriman&hellip;\n","protected":false},"author":2,"featured_media":313806,"comment_status":"","ping_status":"","sticky":false,"template":"","format":"standard","meta":{"footnotes":"","_share_on_mastodon":"0"},"categories":[12],"tags":[20,21,377,4835,24,25,15,22,23,13,30,28,29,14,16,468,4682,26,27,42,43,44,45],"class_list":["post-313805","post","type-post","status-publish","format-standard","has-post-thumbnail","category-verden","tag-breaking-news","tag-breakingnews","tag-drap","tag-england","tag-featured-news","tag-featurednews","tag-headlines","tag-latest-news","tag-latestnews","tag-news","tag-no","tag-norge","tag-norway","tag-nyheter","tag-overskrifter","tag-politiet","tag-skottland","tag-top-stories","tag-topstories","tag-verden","tag-world","tag-world-news","tag-worldnews"],"share_on_mastodon":{"url":"https:\/\/pubeurope.com\/@no\/117045630961544377","error":""},"_links":{"self":[{"href":"https:\/\/www.europesays.com\/no\/wp-json\/wp\/v2\/posts\/313805","targetHints":{"allow":["GET"]}}],"collection":[{"href":"https:\/\/www.europesays.com\/no\/wp-json\/wp\/v2\/posts"}],"about":[{"href":"https:\/\/www.europesays.com\/no\/wp-json\/wp\/v2\/types\/post"}],"author":[{"embeddable":true,"href":"https:\/\/www.europesays.com\/no\/wp-json\/wp\/v2\/users\/2"}],"replies":[{"embeddable":true,"href":"https:\/\/www.europesays.com\/no\/wp-json\/wp\/v2\/comments?post=313805"}],"version-history":[{"count":0,"href":"https:\/\/www.europesays.com\/no\/wp-json\/wp\/v2\/posts\/313805\/revisions"}],"wp:featuredmedia":[{"embeddable":true,"href":"https:\/\/www.europesays.com\/no\/wp-json\/wp\/v2\/media\/313806"}],"wp:attachment":[{"href":"https:\/\/www.europesays.com\/no\/wp-json\/wp\/v2\/media?parent=313805"}],"wp:term":[{"taxonomy":"category","embeddable":true,"href":"https:\/\/www.europesays.com\/no\/wp-json\/wp\/v2\/categories?post=313805"},{"taxonomy":"post_tag","embeddable":true,"href":"https:\/\/www.europesays.com\/no\/wp-json\/wp\/v2\/tags?post=313805"}],"curies":[{"name":"wp","href":"https:\/\/api.w.org\/{rel}","templated":true}]}}