{"id":31410,"date":"2025-09-10T08:28:13","date_gmt":"2025-09-10T08:28:13","guid":{"rendered":"https:\/\/www.europesays.com\/no\/31410\/"},"modified":"2025-09-10T08:28:13","modified_gmt":"2025-09-10T08:28:13","slug":"dugnad-traena-internasjonale-gjester-bygget-sti-og-ryddet-naturen-pa-dugnad-det-handler-om-a-tenke-nytt","status":"publish","type":"post","link":"https:\/\/www.europesays.com\/no\/31410\/","title":{"rendered":"Dugnad, Tr\u00e6na | Internasjonale gjester bygget sti og ryddet naturen p\u00e5 dugnad: \u2013\u00a0Det handler om \u00e5 tenke nytt"},"content":{"rendered":"\n<p>I dugnadsturisme inviteres reisende fra hele verden til \u00e5 bidra til stedet de bes\u00f8ker, samtidig som de f\u00e5r unike opplevelser tett p\u00e5 natur, kultur og lokalsamfunn.<\/p>\n<p>Det melder Tr\u00e6na 365 i en pressemelding.<\/p>\n<p>Fra 4. til 8. september ble den internasjonale dugnadsturisme-uken gjennomf\u00f8rt. Over 100 s\u00f8kere meldte sin interesse, og 12 deltakere fra USA, Canada, Storbritannia, Sveits, Tyskland, Sverige og Norge ble valgt ut. De var fra 25 til 60 \u00e5r gamle.<\/p>\n<p>Naturforvaltning<\/p>\n<p>Sammen med lokalbefolkningen arbeidet de med naturforvaltning, strandrydding og vedlikehold av stier i den s\u00e5rbare naturen p\u00e5 Sanna.<\/p>\n<p>\u2013 Det handler om \u00e5 tenke nytt om hvordan reiseliv kan utvikles. I stedet for at gjestene bare forbruker en opplevelse, gir de ogs\u00e5 noe tilbake. Det skaper eierskap, fellesskap og minner for livet, sier prosjektleder Moa Bj\u00f6rnson i Tr\u00e6na 365.<\/p>\n<p>   <img decoding=\"async\" width=\"480\" height=\"640\" fetchpriority=\"low\"  loading=\"lazy\"  src=\"https:\/\/www.europesays.com\/no\/wp-content\/uploads\/2025\/09\/Dugnadsturisme+bygging+Foto+Moa+Bjo%CC%88rnson.jpeg\" alt=\"\" class=\"brick-c-cFOWSL\" style=\"--brick-image-ratio: 480 \/ 640;\"\/><\/p>\n<p>    Dugnadsturistene drev blant annet med vedlikehold av stier.<br \/>\n    Foto: Moa Bj\u00f6rnsson\n  <\/p>\n<p>Konseptet f\u00f8yer seg inn i en voksende internasjonal trend: \u00abvoluntourism\u00bb eller \u00abvolunteer vacations\u00bb. Men p\u00e5 Tr\u00e6na legges det vekt p\u00e5 samhandling mellom tilreisende og lokalbefolkningen, med fellesm\u00e5ltider, m\u00f8teplasser og opplevelser som gir en dypere forst\u00e5else av \u00f8ysamfunnet.<\/p>\n<p>\u2013 Det jeg likte spesielt med Tr\u00e6na og dugnadsturismen, var at man ble kjent ikke bare med de andre deltakerne, men ogs\u00e5 med lokalbefolkningen. Tr\u00e6na fremst\u00e5r som et sted med en sterk identitet og historie, samtidig som det hele tiden skapes noe nytt, forteller Leonardo, en av deltakerne i pressemeldingen.<\/p>\n<p>   <img decoding=\"async\" width=\"2752\" height=\"1286\" fetchpriority=\"low\"  loading=\"lazy\"  src=\"https:\/\/www.europesays.com\/no\/wp-content\/uploads\/2025\/09\/Dugnadsturisme+Photo+Elan+Blumberg.jpg\" alt=\"\" class=\"brick-c-cFOWSL\" style=\"--brick-image-ratio: 2752 \/ 1286;\"\/><\/p>\n<p>    Med b\u00e5t kunne dugnadsturistene reise rundt \u00e5 rydde strender.<br \/>\n    Foto: Elan Blumberg\n  <\/p>\n<p>  Et blikk framover<\/p>\n<p>Uken b\u00f8d i tillegg p\u00e5 innblikk i \u00f8yas rike historie, blant annet en forelesning med Anders Budde om arkeologiske funn som daterer bosetting tilbake 10.000 \u00e5r, og et blikk fremover med en omvisning p\u00e5 Ytri Island Retreat, det nye landskapshotellet som er under bygging.<\/p>\n<p>Dugnadsturismen p\u00e5 Tr\u00e6na er utviklet av Tr\u00e6na 365 og Ytri Island Retreat og ledet i samarbeid med lokale akt\u00f8rer, med st\u00f8tte fra DOGA og Samfunnsl\u00f8ftet. M\u00e5let er \u00e5 inspirere til et reiseliv som skaper verdi for b\u00e5de reisende og vertsregionen.<\/p>\n<p>\u2013 Vi tror at fremtidens reiseliv handler om deltakelse og mening. N\u00e5r gjestene f\u00e5r v\u00e6re med \u00e5 bygge, verne og skape, blir reisen mer enn bare en opplevelse. Den blir et bidrag til et sted, sier Moa Bj\u00f6rnson.<\/p>\n","protected":false},"excerpt":{"rendered":"I dugnadsturisme inviteres reisende fra hele verden til \u00e5 bidra til stedet de bes\u00f8ker, samtidig som de f\u00e5r&hellip;\n","protected":false},"author":2,"featured_media":31411,"comment_status":"","ping_status":"","sticky":false,"template":"","format":"standard","meta":{"footnotes":""},"categories":[12],"tags":[36,20,21,362,24,25,15,22,23,650,13,30,28,29,14,16,1209,1510,5022,26,27,1784,3363,42,43,44,45],"class_list":{"0":"post-31410","1":"post","2":"type-post","3":"status-publish","4":"format-standard","5":"has-post-thumbnail","7":"category-verden","8":"tag-art","9":"tag-breaking-news","10":"tag-breakingnews","11":"tag-dugnad","12":"tag-featured-news","13":"tag-featurednews","14":"tag-headlines","15":"tag-latest-news","16":"tag-latestnews","17":"tag-natur","18":"tag-news","19":"tag-no","20":"tag-norge","21":"tag-norway","22":"tag-nyheter","23":"tag-overskrifter","24":"tag-reiseliv","25":"tag-story","26":"tag-strandrydding","27":"tag-top-stories","28":"tag-topstories","29":"tag-traena","30":"tag-turisme","31":"tag-verden","32":"tag-world","33":"tag-world-news","34":"tag-worldnews"},"share_on_mastodon":{"url":"","error":""},"_links":{"self":[{"href":"https:\/\/www.europesays.com\/no\/wp-json\/wp\/v2\/posts\/31410","targetHints":{"allow":["GET"]}}],"collection":[{"href":"https:\/\/www.europesays.com\/no\/wp-json\/wp\/v2\/posts"}],"about":[{"href":"https:\/\/www.europesays.com\/no\/wp-json\/wp\/v2\/types\/post"}],"author":[{"embeddable":true,"href":"https:\/\/www.europesays.com\/no\/wp-json\/wp\/v2\/users\/2"}],"replies":[{"embeddable":true,"href":"https:\/\/www.europesays.com\/no\/wp-json\/wp\/v2\/comments?post=31410"}],"version-history":[{"count":0,"href":"https:\/\/www.europesays.com\/no\/wp-json\/wp\/v2\/posts\/31410\/revisions"}],"wp:featuredmedia":[{"embeddable":true,"href":"https:\/\/www.europesays.com\/no\/wp-json\/wp\/v2\/media\/31411"}],"wp:attachment":[{"href":"https:\/\/www.europesays.com\/no\/wp-json\/wp\/v2\/media?parent=31410"}],"wp:term":[{"taxonomy":"category","embeddable":true,"href":"https:\/\/www.europesays.com\/no\/wp-json\/wp\/v2\/categories?post=31410"},{"taxonomy":"post_tag","embeddable":true,"href":"https:\/\/www.europesays.com\/no\/wp-json\/wp\/v2\/tags?post=31410"}],"curies":[{"name":"wp","href":"https:\/\/api.w.org\/{rel}","templated":true}]}}