{"id":31466,"date":"2025-09-10T09:25:13","date_gmt":"2025-09-10T09:25:13","guid":{"rendered":"https:\/\/www.europesays.com\/no\/31466\/"},"modified":"2025-09-10T09:25:13","modified_gmt":"2025-09-10T09:25:13","slug":"kultur-og-underholdning-bamble-fikk-uvanlig-foresporsel-matte-jo-bli-med-pa-det","status":"publish","type":"post","link":"https:\/\/www.europesays.com\/no\/31466\/","title":{"rendered":"Kultur og underholdning, Bamble | Fikk uvanlig foresp\u00f8rsel: \u2013 M\u00e5tte jo bli med p\u00e5 det!"},"content":{"rendered":"\n<p>Helt siden han for alvor slo igjennom i Britain&#8217;s Got Talent i 2023 med det popul\u00e6re refleksshowet \u00abOne More Time\u00bb, har Viggo Venn turnert rundt i b\u00e5de England, USA, Tyskland, Nederland, Australia og Norge.<\/p>\n<p>Han har spilt for fulle hus p\u00e5 internasjonale scener som Royal Albert Hall og operahuset i Sydney. Til og med opptr\u00e5dt for den britiske kongefamilien.<\/p>\n<p>Kommer til Bamble<\/p>\n<p>Men etter to \u00e5r er det over. Etter en siste forestilling p\u00e5 Grasmyr med Bamble skolekorps l\u00f8rdag 13. september, pakker han bort refleksvesten for godt.<\/p>\n<p>\u2013 Den er pensjonert. Det blir litt vemodig, men jeg er klar for nye og spennende ting, sier Viggo Venn over telefon p\u00e5 vei til Skal vi danse-studioet p\u00e5 Torshov i Oslo.<\/p>\n<p>Der er han i full gang med oppladningen til TV-programmet som har sesongpremiere 4. oktober. Men f\u00f8r det blir det alts\u00e5 en tur til Bamble.<\/p>\n<p>   <img decoding=\"async\" width=\"3779\" height=\"2519\" fetchpriority=\"low\"  loading=\"lazy\"  src=\"https:\/\/www.europesays.com\/no\/wp-content\/uploads\/2025\/09\/IMG_3569.JPG\" alt=\"Viggo Venn aus England kann sein Gl\u00b8ck nicht fassen. Jurymitglied Dieter Bohlen hat f\u00b8r ihn den \" goldenen=\"\" buzzer=\"\" gedr=\"\" die=\"\" verwendung=\"\" des=\"\" sendungsbezogenen=\"\" materials=\"\" ist=\"\" nur=\"\" mit=\"\" dem=\"\" hinweis=\"\" und=\"\" verlinkung=\"\" auf=\"\" rtl=\"\" gestattet.=\"\" class=\"brick-c-cFOWSL\" style=\"--brick-image-ratio: 3779 \/ 2519;\"\/><\/p>\n<p>    Viggo Venn h\u00e5per \u00e5 ta Bamble med storm.<br \/>\n    Foto: Folge 17_001\n  <\/p>\n<p>Viggo Venn forteller at han fikk foresp\u00f8rselen fra korpset for ett \u00e5r siden og ble raskt interessert.<\/p>\n<p>\u2013 Det er f\u00f8rste gang jeg har blitt kontaktet av et korps og jeg syns det var en spennende id\u00e9, sier Viggo Venn som syns kombinasjonen live-musikk og klovnerier er noe spesielt.<\/p>\n<p>\u2013 Jeg har gjort noe liknende tidligere med tre musikere under Kongsberg Jazzfestival. Det skjer noe n\u00e5r du blander vakker musikk og fullstendig idioti. Med 20 musikere p\u00e5 scenen, blir dette helt spr\u00f8tt! sier han entusiastisk.<\/p>\n<p>H\u00e5per p\u00e5 tr\u00f8kk<\/p>\n<p>Dette blir hans f\u00f8rste forestilling i Telemark, men han kan r\u00f8pe at det ikke er f\u00f8rste gang han bes\u00f8ker solkysten.<\/p>\n<p>\u2013 Jeg har v\u00e6rt p\u00e5 en hytte i Bamble en gang og forbinder kommunen med sj\u00f8, sol, sommer og Postgirobygget, ler han og legger til:<\/p>\n<p>\u2013 S\u00e5 vi f\u00e5r h\u00e5pe at det blir samme tr\u00f8kk p\u00e5 Bamble ungdomsskole som det er p\u00e5 en Postgiro-konsert p\u00e5 Wrightegaarden.<\/p>\n<p>Jan Ove Salvesen dirigerer Bamble skolekorps sammen med Ronny Tegner. Han syns det er flott at Viggo Venn legger turen til Bamble.<\/p>\n<p>\u2013 Det er kjempestas. Det er noe vi har jobbet med ett \u00e5r og ungene er kjempeengasjerte og gleder seg massivt til forestilling, sier han.<\/p>\n","protected":false},"excerpt":{"rendered":"Helt siden han for alvor slo igjennom i Britain&#8217;s Got Talent i 2023 med det popul\u00e6re refleksshowet \u00abOne&hellip;\n","protected":false},"author":2,"featured_media":31467,"comment_status":"","ping_status":"","sticky":false,"template":"","format":"standard","meta":{"footnotes":""},"categories":[58],"tags":[36,1696,71,955,30,28,29,5029,1510,72],"class_list":{"0":"post-31466","1":"post","2":"type-post","3":"status-publish","4":"format-standard","5":"has-post-thumbnail","7":"category-underholdning","8":"tag-art","9":"tag-bamble","10":"tag-entertainment","11":"tag-kultur-og-underholdning","12":"tag-no","13":"tag-norge","14":"tag-norway","15":"tag-skolekorps","16":"tag-story","17":"tag-underholdning"},"share_on_mastodon":{"url":"","error":""},"_links":{"self":[{"href":"https:\/\/www.europesays.com\/no\/wp-json\/wp\/v2\/posts\/31466","targetHints":{"allow":["GET"]}}],"collection":[{"href":"https:\/\/www.europesays.com\/no\/wp-json\/wp\/v2\/posts"}],"about":[{"href":"https:\/\/www.europesays.com\/no\/wp-json\/wp\/v2\/types\/post"}],"author":[{"embeddable":true,"href":"https:\/\/www.europesays.com\/no\/wp-json\/wp\/v2\/users\/2"}],"replies":[{"embeddable":true,"href":"https:\/\/www.europesays.com\/no\/wp-json\/wp\/v2\/comments?post=31466"}],"version-history":[{"count":0,"href":"https:\/\/www.europesays.com\/no\/wp-json\/wp\/v2\/posts\/31466\/revisions"}],"wp:featuredmedia":[{"embeddable":true,"href":"https:\/\/www.europesays.com\/no\/wp-json\/wp\/v2\/media\/31467"}],"wp:attachment":[{"href":"https:\/\/www.europesays.com\/no\/wp-json\/wp\/v2\/media?parent=31466"}],"wp:term":[{"taxonomy":"category","embeddable":true,"href":"https:\/\/www.europesays.com\/no\/wp-json\/wp\/v2\/categories?post=31466"},{"taxonomy":"post_tag","embeddable":true,"href":"https:\/\/www.europesays.com\/no\/wp-json\/wp\/v2\/tags?post=31466"}],"curies":[{"name":"wp","href":"https:\/\/api.w.org\/{rel}","templated":true}]}}