{"id":314743,"date":"2026-08-06T21:08:17","date_gmt":"2026-08-06T21:08:17","guid":{"rendered":"https:\/\/www.europesays.com\/no\/314743\/"},"modified":"2026-08-06T21:08:17","modified_gmt":"2026-08-06T21:08:17","slug":"hamkam-fotball-tv-2-budkamp-om-hamkam-spissen","status":"publish","type":"post","link":"https:\/\/www.europesays.com\/no\/314743\/","title":{"rendered":"HamKam, Fotball | TV 2: Budkamp om HamKam-spissen"},"content":{"rendered":"\n<p>Det skriver <a href=\"https:\/\/www.tv2.no\/sport\/tv-2-erfarer-budkamp-om-norsk-spisstalent\/19102191\/\" rel=\"Follow nofollow noopener\" target=\"_blank\">TV 2<\/a>.<\/p>\n<p>Julian Gonstad debuterte i Eliteserien som 17-\u00e5ring etter \u00e5 ha skrevet proffkontrakt med klubben allerede som 14-\u00e5ring. Han har kontrakt med HamKam ut 2028-sesongen.<\/p>\n<p>Den siste tiden har 20-\u00e5ringen f\u00e5tt begrenset med spilletid. <\/p>\n<p>N\u00e5 er det flere eliteserieklubber som kjemper om signaturen til HamKam-spissen, if\u00f8lge TV 2.<\/p>\n<p>Forrige sesong presenterte han seg p\u00e5 toppniv\u00e5 med fire scoringer og to m\u00e5lgivende pasninger. I \u00e5r l\u00e5 det til rette for at han skulle f\u00e5 sin store gjennombruddssesong i HamKam-drakta.<\/p>\n<p>Slik har det imidlertid ikke blitt.<\/p>\n<p>Interessen fra andre klubber kommer etter at Gonstad flere ganger har blitt sittende p\u00e5 benken gjennom hele kamper.<\/p>\n<p><a href=\"https:\/\/www.h-a.no\/avviste-mulighet-i-annen-klubb-har-lyst-til-a-fighte\/s\/5-139-2021876\" rel=\"Follow nofollow noopener\" target=\"_blank\">HA skrev i juni at HamKam mottok henvendelser<\/a> fra Raufoss, der han hadde f\u00e5tt tilbud om \u00e5 g\u00e5 p\u00e5 utl\u00e5n. Den muligheten takket han nei til.<\/p>\n<p>If\u00f8lge TV 2 har HamKam n\u00e5 avsl\u00e5tt to bud fra KFUM p\u00e5 20-\u00e5ringen, mens b\u00e5de Start og Aalesund ogs\u00e5 har vist konkret interesse for spissen.<\/p>\n<p>Sportssjef J\u00f8rgen Bj\u00f8rn \u00f8nsker ikke \u00e5 kommentere opplysningene overfor TV 2.<\/p>\n<p>  <a href=\"https:\/\/www.h-a.no\/5-139-2065995\" class=\"related-teaser has-image article--c-MkAkR\" rel=\"nofollow noopener\" target=\"_blank\"><\/p>\n<p>    <img decoding=\"async\" width=\"155\"  loading=\"lazy\"  src=\"https:\/\/www.europesays.com\/no\/wp-content\/uploads\/2026\/08\/AA2_1.jpg\" alt=\"\" class=\"brick-c-cFOWSL\" style=\"\"\/><\/p>\n<p>\n            Les ogs\u00e5<\/p>\n<p>            Bekreftet: Klar for HamKam: \u2013 Deilig venstrefot\n        <\/p>\n<p>  <\/a><\/p>\n<p>  <a href=\"https:\/\/www.h-a.no\/5-139-2065646\" class=\"related-teaser has-image article--c-MkAkR\" rel=\"nofollow noopener\" target=\"_blank\"><\/p>\n<p>    <img decoding=\"async\" width=\"155\"  loading=\"lazy\"  src=\"https:\/\/www.europesays.com\/no\/wp-content\/uploads\/2026\/08\/ekekeke.jpg\" alt=\"\" class=\"brick-c-cFOWSL\" style=\"\"\/><\/p>\n<p>\n            Les ogs\u00e5<\/p>\n<p>            Bekreftet: HamKam-spiller selges: \u2013 Det har v\u00e6rt en utrolig fin og l\u00e6rerik tid\n        <\/p>\n<p>  <\/a><\/p>\n","protected":false},"excerpt":{"rendered":"Det skriver TV 2. Julian Gonstad debuterte i Eliteserien som 17-\u00e5ring etter \u00e5 ha skrevet proffkontrakt med klubben&hellip;\n","protected":false},"author":2,"featured_media":314744,"comment_status":"","ping_status":"","sticky":false,"template":"","format":"standard","meta":{"footnotes":"","_share_on_mastodon":"0"},"categories":[59],"tags":[36,92,1552,870,30,28,29,83,82,1510],"class_list":["post-314743","post","type-post","status-publish","format-standard","has-post-thumbnail","category-sport","tag-art","tag-fotball","tag-hamar","tag-hamkam","tag-no","tag-norge","tag-norway","tag-sport","tag-sports","tag-story"],"share_on_mastodon":{"url":"https:\/\/pubeurope.com\/@no\/117050613146227679","error":""},"_links":{"self":[{"href":"https:\/\/www.europesays.com\/no\/wp-json\/wp\/v2\/posts\/314743","targetHints":{"allow":["GET"]}}],"collection":[{"href":"https:\/\/www.europesays.com\/no\/wp-json\/wp\/v2\/posts"}],"about":[{"href":"https:\/\/www.europesays.com\/no\/wp-json\/wp\/v2\/types\/post"}],"author":[{"embeddable":true,"href":"https:\/\/www.europesays.com\/no\/wp-json\/wp\/v2\/users\/2"}],"replies":[{"embeddable":true,"href":"https:\/\/www.europesays.com\/no\/wp-json\/wp\/v2\/comments?post=314743"}],"version-history":[{"count":0,"href":"https:\/\/www.europesays.com\/no\/wp-json\/wp\/v2\/posts\/314743\/revisions"}],"wp:featuredmedia":[{"embeddable":true,"href":"https:\/\/www.europesays.com\/no\/wp-json\/wp\/v2\/media\/314744"}],"wp:attachment":[{"href":"https:\/\/www.europesays.com\/no\/wp-json\/wp\/v2\/media?parent=314743"}],"wp:term":[{"taxonomy":"category","embeddable":true,"href":"https:\/\/www.europesays.com\/no\/wp-json\/wp\/v2\/categories?post=314743"},{"taxonomy":"post_tag","embeddable":true,"href":"https:\/\/www.europesays.com\/no\/wp-json\/wp\/v2\/tags?post=314743"}],"curies":[{"name":"wp","href":"https:\/\/api.w.org\/{rel}","templated":true}]}}