{"id":31518,"date":"2025-09-10T10:21:09","date_gmt":"2025-09-10T10:21:09","guid":{"rendered":"https:\/\/www.europesays.com\/no\/31518\/"},"modified":"2025-09-10T10:21:09","modified_gmt":"2025-09-10T10:21:09","slug":"andenes-trafikkulykke-anton-20-og-jorn-albin-21-omkom-i-trafikkulykken-pa-andenes-i-helga","status":"publish","type":"post","link":"https:\/\/www.europesays.com\/no\/31518\/","title":{"rendered":"Andenes, Trafikkulykke | Anton (20) og J\u00f8rn-Albin (21) omkom i trafikkulykken p\u00e5 Andenes i helga"},"content":{"rendered":"\n<p>Det er Nordland politidistrikt som onsdag morgen melder at navnene p\u00e5 de to omkomne i trafikkulykken p\u00e5 Andenes natt til s\u00f8ndag 7. september er frigitt.<\/p>\n<p>Det var J\u00f8rn-Albin Flaten Rydland (21) og Anton Paulsen (20) som omkom i ulykken. Begge to var hjemmeh\u00f8rende p\u00e5 And\u00f8ya.<\/p>\n<p>Navnet frigis i samr\u00e5d med p\u00e5r\u00f8rende.<\/p>\n<p>  <a href=\"https:\/\/www.ranablad.no\/5-42-1497127\" class=\"related-teaser default-story-teaser article--c-eRUmMG article--c-eRUmMG-jKCPdD-design-default article--c-eRUmMG-kpKLOW-cv\" rel=\"nofollow noopener\" target=\"_blank\"><\/p>\n<p>\n            Les ogs\u00e5<\/p>\n<p>              To personer omkom i alvorlig trafikkulykke p\u00e5 And\u00f8ya\n        <\/p>\n<p>  <\/a><\/p>\n<p>Les mer om: artikkelemnene<\/p>\n","protected":false},"excerpt":{"rendered":"Det er Nordland politidistrikt som onsdag morgen melder at navnene p\u00e5 de to omkomne i trafikkulykken p\u00e5 Andenes&hellip;\n","protected":false},"author":2,"featured_media":31519,"comment_status":"","ping_status":"","sticky":false,"template":"","format":"standard","meta":{"footnotes":""},"categories":[10],"tags":[5002,36,20,21,753,24,25,15,22,23,13,30,28,29,14,16,1510,26,27,666],"class_list":{"0":"post-31518","1":"post","2":"type-post","3":"status-publish","4":"format-standard","5":"has-post-thumbnail","7":"category-norge","8":"tag-andenes","9":"tag-art","10":"tag-breaking-news","11":"tag-breakingnews","12":"tag-dodsulykke","13":"tag-featured-news","14":"tag-featurednews","15":"tag-headlines","16":"tag-latest-news","17":"tag-latestnews","18":"tag-news","19":"tag-no","20":"tag-norge","21":"tag-norway","22":"tag-nyheter","23":"tag-overskrifter","24":"tag-story","25":"tag-top-stories","26":"tag-topstories","27":"tag-trafikkulykke"},"share_on_mastodon":{"url":"","error":""},"_links":{"self":[{"href":"https:\/\/www.europesays.com\/no\/wp-json\/wp\/v2\/posts\/31518","targetHints":{"allow":["GET"]}}],"collection":[{"href":"https:\/\/www.europesays.com\/no\/wp-json\/wp\/v2\/posts"}],"about":[{"href":"https:\/\/www.europesays.com\/no\/wp-json\/wp\/v2\/types\/post"}],"author":[{"embeddable":true,"href":"https:\/\/www.europesays.com\/no\/wp-json\/wp\/v2\/users\/2"}],"replies":[{"embeddable":true,"href":"https:\/\/www.europesays.com\/no\/wp-json\/wp\/v2\/comments?post=31518"}],"version-history":[{"count":0,"href":"https:\/\/www.europesays.com\/no\/wp-json\/wp\/v2\/posts\/31518\/revisions"}],"wp:featuredmedia":[{"embeddable":true,"href":"https:\/\/www.europesays.com\/no\/wp-json\/wp\/v2\/media\/31519"}],"wp:attachment":[{"href":"https:\/\/www.europesays.com\/no\/wp-json\/wp\/v2\/media?parent=31518"}],"wp:term":[{"taxonomy":"category","embeddable":true,"href":"https:\/\/www.europesays.com\/no\/wp-json\/wp\/v2\/categories?post=31518"},{"taxonomy":"post_tag","embeddable":true,"href":"https:\/\/www.europesays.com\/no\/wp-json\/wp\/v2\/tags?post=31518"}],"curies":[{"name":"wp","href":"https:\/\/api.w.org\/{rel}","templated":true}]}}