{"id":31520,"date":"2025-09-10T10:23:40","date_gmt":"2025-09-10T10:23:40","guid":{"rendered":"https:\/\/www.europesays.com\/no\/31520\/"},"modified":"2025-09-10T10:23:40","modified_gmt":"2025-09-10T10:23:40","slug":"sport-sunndal-andrine-hegerberg-har-blitt-mamma","status":"publish","type":"post","link":"https:\/\/www.europesays.com\/no\/31520\/","title":{"rendered":"Sport, Sunndal | Andrine Hegerberg har blitt mamma"},"content":{"rendered":"\n<p>Andrine Hegerberg og NRK-profilen Markus Neby har blitt foreldre for f\u00f8rste gang. <\/p>\n<p> Det kommer fram i et <a href=\"https:\/\/www.instagram.com\/p\/DOZBbSrjWQU\/?utm_source=ig_web_copy_link&amp;igsh=MWl0d2p3N2c5Zmtoag==\" rel=\"nofollow noopener\" target=\"_blank\">Instagram-innlegg<\/a> fra Neby, hvor paret er avbildet med en barnevogn og tidligere fotballspiller John Arne Riise i forbindelse mot VM-kvalifiseringskampen mot Moldova p\u00e5 Ullevaal stadion. <\/p>\n<p>\u00ab19. august utvida vi familien.\u00bb, skriver Neby. <\/p>\n<p>32-\u00e5ringen fra Sunndals\u00f8ra offentliggjorde p\u00e5 Instagram i mai at paret ventet et barn i august. Hun avsluttet karrieren i Brann og la opp etter forrige sesong. Hun spilte for en rekke klubber i l\u00f8pet av karrieren. <\/p>\n<p>Andrine Hegerbergs samboer Neby har v\u00e6rt tilknyttet NRK i en \u00e5rrekke og har hatt ulike roller i statskanalen.<\/p>\n<p>(\u00a9NTB)<\/p>\n<p>Les mer om: artikkelemnene<\/p>\n<p>    <script async src=\"\/\/www.instagram.com\/embed.js\"><\/script><\/p>\n","protected":false},"excerpt":{"rendered":"Andrine Hegerberg og NRK-profilen Markus Neby har blitt foreldre for f\u00f8rste gang. Det kommer fram i et Instagram-innlegg&hellip;\n","protected":false},"author":2,"featured_media":31521,"comment_status":"","ping_status":"","sticky":false,"template":"","format":"standard","meta":{"footnotes":""},"categories":[59],"tags":[36,525,92,30,28,29,83,82,1510,5032],"class_list":{"0":"post-31520","1":"post","2":"type-post","3":"status-publish","4":"format-standard","5":"has-post-thumbnail","7":"category-sport","8":"tag-art","9":"tag-familie","10":"tag-fotball","11":"tag-no","12":"tag-norge","13":"tag-norway","14":"tag-sport","15":"tag-sports","16":"tag-story","17":"tag-sunndal"},"share_on_mastodon":{"url":"","error":""},"_links":{"self":[{"href":"https:\/\/www.europesays.com\/no\/wp-json\/wp\/v2\/posts\/31520","targetHints":{"allow":["GET"]}}],"collection":[{"href":"https:\/\/www.europesays.com\/no\/wp-json\/wp\/v2\/posts"}],"about":[{"href":"https:\/\/www.europesays.com\/no\/wp-json\/wp\/v2\/types\/post"}],"author":[{"embeddable":true,"href":"https:\/\/www.europesays.com\/no\/wp-json\/wp\/v2\/users\/2"}],"replies":[{"embeddable":true,"href":"https:\/\/www.europesays.com\/no\/wp-json\/wp\/v2\/comments?post=31520"}],"version-history":[{"count":0,"href":"https:\/\/www.europesays.com\/no\/wp-json\/wp\/v2\/posts\/31520\/revisions"}],"wp:featuredmedia":[{"embeddable":true,"href":"https:\/\/www.europesays.com\/no\/wp-json\/wp\/v2\/media\/31521"}],"wp:attachment":[{"href":"https:\/\/www.europesays.com\/no\/wp-json\/wp\/v2\/media?parent=31520"}],"wp:term":[{"taxonomy":"category","embeddable":true,"href":"https:\/\/www.europesays.com\/no\/wp-json\/wp\/v2\/categories?post=31520"},{"taxonomy":"post_tag","embeddable":true,"href":"https:\/\/www.europesays.com\/no\/wp-json\/wp\/v2\/tags?post=31520"}],"curies":[{"name":"wp","href":"https:\/\/api.w.org\/{rel}","templated":true}]}}