{"id":315323,"date":"2026-08-07T11:49:08","date_gmt":"2026-08-07T11:49:08","guid":{"rendered":"https:\/\/www.europesays.com\/no\/315323\/"},"modified":"2026-08-07T11:49:08","modified_gmt":"2026-08-07T11:49:08","slug":"politikk-vestland-dette-er-den-nye-statsforvaltaren","status":"publish","type":"post","link":"https:\/\/www.europesays.com\/no\/315323\/","title":{"rendered":"Politikk, Vestland | Dette er den nye statsforvaltaren"},"content":{"rendered":"\n<p>Det skriv <a href=\"https:\/\/www.nrk.no\/vestland\/hege-ase-solbakken-blir-ny-statsforvalter-i-vestland-1.17982039\" rel=\"Follow nofollow noopener\" target=\"_blank\">NRK<\/a> fredag f\u00f8remiddag.<\/p>\n<p>Solbakken er utnemnt til ny statsforvaltar i Vestland for ein periode p\u00e5 seks \u00e5r. Det bestemte Kongen i statsr\u00e5d fredag.<\/p>\n<p>Solbakken er tidlegare politikar for Senterpartiet. Ho har vore statssekret\u00e6r i fleire departement, og sat i bystyret i Bergen fram til 2023.<\/p>\n<p><b>Ho tiltrer fr\u00e5 det tidspunktet Digitaliserings- og forvaltningsdepartementet bestemmer. <\/b><\/p>\n","protected":false},"excerpt":{"rendered":"Det skriv NRK fredag f\u00f8remiddag. Solbakken er utnemnt til ny statsforvaltar i Vestland for ein periode p\u00e5 seks&hellip;\n","protected":false},"author":2,"featured_media":315324,"comment_status":"","ping_status":"","sticky":false,"template":"","format":"standard","meta":{"footnotes":"","_share_on_mastodon":"0"},"categories":[10],"tags":[36,20,21,24,25,15,22,23,13,30,28,29,14,16,41,25246,1510,26,27,1582],"class_list":["post-315323","post","type-post","status-publish","format-standard","has-post-thumbnail","category-norge","tag-art","tag-breaking-news","tag-breakingnews","tag-featured-news","tag-featurednews","tag-headlines","tag-latest-news","tag-latestnews","tag-news","tag-no","tag-norge","tag-norway","tag-nyheter","tag-overskrifter","tag-politikk","tag-statsforvaltar","tag-story","tag-top-stories","tag-topstories","tag-vestland"],"share_on_mastodon":{"url":"https:\/\/pubeurope.com\/@no\/117054076680378462","error":""},"_links":{"self":[{"href":"https:\/\/www.europesays.com\/no\/wp-json\/wp\/v2\/posts\/315323","targetHints":{"allow":["GET"]}}],"collection":[{"href":"https:\/\/www.europesays.com\/no\/wp-json\/wp\/v2\/posts"}],"about":[{"href":"https:\/\/www.europesays.com\/no\/wp-json\/wp\/v2\/types\/post"}],"author":[{"embeddable":true,"href":"https:\/\/www.europesays.com\/no\/wp-json\/wp\/v2\/users\/2"}],"replies":[{"embeddable":true,"href":"https:\/\/www.europesays.com\/no\/wp-json\/wp\/v2\/comments?post=315323"}],"version-history":[{"count":0,"href":"https:\/\/www.europesays.com\/no\/wp-json\/wp\/v2\/posts\/315323\/revisions"}],"wp:featuredmedia":[{"embeddable":true,"href":"https:\/\/www.europesays.com\/no\/wp-json\/wp\/v2\/media\/315324"}],"wp:attachment":[{"href":"https:\/\/www.europesays.com\/no\/wp-json\/wp\/v2\/media?parent=315323"}],"wp:term":[{"taxonomy":"category","embeddable":true,"href":"https:\/\/www.europesays.com\/no\/wp-json\/wp\/v2\/categories?post=315323"},{"taxonomy":"post_tag","embeddable":true,"href":"https:\/\/www.europesays.com\/no\/wp-json\/wp\/v2\/tags?post=315323"}],"curies":[{"name":"wp","href":"https:\/\/api.w.org\/{rel}","templated":true}]}}