{"id":31545,"date":"2025-09-10T11:01:54","date_gmt":"2025-09-10T11:01:54","guid":{"rendered":"https:\/\/www.europesays.com\/no\/31545\/"},"modified":"2025-09-10T11:01:54","modified_gmt":"2025-09-10T11:01:54","slug":"tom-phillips-skjulte-barna-i-arevis-i-new-zealand","status":"publish","type":"post","link":"https:\/\/www.europesays.com\/no\/31545\/","title":{"rendered":"Tom Phillips: Skjulte Barna i \u00c5revis i New Zealand"},"content":{"rendered":"<p class=\"kicker text-red color_mobile_text-red\" style=\"\">New Zealand:\u00a0<\/p>\n<p>  Tette busker, v\u00e5penlagre og gjemte firehjulinger. Her holdt han sine tre barn skjult i \u00e5revis.<\/p>\n<p>\n    GJEMT: I 2021 tok Tom Phillips sine tre barn etter \u00e5 ha mistet foreldreretten. Siden har ingen klart \u00e5 finne dem. Denne uken ble Phillips skutt og drept i en skuddveksling med politiet, og barna hans ble funnet i en tett skog i Waikato-regionen.Foto: NEW ZEALAND POLICE \/ AFP \/ NTB\n  <\/p>\n<p>Politiet i New Zealand har offentliggjort de f\u00f8rste bildene av det de mener er ett av flere skjulesteder hvor Tom Phillips holdt sine tre barn skjult i \u00e5revis.\u00a0<\/p>\n<p>If\u00f8lge <a href=\"https:\/\/www.bbc.com\/news\/articles\/cj4y9ev2rw4o\" rel=\"nofollow noopener\" target=\"_blank\">BBC<\/a> ble barna funnet med hjelp fra det tredje barnet, som befant seg sammen med Phillips da han d\u00f8de.\u00a0<\/p>\n<p>Alle tre barna overlevde, og har det bra etter forholdene, if\u00f8lge polititet.<\/p>\n<p>    <a itemprop=\"url\" href=\"https:\/\/sol.no\/nyheter\/19-aring-tok-sitt-eget-liv-sersjant-innrommer-overgrep\/83563829\" rel=\"nofollow noopener\" target=\"_blank\"><\/p>\n<p>      <img loading=\"lazy\" decoding=\"async\" src=\"https:\/\/www.europesays.com\/no\/wp-content\/uploads\/2025\/09\/83563981.webp\" width=\"980\" height=\"441\" title=\"19-\u00e5ring tok sitt eget liv - sersjant innr\u00f8mmer overgrep\" alt=\"\" class=\"lazyload\" style=\"--aspect-ratio-image: 2.22; \"\/><\/p>\n<p>        19-\u00e5ring tok sitt eget liv &#8211; sersjant innr\u00f8mmer overgrep<\/p>\n<p>sol.no<\/p>\n<p>    <\/a><\/p>\n<p>Forsvant i 2021\t<\/p>\n<p>Tom Phillips forsvant med barna rett f\u00f8r jul i 2021. Den gang var barna henholdsvis \u00e5tte, sju og fem \u00e5r gamle.\u00a0<\/p>\n<p>Politiet mener han tok dem med seg etter \u00e5 ha tapt foreldreomsorgen i en rettstvist.<\/p>\n<p>\u2013 Han tok ingen hensyn til barnas sikkerhet og utsatte dem for direkte fare, sa politisjef Richard Chambers p\u00e5 en pressekonferanse tirsdag.<\/p>\n<p>          <img loading=\"lazy\" decoding=\"async\" src=\"https:\/\/www.europesays.com\/no\/wp-content\/uploads\/2025\/09\/83567025.webp\" width=\"980\" height=\"559\" title=\"Her skal Tom Phillips ha gjemt seg med sine tre barn. Foto: NEW ZEALAND POLICE \/ AFP \/ NTB\" alt=\"\" class=\"\" style=\"--aspect-ratio-image: 1.75; \"\/><\/p>\n<p>\n          Her skal Tom Phillips ha gjemt seg med sine tre barn. Foto: NEW ZEALAND POLICE \/ AFP \/ NTB\n      <\/p>\n<p>P\u00e5 bildene som n\u00e5 er publisert, vises blant annet to terrengkj\u00f8ret\u00f8y parkert under tett skog\u00a0i Waikato-regionen. I leiren ble det ogs\u00e5 funnet et lager av skytev\u00e5pen og ammunisjon.<\/p>\n<p>Letingen etter de to savnede barna hadde p\u00e5g\u00e5tt i nesten tolv timer da de ble funnet.\u00a0<\/p>\n<p>    <a itemprop=\"url\" href=\"https:\/\/sol.no\/nyheter\/fikk-sjokkbeskjed-hos-veterinaeren-ingen-tror-meg\/83540682\" rel=\"nofollow noopener\" target=\"_blank\"><\/p>\n<p>      <img loading=\"lazy\" decoding=\"async\" src=\"https:\/\/www.europesays.com\/no\/wp-content\/uploads\/2025\/09\/1757502112_145_83541171.webp\" width=\"980\" height=\"441\" title=\"Fikk sjokkbeskjed hos veterin\u00e6ren: - Ingen tror meg\" alt=\"\" class=\"lazyload\" style=\"--aspect-ratio-image: 2.22; \"\/><\/p>\n<p>        Fikk sjokkbeskjed hos veterin\u00e6ren: &#8211; Ingen tror meg<\/p>\n<p>sol.no<\/p>\n<p>    <\/a><\/p>\n<p>D\u00f8de i skuddveksling\t<\/p>\n<p>Tidlig mandag morgen rykket politiet ut etter melding om innbruddsfors\u00f8k i en landbruksbutikk i sm\u00e5byen Piopio.\u00a0<\/p>\n<p>Der kom de i skuddveksling med Phillips, som skj\u00f8t mot en politibetjent med et kraftig gev\u00e6r. Betjenten ble alvorlig skadet, og politiet mener at Phillips fors\u00f8kte \u00e5 drepe ham.<\/p>\n<p>          <img loading=\"lazy\" decoding=\"async\" src=\"https:\/\/www.europesays.com\/no\/wp-content\/uploads\/2025\/09\/83567021.webp\" width=\"980\" height=\"559\" title=\"Et overv\u00e5kningskamera skal ha fanget det politiet mener er To Phillips og et av barna hans 27. august. Foto: NEW ZEALAND POLICE \/ AFP \/ NTB\" alt=\"\" class=\"\" style=\"--aspect-ratio-image: 1.75; \"\/><\/p>\n<p>\n          Et overv\u00e5kningskamera skal ha fanget det politiet mener er To Phillips og et av barna hans 27. august. Foto: NEW ZEALAND POLICE \/ AFP \/ NTB\n      <\/p>\n<p>\u2013 Den skadde politimannen har v\u00e6rt gjennom flere operasjoner, men har fortsatt en lang vei \u00e5 g\u00e5, sa politisjefen.<\/p>\n<p>&#8211; Opplevd ting som barn ikke skal oppleve\u00a0\t<\/p>\n<p>Barna er n\u00e5 under barnevernets omsorg. Politiet \u00f8nsker ikke \u00e5 kommentere om barnas mor eller andre familiemedlemmer er i kontakt med dem.<\/p>\n<p>\u2013 V\u00e5rt viktigste fokus er \u00e5 sikre at barna blir godt ivaretatt og at det finnes en n\u00f8ye plan for hvem som involveres, og n\u00e5r, sa politiminister Mark Mitchell og la til:<\/p>\n<p>          <img loading=\"lazy\" decoding=\"async\" src=\"https:\/\/www.europesays.com\/no\/wp-content\/uploads\/2025\/09\/83567030.webp\" width=\"686\" height=\"392\" title=\"Et overv\u00e5kningskamera skal ha fanget det politiet mener er To Phillips og et av barna hans 27. august. Foto: NEW ZEALAND POLICE \/ AFP \/ NTB\" alt=\"\" class=\"\" style=\"--aspect-ratio-image: 1.75; \"\/><\/p>\n<p>\n          Et overv\u00e5kningskamera skal ha fanget det politiet mener er To Phillips og et av barna hans 27. august. Foto: NEW ZEALAND POLICE \/ AFP \/ NTB\n      <\/p>\n<p>\u2013 De har sett og opplevd ting som barn i v\u00e5rt land ikke skal m\u00e5tte oppleve.<\/p>\n<p>Warwick Morehu fra barnevernet i New Zealand sier at \u00abbarna vil f\u00e5 all den hjelpen og st\u00f8tte de trenger, s\u00e5 lenge de trenger det\u00bb.\u00a0<\/p>\n<p>Barnas mor uttrykte mandag lettelse over at \u00abmarerittet endelig er over\u00bb, if\u00f8lge RNZ, og at hun har savnet barna \u00abhver dag i nesten fire \u00e5r\u00bb.\u00a0<\/p>\n<p>Se overv\u00e5kningsvideoen her:\u00a0\t<\/p>\n","protected":false},"excerpt":{"rendered":"New Zealand:\u00a0 Tette busker, v\u00e5penlagre og gjemte firehjulinger. Her holdt han sine tre barn skjult i \u00e5revis. GJEMT:&hellip;\n","protected":false},"author":2,"featured_media":31546,"comment_status":"","ping_status":"","sticky":false,"template":"","format":"standard","meta":{"footnotes":""},"categories":[12],"tags":[20,21,24,25,4975,15,4231,22,23,724,3446,13,30,28,29,14,16,26,27,42,43,44,45],"class_list":{"0":"post-31545","1":"post","2":"type-post","3":"status-publish","4":"format-standard","5":"has-post-thumbnail","7":"category-verden","8":"tag-breaking-news","9":"tag-breakingnews","10":"tag-featured-news","11":"tag-featurednews","12":"tag-forsvinning","13":"tag-headlines","14":"tag-kidnapping","15":"tag-latest-news","16":"tag-latestnews","17":"tag-livsstil","18":"tag-new-zealand","19":"tag-news","20":"tag-no","21":"tag-norge","22":"tag-norway","23":"tag-nyheter","24":"tag-overskrifter","25":"tag-top-stories","26":"tag-topstories","27":"tag-verden","28":"tag-world","29":"tag-world-news","30":"tag-worldnews"},"share_on_mastodon":{"url":"","error":""},"_links":{"self":[{"href":"https:\/\/www.europesays.com\/no\/wp-json\/wp\/v2\/posts\/31545","targetHints":{"allow":["GET"]}}],"collection":[{"href":"https:\/\/www.europesays.com\/no\/wp-json\/wp\/v2\/posts"}],"about":[{"href":"https:\/\/www.europesays.com\/no\/wp-json\/wp\/v2\/types\/post"}],"author":[{"embeddable":true,"href":"https:\/\/www.europesays.com\/no\/wp-json\/wp\/v2\/users\/2"}],"replies":[{"embeddable":true,"href":"https:\/\/www.europesays.com\/no\/wp-json\/wp\/v2\/comments?post=31545"}],"version-history":[{"count":0,"href":"https:\/\/www.europesays.com\/no\/wp-json\/wp\/v2\/posts\/31545\/revisions"}],"wp:featuredmedia":[{"embeddable":true,"href":"https:\/\/www.europesays.com\/no\/wp-json\/wp\/v2\/media\/31546"}],"wp:attachment":[{"href":"https:\/\/www.europesays.com\/no\/wp-json\/wp\/v2\/media?parent=31545"}],"wp:term":[{"taxonomy":"category","embeddable":true,"href":"https:\/\/www.europesays.com\/no\/wp-json\/wp\/v2\/categories?post=31545"},{"taxonomy":"post_tag","embeddable":true,"href":"https:\/\/www.europesays.com\/no\/wp-json\/wp\/v2\/tags?post=31545"}],"curies":[{"name":"wp","href":"https:\/\/api.w.org\/{rel}","templated":true}]}}