{"id":31557,"date":"2025-09-10T11:16:12","date_gmt":"2025-09-10T11:16:12","guid":{"rendered":"https:\/\/www.europesays.com\/no\/31557\/"},"modified":"2025-09-10T11:16:12","modified_gmt":"2025-09-10T11:16:12","slug":"har-na-avgitt-en-skriftlig-fri-forklaring","status":"publish","type":"post","link":"https:\/\/www.europesays.com\/no\/31557\/","title":{"rendered":"\u00abHar n\u00e5 avgitt en skriftlig fri forklaring\u00bb"},"content":{"rendered":"\n<p class=\"_lead_ew2ao_2 _lead_xtcu6_50 layout-component text-serif-m layout-normal text-serif-l layout-component layout-wide layout-padded _wide_17hqh_1 layout-padded\">Drapssiktede Stig Millehaugen skriver i et brev at han har inng\u00e5tt et samarbeid med p\u00e5talemyndigheten for \u00e5 belyse saken. <\/p>\n<p><img alt=\"Stig Millehaugen er siktet for drapet p\u00e5 Nokas-raneren Metkel Betew. Dette bildet er tatt i 2023. Foto: Ole Berg-Rusten \/ NTB\" class=\"_image_qp4xg_65 layout-component layout-wide\" data-fullscreen- data-track-element-type=\"Article image fullscreen\" data-track-name=\"ImageFullscreen\" fetchpriority=\"high\" decoding=\"sync\" loading=\"eager\" height=\"5078\" itemprop=\"image\"  src=\"https:\/\/www.europesays.com\/no\/wp-content\/uploads\/2025\/09\/30c56d14-8416-4590-b2b0-d6f7269230d1\"  style=\"object-position:0% 0%\" width=\"7049\"\/>Stig Millehaugen er siktet for drapet p\u00e5 Nokas-raneren Metkel Betew. Dette bildet er tatt i 2023. Foto: Ole Berg-Rusten \/ NTB<\/p>\n<ul aria-hidden=\"true\" class=\"_images_1y6fe_106\">\n<li><a class=\"_link_1y6fe_111\" href=\"https:\/\/www.vg.no\/forfatter\/marianne-vikaas\" style=\"z-index:2\" title=\"Marianne Vik\u00e5s\" rel=\"nofollow noopener\" target=\"_blank\"><img alt=\"Bilde av Marianne Vik\u00e5s\" class=\"_image_1y6fe_88\" fetchpriority=\"low\" loading=\"lazy\" decoding=\"async\" itemprop=\"image\"  src=\"https:\/\/www.europesays.com\/no\/wp-content\/uploads\/2025\/09\/1757502969_549_d2438f37-7bc3-4fbe-9541-5b99b45f89bc\"  width=\"480\"\/><\/a><\/li>\n<li><a class=\"_link_1y6fe_111\" href=\"https:\/\/www.vg.no\/forfatter\/morten-s-hopperstad\" style=\"z-index:1\" title=\"Morten S. Hopperstad\" rel=\"nofollow noopener\" target=\"_blank\"><img alt=\"Bilde av Morten S. Hopperstad\" class=\"_image_1y6fe_88\" fetchpriority=\"low\" loading=\"lazy\" decoding=\"async\" itemprop=\"image\"  src=\"https:\/\/www.europesays.com\/no\/wp-content\/uploads\/2025\/09\/1757502969_312_93d60eb2-0dd9-4446-a8b8-c143528ca129\"  width=\"480\"\/><\/a><\/li>\n<\/ul>\n<p> Oppdatert onsdag 10. september kl. 12:54     <\/p>\n<p class=\"_paragraph_ew2ao_4 _paragraph_xtcu6_10 layout-component text-serif-m layout-normal text-serif-m layout-padded\">\u00abDet er p\u00e5 denne sides oppfatning at siktelsen ikke vil resultere i en tiltalebeslutning, og skulle den likevel g\u00e5 til hovedforhandlinger vil det ende med full frifinnelse\u00bb, skriver Millehaugen i et brev i forbindelse med en refengsling tirsdag.<\/p>\n<p class=\"_paragraph_ew2ao_4 _paragraph_xtcu6_10 layout-component text-serif-m layout-normal text-serif-m layout-padded\">Brevet ble protokollf\u00f8rt, og samtidig vedlagt kjennelsen der han ble varetektsfengslet i fire nye uker. <\/p>\n<p class=\"_paragraph_ew2ao_4 _paragraph_xtcu6_10 layout-component text-serif-m layout-normal text-serif-m layout-padded\"><a href=\"https:\/\/www.vg.no\/tag\/stig-millehaugen?utm_source=vg-article&amp;utm_medium=auto-tagger&amp;utm_campaign=Gyp6lJ\" class=\"_link_ew2ao_39\" rel=\"nofollow noopener\" target=\"_blank\">Stig Millehaugen<\/a> ble avh\u00f8rt som vitne dagen etter <a href=\"https:\/\/www.vg.no\/nyheter\/i\/PpGrr5\/opplysninger-til-vg-nokas-raner-metkel-betew-skutt-og-drept\" data-track-element-type=\"Link\" data-track-id=\"link:PpGrr5\" class=\"_link_ew2ao_39\" rel=\"nofollow noopener\" target=\"_blank\">drapet p\u00e5 Metkel Betew<\/a> i p\u00e5sken. Som siktet han han tidligere nektet \u00e5 g\u00e5 i politiavh\u00f8r. <\/p>\n<p class=\"_paragraph_ew2ao_4 _paragraph_xtcu6_10 layout-component text-serif-m layout-normal text-serif-m layout-padded\">N\u00e5 har det skjedd en utvikling, if\u00f8lge brevet:<\/p>\n<p class=\"_paragraph_ew2ao_4 _paragraph_xtcu6_10 layout-component text-serif-m layout-normal text-serif-m layout-padded\">\u00abUndertegnede har ikke forholdt seg slik siktelsen beskriver og har n\u00e5 avgitt en skriftlig fri forklaring og har innledet et samarbeidet med p\u00e5talemyndigheten for \u00e5 belyse saken, bl.a. gjennom avh\u00f8r.\u00bb<\/p>\n<p class=\"_paragraph_ew2ao_4 _paragraph_xtcu6_10 layout-component text-serif-m layout-normal text-serif-m layout-padded\">I brevet hevder Millehaugen at \u00abdet n\u00e5 er flere nye momenter i saken som m\u00e5 unders\u00f8kes\u00bb. <\/p>\n<p class=\"_paragraph_ew2ao_4 _paragraph_xtcu6_10 layout-component text-serif-m layout-normal text-serif-m layout-padded\">Millehaugens forsvarer, Morten Furuholmen, sier at han ikke har kommentarer utover det som st\u00e5r i brevet. <\/p>\n<p><img decoding=\"async\" alt=\"Bilde av Morten Furuholmen\" class=\"_image_ygndg_42\" height=\"27\" itemprop=\"image\" loading=\"lazy\"  src=\"https:\/\/www.europesays.com\/no\/wp-content\/uploads\/2025\/09\/952ddd10-70c5-4498-a345-7d7f3a13cb1c\"  width=\"40\"\/><strong class=\"_name_ygndg_51 title-serif-xs\">Morten Furuholmen<\/strong><\/p>\n<p class=\"_paragraph_ew2ao_4 text-sans-m _description_ygndg_56\">Forsvarer<\/p>\n<p>\u2013 Han gir politiet informasjon<\/p>\n<p class=\"_paragraph_ew2ao_4 _paragraph_xtcu6_10 layout-component text-serif-m layout-normal text-serif-m layout-padded\">Politiadvokat Christian Hatlo bekrefter at Millehaugen har inng\u00e5tt et samarbeid med p\u00e5talemyndigheten.<\/p>\n<p class=\"_paragraph_ew2ao_4 _paragraph_xtcu6_10 layout-component text-serif-m layout-normal text-serif-m layout-padded\">\u2013 Det stemmer. Han har kommet med et skriv til oss \u2013 en skriftlig forklaring, men vi \u00f8nsker et vanlig avh\u00f8r. Det har han sagt at han er innstilt p\u00e5, og vi jobber med \u00e5 finne tidspunkt. Vi ser for oss at det kan skje om ikke altfor lenge.<\/p>\n<p><img decoding=\"async\" alt=\"Bilde av Christian Hatlo\" class=\"_image_ygndg_42\" height=\"27\" itemprop=\"image\" loading=\"lazy\"  src=\"https:\/\/www.europesays.com\/no\/wp-content\/uploads\/2025\/09\/d917487a-d560-4695-92a3-476c5edca3dc\"  width=\"40\"\/><strong class=\"_name_ygndg_51 title-serif-xs\">Christian Hatlo<\/strong><\/p>\n<p class=\"_paragraph_ew2ao_4 text-sans-m _description_ygndg_56\">Politiadvokat<\/p>\n<p class=\"_paragraph_ew2ao_4 _paragraph_xtcu6_10 layout-component text-serif-m layout-normal text-serif-m layout-padded\">Politiet mottok den skriftlige forklaringen relativt nylig.<\/p>\n<p class=\"_paragraph_ew2ao_4 _paragraph_xtcu6_10 layout-component text-serif-m layout-normal text-serif-m layout-padded\">\u2013 Hva kan du si om den skriftlige forklaringen?<\/p>\n<p class=\"_paragraph_ew2ao_4 _paragraph_xtcu6_10 layout-component text-serif-m layout-normal text-serif-m layout-padded\">\u2013 Jeg kan ikke g\u00e5 inn p\u00e5 det. Han erkjenner fortsatt ingenting, men han gir politiet informasjon som vi m\u00e5 etterg\u00e5. S\u00e5nn sett er det positivt at vi er i dialog.<\/p>\n<p class=\"_paragraph_ew2ao_4 _paragraph_xtcu6_10 layout-component text-serif-m layout-normal text-serif-m layout-padded\">Hatlo \u00f8nsker ikke \u00e5 kommentere hvordan politiet n\u00e5 jobber med denne informasjonen.<\/p>\n<p class=\"_paragraph_ew2ao_4 _paragraph_xtcu6_10 layout-component text-serif-m layout-normal text-serif-m layout-padded\">\u2013 Millehaugen skriver i brevet at det vil ende i full frifinnelse for ham. Har du noen kommentar til det?<\/p>\n<p class=\"_paragraph_ew2ao_4 _paragraph_xtcu6_10 layout-component text-serif-m layout-normal text-serif-m layout-padded\">\u2013 Nei, svarer Hatlo.<\/p>\n<p>\u00abMange uavklarte forhold\u00bb<\/p>\n<p class=\"_paragraph_ew2ao_4 _paragraph_xtcu6_10 layout-component text-serif-m layout-normal text-serif-m layout-padded\">I fengslingskjennelsen skriver tingretten at det fortsatt gjenst\u00e5r mye etterforskning i saken, blant annet gjennomgang av mobiltelefoner og andre beslag. <\/p>\n<p><img alt=\"Foto: Tore Kristiansen \/ VG\" class=\"_image_qp4xg_65 layout-component layout-normal\" data-fullscreen- data-track-element-type=\"Article image fullscreen\" data-track-name=\"ImageFullscreen\" decoding=\"async\" loading=\"lazy\" height=\"4000\" itemprop=\"image\"  src=\"https:\/\/www.europesays.com\/no\/wp-content\/uploads\/2025\/09\/d0d86538-313d-4cd4-8e57-dd09cfc5b371\"  style=\"object-position:0% 0%\" width=\"6000\"\/>Foto: Tore Kristiansen \/ VG<\/p>\n<p class=\"_paragraph_ew2ao_4 _paragraph_xtcu6_10 layout-component text-serif-m layout-normal text-serif-m layout-padded\">Retten viser ogs\u00e5 til at \u00abdet er fortsatt mange uavklarte forhold i saken, inkludert mulige medvirkende og oppdragsgivere\u00bb.<\/p>\n<p class=\"_paragraph_ew2ao_4 _paragraph_xtcu6_10 layout-component text-serif-m layout-normal text-serif-m layout-padded\">I kjennelsen kommer det frem at p\u00e5talemyndigheten \u00f8nsker \u00e5 holde Millehaugen i varetekt frem til hovedforhandling. <\/p>\n<p class=\"_paragraph_ew2ao_4 _paragraph_xtcu6_10 layout-component text-serif-m layout-normal text-serif-m layout-padded\">Det ble i august tatt h\u00f8yde for at etterforskningen av saken kan p\u00e5g\u00e5 i omkring et \u00e5r, men det vektlegges at tidsangivelsen er sv\u00e6rt usikker. <\/p>\n<p>Utelukker ikke flere p\u00e5gripelser<\/p>\n<p class=\"_paragraph_ew2ao_4 _paragraph_xtcu6_10 layout-component text-serif-m layout-normal text-serif-m layout-padded\">VG har nylig stilt flere sp\u00f8rsm\u00e5l om etterforskningen som Hatlo har besvart. Han sier at etterforskningen p\u00e5g\u00e5r for fullt. <\/p>\n<p class=\"_paragraph_ew2ao_4 _paragraph_xtcu6_10 layout-component text-serif-m layout-normal text-serif-m layout-padded\">\u2013 Vi foretar fortsatt vitneavh\u00f8r og innhenter informasjon og dokumentasjon, herunder kartlegging av siktedes bevegelser. Etterforskningen s\u00f8ker ogs\u00e5 \u00e5 avdekke et mulig motiv for drapet, og eventuelle medvirkere, skriver politiadvokaten i en e-post. <\/p>\n<p class=\"_paragraph_ew2ao_4 _paragraph_xtcu6_10 layout-component text-serif-m layout-normal text-serif-m layout-padded\">\u2013 Er det nye siktede i saken eller i tilknytning til saken?<\/p>\n<p class=\"_paragraph_ew2ao_4 _paragraph_xtcu6_10 layout-component text-serif-m layout-normal text-serif-m layout-padded\">\u2013 Politiet utelukker ikke flere p\u00e5gripelser knyttet til saken, svarer Hatlo.<\/p>\n<p class=\"_paragraph_ew2ao_4 _paragraph_xtcu6_10 layout-component text-serif-m layout-normal text-serif-m layout-padded\">Han sier at det ikke er endringer i mistankegrunnlaget mot Millehaugen. <\/p>\n<p>       <img decoding=\"async\" alt=\"Tips oss illustrasjon\" width=\"62px\" height=\"auto\" src=\"https:\/\/www.europesays.com\/no\/wp-content\/uploads\/2025\/08\/1754784428_95_W9avJzE.png\"\/>    <\/p>\n<p class=\"title-serif-s\">Har du tips til oss?<\/p>\n<p class=\"text-sans-m\">Send oss informasjon, bilder eller video<\/p>\n<p>  <a href=\"https:\/\/www.vg.no\/tips-oss\" rel=\"nofollow noopener\" target=\"_blank\"> Tips oss <\/a>      <\/p>\n","protected":false},"excerpt":{"rendered":"Drapssiktede Stig Millehaugen skriver i et brev at han har inng\u00e5tt et samarbeid med p\u00e5talemyndigheten for \u00e5 belyse&hellip;\n","protected":false},"author":2,"featured_media":31558,"comment_status":"","ping_status":"","sticky":false,"template":"","format":"standard","meta":{"footnotes":""},"categories":[10],"tags":[20,21,2320,5041,24,25,15,22,23,13,30,28,29,14,16,5040,26,27,3739],"class_list":{"0":"post-31557","1":"post","2":"type-post","3":"status-publish","4":"format-standard","5":"has-post-thumbnail","7":"category-norge","8":"tag-breaking-news","9":"tag-breakingnews","10":"tag-drap-i-norge","11":"tag-drapet-pa-metkel-betew","12":"tag-featured-news","13":"tag-featurednews","14":"tag-headlines","15":"tag-latest-news","16":"tag-latestnews","17":"tag-news","18":"tag-no","19":"tag-norge","20":"tag-norway","21":"tag-nyheter","22":"tag-overskrifter","23":"tag-stig-millehaugen","24":"tag-top-stories","25":"tag-topstories","26":"tag-vgkrimgruppa"},"share_on_mastodon":{"url":"","error":""},"_links":{"self":[{"href":"https:\/\/www.europesays.com\/no\/wp-json\/wp\/v2\/posts\/31557","targetHints":{"allow":["GET"]}}],"collection":[{"href":"https:\/\/www.europesays.com\/no\/wp-json\/wp\/v2\/posts"}],"about":[{"href":"https:\/\/www.europesays.com\/no\/wp-json\/wp\/v2\/types\/post"}],"author":[{"embeddable":true,"href":"https:\/\/www.europesays.com\/no\/wp-json\/wp\/v2\/users\/2"}],"replies":[{"embeddable":true,"href":"https:\/\/www.europesays.com\/no\/wp-json\/wp\/v2\/comments?post=31557"}],"version-history":[{"count":0,"href":"https:\/\/www.europesays.com\/no\/wp-json\/wp\/v2\/posts\/31557\/revisions"}],"wp:featuredmedia":[{"embeddable":true,"href":"https:\/\/www.europesays.com\/no\/wp-json\/wp\/v2\/media\/31558"}],"wp:attachment":[{"href":"https:\/\/www.europesays.com\/no\/wp-json\/wp\/v2\/media?parent=31557"}],"wp:term":[{"taxonomy":"category","embeddable":true,"href":"https:\/\/www.europesays.com\/no\/wp-json\/wp\/v2\/categories?post=31557"},{"taxonomy":"post_tag","embeddable":true,"href":"https:\/\/www.europesays.com\/no\/wp-json\/wp\/v2\/tags?post=31557"}],"curies":[{"name":"wp","href":"https:\/\/api.w.org\/{rel}","templated":true}]}}