{"id":31559,"date":"2025-09-10T11:18:08","date_gmt":"2025-09-10T11:18:08","guid":{"rendered":"https:\/\/www.europesays.com\/no\/31559\/"},"modified":"2025-09-10T11:18:08","modified_gmt":"2025-09-10T11:18:08","slug":"gamle-start-helter-motes-til-kamp-mange-av-disse-er-store-legender","status":"publish","type":"post","link":"https:\/\/www.europesays.com\/no\/31559\/","title":{"rendered":"Gamle Start-helter m\u00f8tes til kamp: \u2013 Mange av disse er store legender"},"content":{"rendered":"<p>\u2013 Jeg gleder meg kjempemye. Vi har jobbet med \u00e5 samle sammen to sterke lag. Det blir g\u00f8y \u00e5 treffe gamle kjente. Mange av disse er legender i klubben, sier Rolf Daniel Vikst\u00f8l.<\/p>\n<p>Han er selv en av klubbens tro tjenere. Vikst\u00f8l rakk \u00e5 notere seg for 227 tellende kamper for Start, f\u00f8r han la skoene p\u00e5 hylla i 2023. Siden har han v\u00e6rt styremedlem i klubben.<\/p>\n<p><strong>N\u00e5 har han sammen med de tidligere Start-spillerne Espen B\u00f8rufsen og Lars Martin Engedal samlet sammen en gjeng som skal spille showkamp n\u00e5r klubben 20. september feirer sitt 120 \u00e5rsjubileum p\u00e5 Sparebanken Norge Arena Kristiansand.<\/strong><\/p>\n<p><img decoding=\"async\" src=\"data:image\/gif;base64,R0lGODlhEAAJAIAAAP\/\/\/wAAACH5BAEAAAAALAAAAAAQAAkAAAIKhI+py+0Po5yUFQA7\" alt=\"\"\/><br \/>\n  Rolf Daniel Vikst\u00f8l er styremedlem i Start. Sammen med Espen B\u00f8rufsen og Lars Martin Engedal har han samlet sammen en gjeng som skal spille showkamp p\u00e5 Sparebanken Norge Arena Kristiansand 20. september.<br \/>\n  <strong>Foto:<\/strong> Kjartan Bjelland<\/p>\n<p>Da blir det nemlig \u00absuperl\u00f8rdag\u00bb. Starts kvinnelag f\u00e5r f\u00f8rst bes\u00f8k av Viking, f\u00f8r herrelaget tar imot Ranheim. Dagen avsluttes med en kamp mellom tidligere Start-helter.<\/p>\n<p><strong>\u2013 Lars Martin har hatt ansvaret med \u00e5 samle s\u00e5 mange som mulig av gjengen som tok s\u00f8lv i 2005, mens Espen og jeg har jobbet med \u00e5 hanke inn folk b\u00e5de fra enda lenger tilbake i tid og nyere tid. Vi har satt opp lister og kontaktet en hel haug av mennesker, sier Vikst\u00f8l.<\/strong><\/p>\n<p>\u2013 Hvem gleder du deg mest til \u00e5 se i aksjon?<\/p>\n<p>\u2013 Det g\u00e5r jo rykter om at Todi J\u00f3nsson kommer. S\u00e5 har vi jo Erik \u00abMyggen\u00bb Mykland, Espen Hoff, Daniel Aase, Fredrik Str\u00f8mstad, H\u00e5kon Opdal og mange andre spillere som har meldt at de er klare, svarer den tidligere forsvarsspilleren fra V\u00e5gsbygd.<\/p>\n<p>  Disse skal spille showkampen Vis mer \u2193 <\/p>\n<p>Espen B\u00f8rufsen, Rolf Daniel Vikst\u00f8l, Erik \u00abMyggen\u00bb Mykland, Henrik Robstad, Christer Kleiven, Lars Martin Engedal, Fredrik Str\u00f8mstad, Espen Hoff, Espen Johnsen, Bernt Birkeland, Daniel Aase, Kjetil Ruthford Pedersen, H\u00e5kon Opdal, Roger Risholt, Simon Larsen, Helge Bj\u00f8nsaas.<\/p>\n<p>PS! Lista kommer til \u00e5 oppdateres.<\/p>\n<p> Nordlie tilbake<\/p>\n<p>Det blir i utgangspunktet spilt to omganger p\u00e5 femten minutter hver. Forel\u00f8pig er det usikkert om det blir ni-mot-ni eller elleve-mot-elleve. Det som imidlertid er sikkert, er at Trond Pedersen og Tom Nordlie skal lede hvert sitt lag. F\u00f8rstnevnte var kaptein og vant gull med Start i 1978 og 1980, mens Nordlie ledet klubben til s\u00f8lv i Eliteserien i 2005.<\/p>\n<p><strong>\u2013 Det blir hyggelig \u00e5 treffe igjen gjengen. Det har jo g\u00e5tt 20 \u00e5r siden vi var samlet sist. Dette er gutter som har satt spor etter seg. Folk i Kristiansand prater jo enda om 2005-laget. Det var en treningsvillig, utviklingsorientert og fin gjeng, sier Nordlie.<\/strong><\/p>\n<p>\u2013 Hvordan tror du den fysiske formen p\u00e5 gutta er?<\/p>\n<p>\u2013 Det er lenge siden jeg s\u00e5 mange av dem. Jeg tipper Marius Johnsen og Steinar Pedersen er i form, men jeg er mer usikker p\u00e5 Fredrik Str\u00f8mstad. Bala Garba vet jeg at ikke er i form. Han st\u00e5r i sikkerhetskontrollen p\u00e5 flyplassen i Haugesund og kj\u00f8rer tilfeldig kontroll hver gang jeg g\u00e5r forbi, bare s\u00e5 han skal f\u00e5 pratet litt, svarer Nordlie og trekker p\u00e5 smileb\u00e5ndet.<\/p>\n<p>\u2013 Kommer vi til \u00e5 f\u00e5 se deg i hundre p\u00e5 sidelinja?<\/p>\n<p>\u2013 Jeg tror nok vi f\u00e5r se en annen versjon av meg. Vi f\u00e5r se hvor mye vinnerinstinkt det er igjen i gutta, men plutselig st\u00e5r man der og det er jevnt med minutter igjen. Da kommer det plutselig til \u00e5 bety noe \u00e5 vinne den showkampen, svarer den tidligere Start-treneren.<\/p>\n<p><img decoding=\"async\" src=\"data:image\/gif;base64,R0lGODlhEAAJAIAAAP\/\/\/wAAACH5BAEAAAAALAAAAAAQAAkAAAIKhI+py+0Po5yUFQA7\" alt=\"\"\/><br \/>\n  Tom Nordlie avbildet som Start-trener i 2005 sammen med Fredrik Str\u00f8mstad. Duoen skal m\u00f8tes igjen til showkamp 20. september.<br \/>\n  <strong>Foto:<\/strong> Tore-Andre Baardsen \/ F\u00e6drelandsvennen\u2013 Utrolig stas<\/p>\n<p>Espen B\u00f8rufsen, som i dag er leder for samfunnsansvar i Start, sier at han gleder seg stort til \u00e5 se igjen de gamle Start-heltene. Han skal selv spille for ett av lagene.<\/p>\n<p><strong>\u2013 Herremann som jeg gleder meg. Det kommer til \u00e5 bli en ordentlig Start-helg, med masse opplegg. Det blir g\u00f8y \u00e5 treffe gjengen igjen, sier han, og legger til:<\/strong><\/p>\n<p>\u2013 Etter kampen blir det en samling for gjengen sammen med klubben. Jeg gleder meg til \u00e5 treffe alle sammen. Det kommer til \u00e5 bli utrolig stas, sier den tidligere lynvingen.<\/p>\n","protected":false},"excerpt":{"rendered":"\u2013 Jeg gleder meg kjempemye. Vi har jobbet med \u00e5 samle sammen to sterke lag. Det blir g\u00f8y&hellip;\n","protected":false},"author":2,"featured_media":31560,"comment_status":"","ping_status":"","sticky":false,"template":"","format":"standard","meta":{"footnotes":""},"categories":[59],"tags":[5042,5043,303,30,28,29,83,82,3109],"class_list":{"0":"post-31559","1":"post","2":"type-post","3":"status-publish","4":"format-standard","5":"has-post-thumbnail","7":"category-sport","8":"tag-espen-borufsen","9":"tag-fredrik-stromstad","10":"tag-ik-start","11":"tag-no","12":"tag-norge","13":"tag-norway","14":"tag-sport","15":"tag-sports","16":"tag-tom-nordlie"},"share_on_mastodon":{"url":"","error":""},"_links":{"self":[{"href":"https:\/\/www.europesays.com\/no\/wp-json\/wp\/v2\/posts\/31559","targetHints":{"allow":["GET"]}}],"collection":[{"href":"https:\/\/www.europesays.com\/no\/wp-json\/wp\/v2\/posts"}],"about":[{"href":"https:\/\/www.europesays.com\/no\/wp-json\/wp\/v2\/types\/post"}],"author":[{"embeddable":true,"href":"https:\/\/www.europesays.com\/no\/wp-json\/wp\/v2\/users\/2"}],"replies":[{"embeddable":true,"href":"https:\/\/www.europesays.com\/no\/wp-json\/wp\/v2\/comments?post=31559"}],"version-history":[{"count":0,"href":"https:\/\/www.europesays.com\/no\/wp-json\/wp\/v2\/posts\/31559\/revisions"}],"wp:featuredmedia":[{"embeddable":true,"href":"https:\/\/www.europesays.com\/no\/wp-json\/wp\/v2\/media\/31560"}],"wp:attachment":[{"href":"https:\/\/www.europesays.com\/no\/wp-json\/wp\/v2\/media?parent=31559"}],"wp:term":[{"taxonomy":"category","embeddable":true,"href":"https:\/\/www.europesays.com\/no\/wp-json\/wp\/v2\/categories?post=31559"},{"taxonomy":"post_tag","embeddable":true,"href":"https:\/\/www.europesays.com\/no\/wp-json\/wp\/v2\/tags?post=31559"}],"curies":[{"name":"wp","href":"https:\/\/api.w.org\/{rel}","templated":true}]}}